{"id":1047,"date":"2020-02-08T03:08:43","date_gmt":"2020-02-07T23:08:43","guid":{"rendered":"http:\/\/fedai.az\/?p=1047"},"modified":"2020-02-08T03:08:47","modified_gmt":"2020-02-07T23:08:47","slug":"prezident-sarkisyan-az%c9%99rbaycan-neftind%c9%99n-pul-qazanirmi-video","status":"publish","type":"post","link":"https:\/\/fedai.az\/?p=1047","title":{"rendered":"Prezident Sarkisyan Az\u0259rbaycan neftind\u0259n pul qazan\u0131rm\u0131? &#8212; V\u0130DEO"},"content":{"rendered":"\n<p>Erm\u0259nistan prezidenti Armen Sarkisyan faktiki olaraq \u00f6lk\u0259 parlamentin\u0259 etiraz olaraq fevral\u0131n 6-da prezident art\u0131q Milli M\u0259clis t\u0259r\u0259find\u0259n q\u0259bul edilmi\u015f qanunlara d\u00fcz\u0259li\u015fl\u0259ri imzalamaqdan imtina etdi.<\/p>\n\n\n\n<p>Armen Sarkisyan iki qanuna edil\u0259n d\u00fcz\u0259li\u015fl\u0259rin konstitusiyaya uy\u011fun olmas\u0131na \u015f\u00fcbh\u0259 ed\u0259r\u0259k, bu m\u0259s\u0259l\u0259y\u0259 ayd\u0131nl\u0131q g\u0259tirm\u0259k \u00fc\u00e7\u00fcn Konstitusiya M\u0259hk\u0259m\u0259sin\u0259 m\u00fcraci\u0259t etdi.<\/p>\n\n\n\n<p>Bu add\u0131m, h\u0259m mill\u0259t v\u0259kill\u0259ri, h\u0259m d\u0259 b\u00fct\u00fcn c\u0259miyy\u0259t \u00fc\u00e7\u00fcn olduqca g\u00f6zl\u0259nilm\u0259z oldu.<\/p>\n\n\n\n<p>Fakt budur ki, \u00f6lk\u0259nin parlament idar\u0259etm\u0259 formas\u0131na ke\u00e7m\u0259sind\u0259n sonra prezident art\u0131q geni\u015f s\u0259lahiyy\u0259tl\u0259r\u0259 sahib deyil, d\u00f6vl\u0259t ba\u015f\u00e7\u0131s\u0131 indi ba\u015f nazirdir. Prezidentlik daha \u00e7ox t\u0259msil\u00e7ilik xarakteri da\u015f\u0131y\u0131r.<\/p>\n\n\n\n<p>P\u015finyan hakimiyy\u0259t\u0259 g\u0259l\u0259nd\u0259n Konstitusiya M\u0259hk\u0259m\u0259si il\u0259 d\u0259 probleml\u0259r ya\u015fay\u0131r v\u0259 bu problem Avopa \u015euras\u0131n\u0131n m\u00fczakir\u0259l\u0259rin\u0259 s\u0259b\u0259b olub. Bu add\u0131mdan d\u0259rhal sonra prezident A. Sarkisyan\u0131n A\u0259rbaycanla ba\u011fl\u0131 biznesi bar\u0259d\u0259 informasiyalar d\u00f6vr\u0259y\u0259 burax\u0131l\u0131b. \u0130nformasiyalar\u0131 diqq\u0259tiniz\u0259 \u00e7atd\u0131rma\u011f\u0131 Fedai.az olaraq diqq\u0259tiniz\u0259 \u00e7atd\u0131rma\u011f\u0131 \u00f6z\u00fcm\u00fcz\u0259 borc bildik.<\/p>\n\n\n\n<p> <strong>Eurasia Diary<\/strong>\u00a0 &#8212; nin yay\u0131nlad\u0131\u011f\u0131 bir m\u0259qal\u0259ni diqq\u0259tiniz\u0259 \u00e7atd\u0131r\u0131r\u0131q.<\/p>\n\n\n\n<p>&#8230;<strong>Fevral\u0131n 4-d\u0259 Erm\u0259nistandak\u0131 \u201cAdekvat\u201d c\u0259miyy\u0259ti Erm\u0259nistan prezidentinin iqam\u0259tgah\u0131 qar\u015f\u0131s\u0131nda etiraz aksiyas\u0131 ke\u00e7iribl\u0259r. Onlar iqam\u0259tgah\u0131n \u00f6n\u00fcn\u0259 neft \u00e7\u0259ll\u0259kl\u0259ri d\u00fcz\u00fcbl\u0259r. Etiraz\u00e7\u0131lar mitinqd\u0259n sonra prezident Armen Sarkisyana m\u0259ktub \u00fcnvanlay\u0131blar.<\/strong><\/p>\n\n\n\n<figure class=\"wp-block-image\"><a href=\"https:\/\/img.ednews.net\/news\/2020\/02\/photo_415550.jpg\"><img decoding=\"async\" src=\"https:\/\/img.ednews.net\/news\/2020\/02\/photo_415550.jpg\" alt=\"\"\/><\/a><\/figure>\n\n\n\n<p><strong>Eurasia Diary<\/strong>&nbsp;\u201cNews.am\u201d-a istinad\u0259n x\u0259b\u0259r verir ki, m\u0259ktub v\u0259 etiraz aksiyas\u0131 bar\u0259d\u0259 yerli m\u0259tbuata m\u0259lumat ver\u0259n, c\u0259miyy\u0259tin \u00fczvl\u0259rind\u0259n biri olan Artur Danielyan maraql\u0131 fikirl\u0259r s\u0259sl\u0259ndirib:<\/p>\n\n\n\n<p>\u201cM\u0259ktubda biz, Erm\u0259nistan prezidenti A.Sarkisyana biziml\u0259 g\u00f6r\u00fc\u015f\u00fcb, dialoq aparmas\u0131n\u0131 xahi\u015f etdik. Ondan \u201cBP\u201d (British petrolium) s\u0259hmdarl\u0131\u011f\u0131ndan \u00e7\u0131xma\u011f\u0131 v\u0259 Erm\u0259nistan prezidenti funksiyalar\u0131n\u0131 icra etm\u0259yi t\u0259l\u0259b edirik. Biz\u0259 maraql\u0131d\u0131r ki,<em><strong>&nbsp;bu adam Az\u0259rbaycandan qazand\u0131\u011f\u0131 pullardan imtina etm\u0259y\u0259 haz\u0131rd\u0131rm\u0131?\u201d<\/strong><\/em><\/p>\n\n\n\n<p>A.Danielyan\u0131n sonda verdiyi sual bizd\u0259 \u015fok effekti yaratd\u0131. Nec\u0259 y\u0259ni, Erm\u0259nistan\u0131n haz\u0131rk\u0131 prezidenti BP-nin s\u0259hmdar\u0131d\u0131r v\u0259 Az\u0259rbaycan neftind\u0259n g\u0259lir \u0259ld\u0259 edir? T\u0259bii ki, BP s\u0259hmdar\u0131 olmaq m\u00fctl\u0259q Az\u0259rbaycan neftind\u0259n pul qazanmaq anlam\u0131na g\u0259lmir, \u00e7\u00fcnki BP yaln\u0131z Az\u0259rbaycanda neft hasilat\u0131 il\u0259 m\u0259\u015f\u011ful olmur. Lakin aktivistin s\u0259sl\u0259ndirdiyi fikir, ist\u0259r-ist\u0259m\u0259z insan\u0131 d\u00fc\u015f\u00fcnd\u00fcr\u00fcr. \u00c7\u00fcnki, Erm\u0259nistan\u0131n haz\u0131rki prezidenti A.Sarkisyan vaxtil\u0259 BP-nin \u0259m\u0259kda\u015f\u0131 olub.<\/p>\n\n\n\n<p>Qeyd ed\u0259k ki,&nbsp;<em><strong>o, 2001-2013-c\u00fc ill\u0259rd\u0259 BP-nin ba\u015f m\u0259sl\u0259h\u0259t\u00e7isi v\u0259zif\u0259sini icra edib.<\/strong><\/em>&nbsp;H\u0259m\u00e7inin, A.Sarkisyan\u0131n B\u00f6y\u00fck Britaniya il\u0259 \u0259laq\u0259l\u0259ri sad\u0259c\u0259 BP s\u0259viyy\u0259sind\u0259 deyil. \u0130r\u0259van D\u00f6vl\u0259t Universitetinin m\u0259zunu olan A.Sarkisyan 1984-1985 v\u0259 1989-1991-ci ill\u0259r aras\u0131nda Kembri\u00e7 v\u0259 London Universitetl\u0259rind\u0259 elmi t\u0259dqiqat\u00e7\u0131 v\u0259 m\u00fc\u0259llim kimi \u00e7al\u0131\u015f\u0131b.<\/p>\n\n\n\n<p>1991-ci ild\u0259 Erm\u0259nistan m\u00fcst\u0259qilliyini \u0259ld\u0259 etdikd\u0259n sonra Q\u0259rbd\u0259ki ilk s\u0259firliyini B\u00f6y\u00fck Britaniyada a\u00e7\u0131r v\u0259 Erm\u0259nistan\u0131n ilk Britaniya s\u0259firi d\u0259 m\u0259hz A.Sarkisyan olur. Sarkisyan 1995-ci il\u0259 q\u0259d\u0259r s\u0259fir kimi \u00e7al\u0131\u015f\u0131r, sonra Erm\u0259nistan\u0131n Avropa \u0130ttifaq\u0131ndak\u0131 missiyas\u0131n\u0131n ba\u015f\u00e7\u0131s\u0131, 1996-ci ild\u0259 Erm\u0259nistan Ba\u015f Naziri v\u0259zif\u0259l\u0259rini icra edir. 1997-ci ild\u0259 Erm\u0259nistanda ba\u015f ver\u0259n Qaraba\u011f klan\u0131 \u00e7evrili\u015find\u0259n sonra is\u0259 Britaniyaya qay\u0131d\u0131r v\u0259 \u00f6z\u0259l sektorda \u00e7al\u0131\u015fma\u011fa ba\u015flay\u0131r. 2013-\u0259 q\u0259d\u0259r BP-d\u0259 ba\u015f m\u0259sl\u0259h\u0259t\u00e7i kimi \u00e7al\u0131\u015fan A. Sarkisyan eyni ild\u0259 yenid\u0259n Erm\u0259nistan\u0131n B\u00f6y\u00fck Britaniyadak\u0131 s\u0259firi t\u0259yin edilir.<\/p>\n\n\n\n<p>\u018flav\u0259 edim ki, Sarkisyan\u0131n iki o\u011flu var v\u0259 h\u0259r ikisi Britaniya v\u0259t\u0259nda\u015f\u0131d\u0131r.<\/p>\n\n\n\n<p>B\u00fct\u00fcn bu m\u0259lumatlardan sonra biri durub m\u0259n\u0259 A.Sarkisyan\u0131n BP-d\u0259 s\u0259hml\u0259rinin oldu\u011funu des\u0259, he\u00e7 t\u0259\u0259cc\u00fcbl\u0259nm\u0259r\u0259m. H\u0259tta bu s\u0259hml\u0259r \u201cBP-Az\u0259rbaycan\u201d-a aid olsa yen\u0259 t\u0259\u0259cc\u00fcbl\u0259nm\u0259r\u0259m&#8230;<\/p>\n\n\n\n<p>H\u0259m\u00e7inin bu iddia do\u011fru olsa bel\u0259 Sarkisyan Az\u0259rbaycan neftind\u0259n pul qazanan ilk erm\u0259ni deyil.<\/p>\n\n\n\n<p><em><strong>Qaraba\u011f m\u00fcharib\u0259si zaman\u0131 \u00f6lk\u0259mizin neftini, benzinini d\u0259y\u0259r-d\u0259ym\u0259zin\u0259 erm\u0259ni zabitl\u0259ri v\u0259 i\u015f adamlar\u0131na satanlar Sarkisyan kimi y\u00fczl\u0259rl\u0259 erm\u0259nini milyon\u00e7uya \u00e7evirmi\u015fdil\u0259r&#8230;<\/strong><\/em><\/p>\n\n\n\n<figure class=\"wp-block-embed-youtube wp-block-embed is-type-video is-provider-youtube wp-embed-aspect-16-9 wp-has-aspect-ratio\"><div class=\"wp-block-embed__wrapper\">\n<iframe loading=\"lazy\" title=\"\u00ab\u0531\u0564\u0565\u056f\u057e\u0561\u0564\u0568\u00bb \u0576\u0561\u057e\u0569\u056b \u057f\u0561\u056f\u0561\u057c\u0576\u0565\u0580 \u0567 \u057f\u0561\u0580\u0565\u056c \u0532\u0561\u0572\u0580\u0561\u0574\u0575\u0561\u0576 26\" width=\"715\" height=\"402\" src=\"https:\/\/www.youtube.com\/embed\/_IS9j49NdHQ?feature=oembed\" frameborder=\"0\" allow=\"accelerometer; autoplay; encrypted-media; gyroscope; picture-in-picture\" allowfullscreen><\/iframe>\n<\/div><\/figure>\n","protected":false},"excerpt":{"rendered":"<p>Erm\u0259nistan prezidenti Armen Sarkisyan faktiki olaraq \u00f6lk\u0259 parlamentin\u0259 etiraz olaraq fevral\u0131n 6-da prezident art\u0131q Milli M\u0259clis t\u0259r\u0259find\u0259n q\u0259bul edilmi\u015f qanunlara d\u00fcz\u0259li\u015fl\u0259ri imzalamaqdan imtina etdi.<\/p>\n","protected":false},"author":2,"featured_media":1048,"comment_status":"closed","ping_status":"closed","sticky":false,"template":"","format":"standard","meta":{"footnotes":""},"categories":[4],"tags":[],"class_list":["post-1047","post","type-post","status-publish","format-standard","has-post-thumbnail","hentry","category-qarabag"],"aioseo_notices":[],"_links":{"self":[{"href":"https:\/\/fedai.az\/index.php?rest_route=\/wp\/v2\/posts\/1047","targetHints":{"allow":["GET"]}}],"collection":[{"href":"https:\/\/fedai.az\/index.php?rest_route=\/wp\/v2\/posts"}],"about":[{"href":"https:\/\/fedai.az\/index.php?rest_route=\/wp\/v2\/types\/post"}],"author":[{"embeddable":true,"href":"https:\/\/fedai.az\/index.php?rest_route=\/wp\/v2\/users\/2"}],"replies":[{"embeddable":true,"href":"https:\/\/fedai.az\/index.php?rest_route=%2Fwp%2Fv2%2Fcomments&post=1047"}],"version-history":[{"count":1,"href":"https:\/\/fedai.az\/index.php?rest_route=\/wp\/v2\/posts\/1047\/revisions"}],"predecessor-version":[{"id":1049,"href":"https:\/\/fedai.az\/index.php?rest_route=\/wp\/v2\/posts\/1047\/revisions\/1049"}],"wp:featuredmedia":[{"embeddable":true,"href":"https:\/\/fedai.az\/index.php?rest_route=\/wp\/v2\/media\/1048"}],"wp:attachment":[{"href":"https:\/\/fedai.az\/index.php?rest_route=%2Fwp%2Fv2%2Fmedia&parent=1047"}],"wp:term":[{"taxonomy":"category","embeddable":true,"href":"https:\/\/fedai.az\/index.php?rest_route=%2Fwp%2Fv2%2Fcategories&post=1047"},{"taxonomy":"post_tag","embeddable":true,"href":"https:\/\/fedai.az\/index.php?rest_route=%2Fwp%2Fv2%2Ftags&post=1047"}],"curies":[{"name":"wp","href":"https:\/\/api.w.org\/{rel}","templated":true}]}}