{"id":10491,"date":"2020-07-19T05:52:35","date_gmt":"2020-07-19T01:52:35","guid":{"rendered":"http:\/\/fedai.az\/?p=10491"},"modified":"2020-07-19T05:52:50","modified_gmt":"2020-07-19T01:52:50","slug":"moskvada-sulh-qargasi-ir%c9%99vanda-rus-kop%c9%99yi-olur","status":"publish","type":"post","link":"https:\/\/fedai.az\/?p=10491","title":{"rendered":"Moskvada s\u00fclh qar\u011fas\u0131, \u0130r\u0259vanda rus k\u00f6p\u0259yi olur"},"content":{"rendered":"\n<p>Erm\u0259nistan h\u00f6kum\u0259tinin ba\u015f\u00e7\u0131s\u0131 Avrasiya H\u00f6kum\u0259tl\u0259raras\u0131 \u015euras\u0131n\u0131n bu g\u00fcn Minskd\u0259 ke\u00e7iril\u0259n iclas\u0131nda i\u015ftirak ed\u0259rk\u0259n deyib:<\/p>\n\n\n\n<p><br>&#171;<strong>M\u00fcnaqi\u015f\u0259nin g\u00fcc yolu il\u0259 h\u0259ll variant\u0131 m\u00f6vcud deyil v\u0259 b\u00fct\u00fcn b\u00f6lg\u0259 xalqlar\u0131n\u0131n maraqlar\u0131na cavab ver\u0259n s\u00fclh dan\u0131\u015f\u0131qlar\u0131na alternativ d\u0259 yoxdur&#187;.<\/strong><\/p>\n\n\n\n<figure class=\"wp-block-image size-large\"><img loading=\"lazy\" decoding=\"async\" width=\"720\" height=\"665\" src=\"http:\/\/fedai.az\/wp-content\/uploads\/2020\/07\/110126431_905432713275667_4740259539592086638_n-2.jpg\" alt=\"\" class=\"wp-image-10492\" srcset=\"https:\/\/fedai.az\/wp-content\/uploads\/2020\/07\/110126431_905432713275667_4740259539592086638_n-2.jpg 720w, https:\/\/fedai.az\/wp-content\/uploads\/2020\/07\/110126431_905432713275667_4740259539592086638_n-2-300x277.jpg 300w, https:\/\/fedai.az\/wp-content\/uploads\/2020\/07\/110126431_905432713275667_4740259539592086638_n-2-150x139.jpg 150w\" sizes=\"auto, (max-width: 720px) 100vw, 720px\" \/><\/figure>\n\n\n\n<p><br>Ba\u015f nazir Nikol Pa\u015finyan qay\u0131td\u0131qdan sonra m\u00fcharib\u0259 ritorikas\u0131n\u0131 yen\u0259 d\u0259 davam etdirib:<\/p>\n\n\n\n<p><br><strong>&#171;Erm\u0259nistan Respublikas\u0131 Silahl\u0131 Q\u00fcvv\u0259l\u0259ri son d\u0259r\u0259c\u0259 y\u00fcks\u0259k d\u00f6y\u00fc\u015f haz\u0131rl\u0131\u011f\u0131 n\u00fcmayi\u015f etdirdi, n\u0259inki Erm\u0259nistan s\u0259rh\u0259dl\u0259rinin toxunulmazl\u0131\u011f\u0131n\u0131 t\u0259min etdi, h\u0259m d\u0259 haz\u0131rk\u0131 Az\u0259rbaycan Prezidenti t\u0259r\u0259find\u0259n on bir yar\u0131m il \u0259rzind\u0259 Az\u0259rbaycan ordusunun d\u00f6y\u00fc\u015f effektivliyi haqq\u0131nda qurdu\u011fu mifi sars\u0131td\u0131.&#187;<\/strong><\/p>\n\n\n\n<p>Pa\u015finyan, h\u0259l\u0259 d\u00f6y\u00fc\u015f meydan\u0131ndan rus v\u0259 erm\u0259ni le\u015fl\u0259rini tam \u00e7\u0131xarmam\u0131\u015f &#171;y\u00fcks\u0259k d\u00f6y\u00fc\u015f haz\u0131rl\u0131\u011f\u0131ndan&#187; dan\u0131\u015f\u0131b.<\/p>\n\n\n\n<p><strong>Fedai.az<\/strong><\/p>\n\n\n\n<figure class=\"wp-block-image size-large is-resized\"><img loading=\"lazy\" decoding=\"async\" src=\"http:\/\/fedai.az\/wp-content\/uploads\/2020\/07\/110124246_904102913408647_811353000316515439_n.jpg\" alt=\"\" class=\"wp-image-10495\" width=\"579\" height=\"437\" srcset=\"https:\/\/fedai.az\/wp-content\/uploads\/2020\/07\/110124246_904102913408647_811353000316515439_n.jpg 261w, https:\/\/fedai.az\/wp-content\/uploads\/2020\/07\/110124246_904102913408647_811353000316515439_n-150x113.jpg 150w\" sizes=\"auto, (max-width: 579px) 100vw, 579px\" \/><\/figure>\n","protected":false},"excerpt":{"rendered":"<p>Erm\u0259nistan h\u00f6kum\u0259tinin ba\u015f\u00e7\u0131s\u0131 Avrasiya H\u00f6kum\u0259tl\u0259raras\u0131 \u015euras\u0131n\u0131n bu g\u00fcn Minskd\u0259 ke\u00e7iril\u0259n iclas\u0131nda i\u015ftirak ed\u0259rk\u0259n deyib: &#171;M\u00fcnaqi\u015f\u0259nin g\u00fcc yolu il\u0259 h\u0259ll variant\u0131 m\u00f6vcud deyil v\u0259 b\u00fct\u00fcn<\/p>\n","protected":false},"author":2,"featured_media":10494,"comment_status":"closed","ping_status":"closed","sticky":false,"template":"","format":"standard","meta":{"footnotes":""},"categories":[15],"tags":[],"class_list":["post-10491","post","type-post","status-publish","format-standard","has-post-thumbnail","hentry","category-atmaca"],"aioseo_notices":[],"_links":{"self":[{"href":"https:\/\/fedai.az\/index.php?rest_route=\/wp\/v2\/posts\/10491","targetHints":{"allow":["GET"]}}],"collection":[{"href":"https:\/\/fedai.az\/index.php?rest_route=\/wp\/v2\/posts"}],"about":[{"href":"https:\/\/fedai.az\/index.php?rest_route=\/wp\/v2\/types\/post"}],"author":[{"embeddable":true,"href":"https:\/\/fedai.az\/index.php?rest_route=\/wp\/v2\/users\/2"}],"replies":[{"embeddable":true,"href":"https:\/\/fedai.az\/index.php?rest_route=%2Fwp%2Fv2%2Fcomments&post=10491"}],"version-history":[{"count":1,"href":"https:\/\/fedai.az\/index.php?rest_route=\/wp\/v2\/posts\/10491\/revisions"}],"predecessor-version":[{"id":10496,"href":"https:\/\/fedai.az\/index.php?rest_route=\/wp\/v2\/posts\/10491\/revisions\/10496"}],"wp:featuredmedia":[{"embeddable":true,"href":"https:\/\/fedai.az\/index.php?rest_route=\/wp\/v2\/media\/10494"}],"wp:attachment":[{"href":"https:\/\/fedai.az\/index.php?rest_route=%2Fwp%2Fv2%2Fmedia&parent=10491"}],"wp:term":[{"taxonomy":"category","embeddable":true,"href":"https:\/\/fedai.az\/index.php?rest_route=%2Fwp%2Fv2%2Fcategories&post=10491"},{"taxonomy":"post_tag","embeddable":true,"href":"https:\/\/fedai.az\/index.php?rest_route=%2Fwp%2Fv2%2Ftags&post=10491"}],"curies":[{"name":"wp","href":"https:\/\/api.w.org\/{rel}","templated":true}]}}