{"id":10498,"date":"2020-07-19T06:01:14","date_gmt":"2020-07-19T02:01:14","guid":{"rendered":"http:\/\/fedai.az\/?p=10498"},"modified":"2020-07-19T17:41:36","modified_gmt":"2020-07-19T13:41:36","slug":"sozun-qurtardigi-yer","status":"publish","type":"post","link":"https:\/\/fedai.az\/?p=10498","title":{"rendered":"S\u00f6z\u00fcn qurtard\u0131\u011f\u0131 yer&#8230;"},"content":{"rendered":"\n<p><strong>Gec\u0259 saatlar\u0131nda \u0259sg\u0259r evin\u0259 z\u0259ng g\u0259lir. \u018fsg\u0259r atas\u0131 telefonu tez g\u00f6t\u00fcr\u00fcr:<\/strong><br>-Alo&#8230;<br>-Gec\u0259niz xeyir.<br>-H\u0259r vaxt\u0131n\u0131z xeyir, buyurun.<br>-M\u0259n o\u011flunuzun komandiriy\u0259m.<br>-Lap yax\u015f\u0131 komandir. Bu vaxt z\u0259ng el\u0259m\u0259y\u0259 s\u0259b\u0259b n\u0259dir? Yoxsa o\u011flum n\u0259s\u0259 edib?<br>-Xeyir, O&#8230;<br>-Komandir, o m\u0259nim \u00f6vlad\u0131md\u0131r, can\u0131md\u0131r. Buna baxmayaraq onu V\u0259t\u0259n\u0259 qurban demi\u015f\u0259m. M\u0259niml\u0259 a\u00e7\u0131q dan\u0131\u015f\u0131n. Sabah g\u0259lim, ya g\u0259li\u015finiz\u0259 haz\u0131rla\u015f\u0131m?<\/p>\n\n\n\n<p><br>Komandir e\u015fitdiyi bu s\u00f6zl\u0259r qar\u015f\u0131s\u0131nda \u00e7a\u015f\u0131b qalm\u0131\u015fd\u0131. \u00d6z\u00fcn\u00fc toplayaraq cavab verir:<br>-\u018fmi, haz\u0131rl\u0131q g\u00f6r, sabah g\u0259tir\u0259c\u0259yik.<br>-Komandir, ehtiyatda olan zabit\u0259m. Birinci Qaraba\u011f m\u00fcharib\u0259sind\u0259 yaralanm\u0131\u015fam. M\u0259n s\u0259ni and verir\u0259m zabit \u015f\u0259r\u0259fin\u0259, d\u00fcz\u00fcn\u00fc de, o\u011flum d\u00f6y\u00fc\u015f\u0259r\u0259k, ki\u015fi kimi \u00f6l\u00fcb?<\/p>\n\n\n\n<p><br>Komandir g\u00f6z ya\u015flar\u0131n\u0131 saxlaya bilmir. O\u011flunun nec\u0259 q\u0259hr\u0259manl\u0131q etdiyind\u0259n dan\u0131\u015f\u0131r.<\/p>\n\n\n\n<p><br>-O t\u0259k ba\u015f\u0131na d\u00fc\u015fm\u0259nin qar\u015f\u0131s\u0131nda durub. O \u0259sl d\u00f6y\u00fc\u015fc\u00fc kimi \u015f\u0259hid olub. Az\u0259rbaycan Xalq\u0131 v\u0259 Ordusu o\u011flunuzla q\u00fcrur duyur&#8230;<\/p>\n\n\n\n<p><strong>&#8230;<\/strong><\/p>\n\n\n\n<p>Haz\u0131rlayan: <strong>Leyla H\u0259s\u0259nova<\/strong><\/p>\n","protected":false},"excerpt":{"rendered":"<p>Gec\u0259 saatlar\u0131nda \u0259sg\u0259r evin\u0259 z\u0259ng g\u0259lir. \u018fsg\u0259r atas\u0131 telefonu tez g\u00f6t\u00fcr\u00fcr:-Alo&#8230;-Gec\u0259niz xeyir.-H\u0259r vaxt\u0131n\u0131z xeyir, buyurun.-M\u0259n o\u011flunuzun komandiriy\u0259m.-Lap yax\u015f\u0131 komandir. Bu vaxt z\u0259ng el\u0259m\u0259y\u0259 s\u0259b\u0259b<\/p>\n","protected":false},"author":2,"featured_media":10499,"comment_status":"closed","ping_status":"closed","sticky":false,"template":"","format":"standard","meta":{"footnotes":""},"categories":[5],"tags":[],"class_list":["post-10498","post","type-post","status-publish","format-standard","has-post-thumbnail","hentry","category-veteran"],"aioseo_notices":[],"_links":{"self":[{"href":"https:\/\/fedai.az\/index.php?rest_route=\/wp\/v2\/posts\/10498","targetHints":{"allow":["GET"]}}],"collection":[{"href":"https:\/\/fedai.az\/index.php?rest_route=\/wp\/v2\/posts"}],"about":[{"href":"https:\/\/fedai.az\/index.php?rest_route=\/wp\/v2\/types\/post"}],"author":[{"embeddable":true,"href":"https:\/\/fedai.az\/index.php?rest_route=\/wp\/v2\/users\/2"}],"replies":[{"embeddable":true,"href":"https:\/\/fedai.az\/index.php?rest_route=%2Fwp%2Fv2%2Fcomments&post=10498"}],"version-history":[{"count":2,"href":"https:\/\/fedai.az\/index.php?rest_route=\/wp\/v2\/posts\/10498\/revisions"}],"predecessor-version":[{"id":10528,"href":"https:\/\/fedai.az\/index.php?rest_route=\/wp\/v2\/posts\/10498\/revisions\/10528"}],"wp:featuredmedia":[{"embeddable":true,"href":"https:\/\/fedai.az\/index.php?rest_route=\/wp\/v2\/media\/10499"}],"wp:attachment":[{"href":"https:\/\/fedai.az\/index.php?rest_route=%2Fwp%2Fv2%2Fmedia&parent=10498"}],"wp:term":[{"taxonomy":"category","embeddable":true,"href":"https:\/\/fedai.az\/index.php?rest_route=%2Fwp%2Fv2%2Fcategories&post=10498"},{"taxonomy":"post_tag","embeddable":true,"href":"https:\/\/fedai.az\/index.php?rest_route=%2Fwp%2Fv2%2Ftags&post=10498"}],"curies":[{"name":"wp","href":"https:\/\/api.w.org\/{rel}","templated":true}]}}