{"id":10501,"date":"2020-07-19T06:25:05","date_gmt":"2020-07-19T02:25:05","guid":{"rendered":"http:\/\/fedai.az\/?p=10501"},"modified":"2020-07-19T06:38:39","modified_gmt":"2020-07-19T02:38:39","slug":"bu-xalqi-n%c9%99inki-rusiya-hec-butun-dunya-m%c9%99glub-ed%c9%99-bilm%c9%99z","status":"publish","type":"post","link":"https:\/\/fedai.az\/?p=10501","title":{"rendered":"Bu xalq\u0131, n\u0259inki Rusiya, he\u00e7 b\u00fct\u00fcn d\u00fcnya m\u0259\u011flub ed\u0259 bilm\u0259z!"},"content":{"rendered":"\n<p><strong>Tan\u0131y\u0131n: Suvenir satan 20 ya\u015fl\u0131 Mehman<\/strong><\/p>\n\n\n\n<p>2000-ci il t\u0259v\u0259ll\u00fcdl\u00fc Mehman \u018fliyolda\u015fov Ab\u015feron rayonu h\u00f6km\u0259li q\u0259s\u0259b\u0259 sakinidir. Mehman bir ne\u00e7\u0259 g\u00fcnd\u00fcr Bak\u0131dan \u00e7\u0131xaraq Tovuza g\u0259lib. O, k\u00f6n\u00fcll\u00fc \u015f\u0259kild\u0259 c\u0259bh\u0259d\u0259 xidm\u0259t etm\u0259k ist\u0259yir. \u00dcr\u0259yind\u0259n \u0259m\u0259liyyat olunan Mehman\u0131n h\u0259rbi xidm\u0259t\u0259 getm\u0259si m\u00fcm\u00fck\u00fcn deyil. Lakin o k\u00f6n\u00fcll\u00fcd\u00fcr.<\/p>\n\n\n\n<p><br>Mehman deyir ki, A\u011fdama g\u0259lm\u0259sind\u0259n ail\u0259sinin x\u0259b\u0259ri yoxdur. Yaln\u0131z A\u011fdama \u00e7atd\u0131qdan sonra ail\u0259sin\u0259 x\u0259b\u0259r edib&#187;. Mehman yol ma\u015f\u0131n\u0131 il\u0259 Bak\u0131dan \u00e7\u0131x\u0131b. Pulu olmayan Mehman yolda c\u0259bh\u0259 b\u00f6lg\u0259sin\u0259 getdiyini dey\u0259r\u0259k tan\u0131mad\u0131\u011f\u0131 insanlardan yol pulu al\u0131b. Sonra da Tovuza g\u0259lib.<\/p>\n\n\n\n<p> A\u011fdam istiqam\u0259tind\u0259 postlar oldu\u011fu \u00fc\u00e7\u00fcn ma\u015f\u0131nlardan birinin y\u00fck yerind\u0259 gizl\u0259nib. A\u011fdam k\u0259ndi \u0259razisind\u0259 postda xidm\u0259td\u0259 olan h\u0259rb\u00e7il\u0259r v\u0259 polis \u0259m\u0259kda\u015flar\u0131 onu g\u00f6r\u00fcbl\u0259r. Mehman haz\u0131rda A\u011fdam yax\u0131nl\u0131\u011f\u0131ndad\u0131r. K\u00f6n\u00fcll\u00fc olaraq c\u0259bh\u0259y\u0259 getm\u0259k, \u0259sg\u0259rl\u0259r\u0259 k\u00f6m\u0259k etm\u0259k ist\u0259yir. Mehman deyir ki, \u0259n az\u0131ndan burada qal\u0131b, \u0259sg\u0259rl\u0259r ist\u0259nil\u0259n i\u015fd\u0259 k\u00f6m\u0259k etm\u0259k ist\u0259yir <strong>(Videoya link\u0259 toxunmaqla baxmaq olar)<\/strong>.<\/p>\n\n\n\n<p><a href=\"https:\/\/www.facebook.com\/leylaosmanli.yk\/videos\/4140590762679051\/?t=20\">https:\/\/www.facebook.com\/leylaosmanli.yk\/videos\/4140590762679051\/?t=20<\/a><\/p>\n\n\n\n<figure class=\"wp-block-embed-facebook wp-block-embed\"><div class=\"wp-block-embed__wrapper\">\nhttps:\/\/www.facebook.com\/leylaosmanli.yk\/videos\/4140590762679051\/?t=20\n<\/div><\/figure>\n\n\n\n<p>*****<\/p>\n\n\n\n<p><strong>\u015e\u0259hid q\u0131z\u0131nnan t\u0259qdiralayiq add\u0131m!<\/strong><\/p>\n\n\n\n<p><br>Tamilla Qulami d\u00f6y\u00fc\u015f\u0259 getm\u0259k \u00fc\u00e7\u00fcn r\u0259smi qeydiyyatdan ke\u00e7di. E\u015fq olsun \u00f6lk\u0259min bel\u0259 qeyr\u0259tli qad\u0131nlar\u0131na!!!<\/p>\n\n\n\n<p><br>Xat\u0131rladaq ki, Tamilla xan\u0131m\u0131n 8 ya\u015f\u0131 olanda atas\u0131 Qaraba\u011f d\u00f6y\u00fc\u015fl\u0259rind\u0259 \u015e\u0259hid olub!<\/p>\n\n\n\n<figure class=\"wp-block-image size-large\"><img loading=\"lazy\" decoding=\"async\" width=\"607\" height=\"960\" src=\"http:\/\/fedai.az\/wp-content\/uploads\/2020\/07\/109481543_4137008499703944_6993744266700234261_n.jpg\" alt=\"\" class=\"wp-image-10502\" srcset=\"https:\/\/fedai.az\/wp-content\/uploads\/2020\/07\/109481543_4137008499703944_6993744266700234261_n.jpg 607w, https:\/\/fedai.az\/wp-content\/uploads\/2020\/07\/109481543_4137008499703944_6993744266700234261_n-190x300.jpg 190w, https:\/\/fedai.az\/wp-content\/uploads\/2020\/07\/109481543_4137008499703944_6993744266700234261_n-95x150.jpg 95w\" sizes=\"auto, (max-width: 607px) 100vw, 607px\" \/><\/figure>\n\n\n\n<p>*****<\/p>\n\n\n\n<p><strong>S\u0259n n\u0259 g\u00f6z\u0259l v\u0259t\u0259np\u0259rv\u0259r balasan<\/strong><\/p>\n\n\n\n<p><br>Daun sindromlundan \u0259ziyy\u0259t \u00e7\u0259k\u0259n v\u0259t\u0259np\u0259rv\u0259r balam\u0131z. D\u00f6y\u00fc\u015f\u0259 yollana bilm\u0259s\u0259 d\u0259, gec\u0259 saatlar\u0131nda k\u00fc\u00e7\u0259y\u0259 \u00e7\u0131xaraq xalq\u0131n\u0131, \u0259sg\u0259rl\u0259rini bacard\u0131\u011f\u0131 \u015f\u0259kild\u0259 d\u0259st\u0259kl\u0259y\u0259nl\u0259rd\u0259n biri olub. Allah s\u0259ni qorusun, \u015f\u0259fa versin, g\u00f6z\u0259l q\u0259lbli bala. \u018fziz Balam\u0131z, s\u0259n Az\u0259rbaycan\u0131n \u00fcr\u0259yis\u0259n, s\u0259n\u0259 qurban. Bir g\u00fcn Qaraba\u011fda bayraq \u0259lind\u0259 \u00f6nd\u0259 ged\u0259c\u0259ks\u0259n.<\/p>\n\n\n\n<figure class=\"wp-block-image size-large\"><img loading=\"lazy\" decoding=\"async\" width=\"720\" height=\"900\" src=\"http:\/\/fedai.az\/wp-content\/uploads\/2020\/07\/109840748_4137774736293987_60314764086317197_n.jpg\" alt=\"\" class=\"wp-image-10503\" srcset=\"https:\/\/fedai.az\/wp-content\/uploads\/2020\/07\/109840748_4137774736293987_60314764086317197_n.jpg 720w, https:\/\/fedai.az\/wp-content\/uploads\/2020\/07\/109840748_4137774736293987_60314764086317197_n-240x300.jpg 240w, https:\/\/fedai.az\/wp-content\/uploads\/2020\/07\/109840748_4137774736293987_60314764086317197_n-120x150.jpg 120w\" sizes=\"auto, (max-width: 720px) 100vw, 720px\" \/><\/figure>\n\n\n\n<p>*****<\/p>\n\n\n\n<p><strong>G\u0259l\u0259c\u0259k igidimiz \u018fliyev Murad H\u0259bib o\u011flu<\/strong><\/p>\n\n\n\n<p><br>Bu xalq\u0131n k\u00f6rp\u0259l\u0259rini ham\u0131m\u0131z bel\u0259 b\u00f6y\u00fcd\u00fcr\u00fck, \u00f6z\u00fcm\u00fcz t\u0259lim ke\u00e7irik. Bel\u0259 o\u011flanlar\u0131 olan V\u0259t\u0259nin i\u015f\u011fal alt\u0131ndak\u0131 torpaqlar\u0131 bir g\u00fcn m\u00fctl\u0259q geri al\u0131nacaq. <\/p>\n\n\n\n<p>Xalq ayaqdad\u0131, xalq\u0131n s\u0259bri da\u015fmaq \u00fczr\u0259di. Biz Qaraba\u011fda m\u00fcharib\u0259y\u0259 haz\u0131r\u0131q!<\/p>\n\n\n\n<p> Biz i\u015f\u011fal alt\u0131ndak\u0131 d\u0259d\u0259-baba torpaqlar\u0131m\u0131z\u0131 almay\u0131nca, dayanan deyilik! Bunu b\u00fct\u00fcn xalq deyir (<strong>Videoya link\u0259 toxunmaqla baxmaq olar).<\/strong><\/p>\n\n\n\n<p><a href=\"https:\/\/www.facebook.com\/leylaosmanli.yk\/videos\/4140590762679051\/?t=26\">https:\/\/www.facebook.com\/leylaosmanli.yk\/videos\/4140590762679051\/?t=26<\/a><\/p>\n\n\n\n<figure class=\"wp-block-embed-facebook wp-block-embed\"><div class=\"wp-block-embed__wrapper\">\nhttps:\/\/www.facebook.com\/leylaosmanli.yk\/videos\/4140590762679051\/?t=20\n<\/div><\/figure>\n\n\n\n<figure class=\"wp-block-image size-large is-resized\"><img loading=\"lazy\" decoding=\"async\" src=\"http:\/\/fedai.az\/wp-content\/uploads\/2020\/07\/37352177_2152346724836808_5146303545770770432_o.jpg\" alt=\"\" class=\"wp-image-10508\" width=\"240\" height=\"240\" srcset=\"https:\/\/fedai.az\/wp-content\/uploads\/2020\/07\/37352177_2152346724836808_5146303545770770432_o.jpg 960w, https:\/\/fedai.az\/wp-content\/uploads\/2020\/07\/37352177_2152346724836808_5146303545770770432_o-300x300.jpg 300w, https:\/\/fedai.az\/wp-content\/uploads\/2020\/07\/37352177_2152346724836808_5146303545770770432_o-150x150.jpg 150w, https:\/\/fedai.az\/wp-content\/uploads\/2020\/07\/37352177_2152346724836808_5146303545770770432_o-768x768.jpg 768w, https:\/\/fedai.az\/wp-content\/uploads\/2020\/07\/37352177_2152346724836808_5146303545770770432_o-215x215.jpg 215w\" sizes=\"auto, (max-width: 240px) 100vw, 240px\" \/><\/figure>\n\n\n\n<p><strong>Leyla H\u0259s\u0259nova<\/strong><\/p>\n","protected":false},"excerpt":{"rendered":"<p>Tan\u0131y\u0131n: Suvenir satan 20 ya\u015fl\u0131 Mehman 2000-ci il t\u0259v\u0259ll\u00fcdl\u00fc Mehman \u018fliyolda\u015fov Ab\u015feron rayonu h\u00f6km\u0259li q\u0259s\u0259b\u0259 sakinidir. Mehman bir ne\u00e7\u0259 g\u00fcnd\u00fcr Bak\u0131dan \u00e7\u0131xaraq Tovuza g\u0259lib.<\/p>\n","protected":false},"author":2,"featured_media":10505,"comment_status":"closed","ping_status":"closed","sticky":false,"template":"","format":"standard","meta":{"footnotes":""},"categories":[4],"tags":[],"class_list":["post-10501","post","type-post","status-publish","format-standard","has-post-thumbnail","hentry","category-qarabag"],"aioseo_notices":[],"_links":{"self":[{"href":"https:\/\/fedai.az\/index.php?rest_route=\/wp\/v2\/posts\/10501","targetHints":{"allow":["GET"]}}],"collection":[{"href":"https:\/\/fedai.az\/index.php?rest_route=\/wp\/v2\/posts"}],"about":[{"href":"https:\/\/fedai.az\/index.php?rest_route=\/wp\/v2\/types\/post"}],"author":[{"embeddable":true,"href":"https:\/\/fedai.az\/index.php?rest_route=\/wp\/v2\/users\/2"}],"replies":[{"embeddable":true,"href":"https:\/\/fedai.az\/index.php?rest_route=%2Fwp%2Fv2%2Fcomments&post=10501"}],"version-history":[{"count":3,"href":"https:\/\/fedai.az\/index.php?rest_route=\/wp\/v2\/posts\/10501\/revisions"}],"predecessor-version":[{"id":10510,"href":"https:\/\/fedai.az\/index.php?rest_route=\/wp\/v2\/posts\/10501\/revisions\/10510"}],"wp:featuredmedia":[{"embeddable":true,"href":"https:\/\/fedai.az\/index.php?rest_route=\/wp\/v2\/media\/10505"}],"wp:attachment":[{"href":"https:\/\/fedai.az\/index.php?rest_route=%2Fwp%2Fv2%2Fmedia&parent=10501"}],"wp:term":[{"taxonomy":"category","embeddable":true,"href":"https:\/\/fedai.az\/index.php?rest_route=%2Fwp%2Fv2%2Fcategories&post=10501"},{"taxonomy":"post_tag","embeddable":true,"href":"https:\/\/fedai.az\/index.php?rest_route=%2Fwp%2Fv2%2Ftags&post=10501"}],"curies":[{"name":"wp","href":"https:\/\/api.w.org\/{rel}","templated":true}]}}