{"id":10574,"date":"2020-07-20T02:07:52","date_gmt":"2020-07-19T22:07:52","guid":{"rendered":"http:\/\/fedai.az\/?p=10574"},"modified":"2020-07-20T02:07:56","modified_gmt":"2020-07-19T22:07:56","slug":"qarabag-az%c9%99rbaycandir-suari-altinda-bernd%c9%99n-cenevr%c9%99y%c9%99-yurus-foto","status":"publish","type":"post","link":"https:\/\/fedai.az\/?p=10574","title":{"rendered":"\u201cQaraba\u011f Az\u0259rbaycand\u0131r!\u201d \u015f\u00fcar\u0131 alt\u0131nda Bernd\u0259n Cenevr\u0259y\u0259 y\u00fcr\u00fc\u015f &#8212; FOTO"},"content":{"rendered":"\n<p><strong>\u0130sve\u00e7r\u0259d\u0259 Erm\u0259nistan\u0131n s\u0259firliyinin Bernd\u0259 deyil, Cenevr\u0259d\u0259 olmas\u0131 il\u0259 \u0259laq\u0259dar \u0259sg\u0259rl\u0259rimiz\u0259 d\u0259st\u0259k v\u0259 son h\u0259rbi t\u0259xribatlara etiraz aksiyas\u0131 olaraq, \u0130sve\u00e7r\u0259nin Bern, S\u00fcrix v\u0259 Soloturn kantonlar\u0131nda ya\u015fayan diaspor n\u00fcmay\u0259nd\u0259l\u0259rimiz Cenevr\u0259y\u0259 q\u0259d\u0259r y\u00fcr\u00fc\u015fd\u0259 i\u015ftirak edibl\u0259r.<\/strong><\/p>\n\n\n\n<p>Fedai.az <strong><a rel=\"noreferrer noopener\" target=\"_blank\" href=\"http:\/\/publika.az\/\">Publika.az<\/a>-a istinad\u0259n <\/strong>x\u0259b\u0259r verir ki, bununla ba\u011fl\u0131 Az\u0259rbaycan\u0131n \u0130sve\u00e7r\u0259d\u0259ki s\u0259firliyind\u0259n m\u0259lumat verilib.<\/p>\n\n\n\n<p>Y\u00fcr\u00fc\u015fd\u0259 200-\u0259 q\u0259d\u0259r diaspor n\u00fcmay\u0259nd\u0259miz i\u015ftirak edib.<\/p>\n\n\n\n<p>Y\u00fcr\u00fc\u015f \u201cAz\u0259rbaycanl\u0131lar\u0131n \u0130sve\u00e7r\u0259d\u0259ki M\u0259d\u0259niyy\u0259t M\u0259rk\u0259zi\u201dnin r\u0259hb\u0259ri Qas\u0131m N\u0259sirov v\u0259 Az\u0259rbaycan Respublikas\u0131n\u0131n Diasporla i\u015f \u00fczr\u0259 D\u00f6vl\u0259t Komit\u0259si t\u0259r\u0259find\u0259n yarad\u0131lm\u0131\u015f \u0130sve\u00e7r\u0259 Konfederasiyas\u0131nda Az\u0259rbaycan diasporunun Koordinasiya \u015furas\u0131n\u0131n \u0259laq\u0259l\u0259ndiricisi \u018fkb\u0259r G\u0259nc\u0259 t\u0259r\u0259find\u0259n t\u0259\u015fkil olunmu\u015f v\u0259 Az\u0259rbaycan\u0131n Bern \u015f\u0259h\u0259rind\u0259 yerl\u0259\u015f\u0259n S\u0259firliyinin m\u0259n\u0259vi d\u0259st\u0259yi n\u0259tic\u0259sind\u0259 ba\u015f tutub. T\u0259dbirin icaz\u0259si Q.N\u0259sirov t\u0259r\u0259find\u0259n al\u0131n\u0131b v\u0259 o, morderatorlu\u011fu h\u0259yata ke\u00e7irib.<\/p>\n\n\n\n<p>Aksiya Az\u0259rbaycan\u0131n d\u00f6vl\u0259t himninin s\u0259sl\u0259ndirilm\u0259si il\u0259 ba\u015flan\u0131b. Sonra erm\u0259ni silahl\u0131 q\u00fcvv\u0259l\u0259rinin Tovuz istiqam\u0259tind\u0259 t\u00f6r\u0259tdiyi t\u0259xribat zaman\u0131 \u015f\u0259hid olanlar\u0131n xatir\u0259si bir d\u0259qiq\u0259lik s\u00fckutla yad edilib.<\/p>\n\n\n\n<p>Daha sonra yer \u00e7\u0131x\u0131\u015flara verilib H\u0259m diaspor n\u00fcmay\u0259nd\u0259l\u0259ri h\u0259m d\u0259 yerli sakinl\u0259r t\u0259r\u0259find\u0259n m\u00fcxt\u0259lif dill\u0259rd\u0259 \u00e7\u0131x\u0131\u015flar ba\u015f tutub. \u015e\u0259h\u0259r sakinl\u0259ri ayaq saxlayaraq, t\u0259dbir i\u015ftirak\u00e7\u0131lar\u0131n\u0131n t\u0259l\u0259bl\u0259ri il\u0259 maraqlan\u0131rd\u0131lar. Portuqaliya v\u0259t\u0259nda\u015f\u0131 t\u0259dbird\u0259 \u00e7\u0131x\u0131\u015f ed\u0259r\u0259k BMT Ba\u015f Katibi Antonio Quttere\u015f\u0259 m\u00fcraci\u0259t ed\u0259r\u0259k, d\u00fcnya ictimaiyy\u0259tini Az\u0259rbaycan xalq\u0131na d\u0259st\u0259k olma\u011fa v\u0259 BMT Q\u0259tnam\u0259l\u0259rinin yerin\u0259 yetirilm\u0259sin\u0259 \u00e7a\u011f\u0131r\u0131b.<\/p>\n\n\n\n<p>T\u00fcrkiy\u0259li soyda\u015flar\u0131m\u0131za y\u00fcr\u00fc\u015f bar\u0259sind\u0259 geni\u015f m\u0259lumat verilib v\u0259 onlar da \u0259sg\u0259rl\u0259rimiz\u0259 d\u0259st\u0259k namin\u0259 \u00e7ox sayda i\u015ftirak edibl\u0259r.<\/p>\n\n\n\n<p>\u0130sve\u00e7r\u0259d\u0259 ke\u00e7iril\u0259n t\u0259dbir Az\u0259rbaycan diasporunun daha bir nailiyy\u0259ti oldu. Bu t\u0259dbir vasit\u0259si il\u0259 Az\u0259rbaycan xalq\u0131n\u0131n v\u0259 xaricd\u0259ki Az\u0259rbaycan diasporunun birliyi n\u00fcmayi\u015f etdirildi.<\/p>\n\n\n\n<figure class=\"wp-block-gallery columns-1 is-cropped wp-block-gallery-1 is-layout-flex wp-block-gallery-is-layout-flex\"><ul class=\"blocks-gallery-grid\"><li class=\"blocks-gallery-item\"><figure><img loading=\"lazy\" decoding=\"async\" width=\"590\" height=\"273\" src=\"http:\/\/fedai.az\/wp-content\/uploads\/2020\/07\/file-155.jpg\" alt=\"\" data-id=\"10576\" data-full-url=\"http:\/\/fedai.az\/wp-content\/uploads\/2020\/07\/file-155.jpg\" data-link=\"http:\/\/fedai.az\/?attachment_id=10576\" class=\"wp-image-10576\" srcset=\"https:\/\/fedai.az\/wp-content\/uploads\/2020\/07\/file-155.jpg 590w, https:\/\/fedai.az\/wp-content\/uploads\/2020\/07\/file-155-300x139.jpg 300w, https:\/\/fedai.az\/wp-content\/uploads\/2020\/07\/file-155-150x69.jpg 150w\" sizes=\"auto, (max-width: 590px) 100vw, 590px\" \/><\/figure><\/li><\/ul><\/figure>\n","protected":false},"excerpt":{"rendered":"<p>\u0130sve\u00e7r\u0259d\u0259 Erm\u0259nistan\u0131n s\u0259firliyinin Bernd\u0259 deyil, Cenevr\u0259d\u0259 olmas\u0131 il\u0259 \u0259laq\u0259dar \u0259sg\u0259rl\u0259rimiz\u0259 d\u0259st\u0259k v\u0259 son h\u0259rbi t\u0259xribatlara etiraz aksiyas\u0131 olaraq, \u0130sve\u00e7r\u0259nin Bern, S\u00fcrix v\u0259 Soloturn kantonlar\u0131nda<\/p>\n","protected":false},"author":2,"featured_media":10575,"comment_status":"closed","ping_status":"closed","sticky":false,"template":"","format":"standard","meta":{"footnotes":""},"categories":[13],"tags":[],"class_list":["post-10574","post","type-post","status-publish","format-standard","has-post-thumbnail","hentry","category-xarici"],"aioseo_notices":[],"_links":{"self":[{"href":"https:\/\/fedai.az\/index.php?rest_route=\/wp\/v2\/posts\/10574","targetHints":{"allow":["GET"]}}],"collection":[{"href":"https:\/\/fedai.az\/index.php?rest_route=\/wp\/v2\/posts"}],"about":[{"href":"https:\/\/fedai.az\/index.php?rest_route=\/wp\/v2\/types\/post"}],"author":[{"embeddable":true,"href":"https:\/\/fedai.az\/index.php?rest_route=\/wp\/v2\/users\/2"}],"replies":[{"embeddable":true,"href":"https:\/\/fedai.az\/index.php?rest_route=%2Fwp%2Fv2%2Fcomments&post=10574"}],"version-history":[{"count":1,"href":"https:\/\/fedai.az\/index.php?rest_route=\/wp\/v2\/posts\/10574\/revisions"}],"predecessor-version":[{"id":10577,"href":"https:\/\/fedai.az\/index.php?rest_route=\/wp\/v2\/posts\/10574\/revisions\/10577"}],"wp:featuredmedia":[{"embeddable":true,"href":"https:\/\/fedai.az\/index.php?rest_route=\/wp\/v2\/media\/10575"}],"wp:attachment":[{"href":"https:\/\/fedai.az\/index.php?rest_route=%2Fwp%2Fv2%2Fmedia&parent=10574"}],"wp:term":[{"taxonomy":"category","embeddable":true,"href":"https:\/\/fedai.az\/index.php?rest_route=%2Fwp%2Fv2%2Fcategories&post=10574"},{"taxonomy":"post_tag","embeddable":true,"href":"https:\/\/fedai.az\/index.php?rest_route=%2Fwp%2Fv2%2Ftags&post=10574"}],"curies":[{"name":"wp","href":"https:\/\/api.w.org\/{rel}","templated":true}]}}