{"id":10580,"date":"2020-07-20T02:55:30","date_gmt":"2020-07-19T22:55:30","guid":{"rendered":"http:\/\/fedai.az\/?p=10580"},"modified":"2020-07-20T02:55:57","modified_gmt":"2020-07-19T22:55:57","slug":"tovuzlu-qadin-erm%c9%99nil%c9%99r%c9%99-bel%c9%99-ziyan-vurdu-bu-video-izl%c9%99m%c9%99-rekordu-qirir","status":"publish","type":"post","link":"https:\/\/fedai.az\/?p=10580","title":{"rendered":"Tovuzlu qad\u0131n erm\u0259nil\u0259r\u0259 bel\u0259 ziyan vurdu  &#8212; Bu video izl\u0259m\u0259 rekordu q\u0131r\u0131r"},"content":{"rendered":"\n<p><strong>X\u0259b\u0259r verdiyimiz kimi Rusiyada&nbsp; erm\u0259ni&nbsp; mallar\u0131na&nbsp; ciddi baykot&nbsp; elan&nbsp; edilib.<\/strong><\/p>\n\n\n\n<p>Oxu24.com x\u0259b\u0259r&nbsp; verir&nbsp; ki, Moskvada&nbsp; meyv\u0259 bazar\u0131nda \u00e7al\u0131\u015fan&nbsp; Tovuzdan&nbsp; olan&nbsp; qad\u0131n erm\u0259nil\u0259rin p\u0259rak\u0259nd\u0259&nbsp; ald\u0131qlar\u0131&nbsp; meyv\u0259l\u0259ri&nbsp; qabaqcadan&nbsp; alaraq&nbsp; zibilliy\u0259&nbsp; t\u00f6k\u00fcb.&nbsp;<\/p>\n\n\n\n<p>Bu\u00a0 is\u0259\u00a0 erm\u0259nil\u0259r\u0259\u00a0 ciddi\u00a0 ziyan\u00a0 vurub. \u0130ndi\u00a0 bazarda\u00a0 bir\u00a0 d\u0259n\u0259\u00a0 d\u0259\u00a0 olsun\u00a0 erm\u0259ni\u00a0 mal\u0131\u00a0 sat\u0131lm\u0131r.<\/p>\n\n\n\n<p><br>Tovuzdan\u00a0 olan\u00a0 qad\u0131n\u0131n\u00a0 m\u00fcraci\u0259ti\u00a0 \u00a0sosial \u015f\u0259b\u0259k\u0259l\u0259rd\u0259\u00a0 b\u00f6y\u00fck\u00a0 r\u0259\u011fb\u0259tl\u0259\u00a0 qar\u015f\u0131lan\u0131b.\u00a0<\/p>\n\n\n\n<p>&#171;Bizim general\u0131m\u0131z Allah\u0131n&nbsp; nem\u0259ti deyildimi? Erm\u0259nil\u0259r\u0259 biz maddi ziyan&nbsp; vuraca\u011f\u0131q&#187; dey\u0259r\u0259k qad\u0131n&nbsp; erm\u0259nil\u0259r\u0259 m\u0259xsus&nbsp; meyv\u0259l\u0259ri ayaqlayaraq&nbsp; zibil&nbsp; qutusuna t\u00f6k\u00fcb.<ins><\/ins><\/p>\n\n\n\n<p>S\u00f6z\u00fcged\u0259n videonu&nbsp; t\u0259qdim&nbsp; edirik:<\/p>\n\n\n\n<figure><iframe loading=\"lazy\" allowfullscreen=\"\" height=\"360\" src=\"http:\/\/player.bax.tv\/108356.html\" width=\"640\"><\/iframe><\/figure>\n","protected":false},"excerpt":{"rendered":"<p>X\u0259b\u0259r verdiyimiz kimi Rusiyada&nbsp; erm\u0259ni&nbsp; mallar\u0131na&nbsp; ciddi baykot&nbsp; elan&nbsp; edilib. Oxu24.com x\u0259b\u0259r&nbsp; verir&nbsp; ki, Moskvada&nbsp; meyv\u0259 bazar\u0131nda \u00e7al\u0131\u015fan&nbsp; Tovuzdan&nbsp; olan&nbsp; qad\u0131n erm\u0259nil\u0259rin p\u0259rak\u0259nd\u0259&nbsp; ald\u0131qlar\u0131&nbsp;<\/p>\n","protected":false},"author":2,"featured_media":10581,"comment_status":"closed","ping_status":"closed","sticky":false,"template":"","format":"standard","meta":{"footnotes":""},"categories":[3],"tags":[],"class_list":["post-10580","post","type-post","status-publish","format-standard","has-post-thumbnail","hentry","category-gundm"],"aioseo_notices":[],"_links":{"self":[{"href":"https:\/\/fedai.az\/index.php?rest_route=\/wp\/v2\/posts\/10580","targetHints":{"allow":["GET"]}}],"collection":[{"href":"https:\/\/fedai.az\/index.php?rest_route=\/wp\/v2\/posts"}],"about":[{"href":"https:\/\/fedai.az\/index.php?rest_route=\/wp\/v2\/types\/post"}],"author":[{"embeddable":true,"href":"https:\/\/fedai.az\/index.php?rest_route=\/wp\/v2\/users\/2"}],"replies":[{"embeddable":true,"href":"https:\/\/fedai.az\/index.php?rest_route=%2Fwp%2Fv2%2Fcomments&post=10580"}],"version-history":[{"count":2,"href":"https:\/\/fedai.az\/index.php?rest_route=\/wp\/v2\/posts\/10580\/revisions"}],"predecessor-version":[{"id":10583,"href":"https:\/\/fedai.az\/index.php?rest_route=\/wp\/v2\/posts\/10580\/revisions\/10583"}],"wp:featuredmedia":[{"embeddable":true,"href":"https:\/\/fedai.az\/index.php?rest_route=\/wp\/v2\/media\/10581"}],"wp:attachment":[{"href":"https:\/\/fedai.az\/index.php?rest_route=%2Fwp%2Fv2%2Fmedia&parent=10580"}],"wp:term":[{"taxonomy":"category","embeddable":true,"href":"https:\/\/fedai.az\/index.php?rest_route=%2Fwp%2Fv2%2Fcategories&post=10580"},{"taxonomy":"post_tag","embeddable":true,"href":"https:\/\/fedai.az\/index.php?rest_route=%2Fwp%2Fv2%2Ftags&post=10580"}],"curies":[{"name":"wp","href":"https:\/\/api.w.org\/{rel}","templated":true}]}}