{"id":12148,"date":"2020-08-04T16:22:45","date_gmt":"2020-08-04T12:22:45","guid":{"rendered":"http:\/\/fedai.az\/?p=12148"},"modified":"2020-08-04T17:45:59","modified_gmt":"2020-08-04T13:45:59","slug":"belarusda-t%c9%99cili-s%c9%99f%c9%99rb%c9%99rlik-elan-olundu","status":"publish","type":"post","link":"https:\/\/fedai.az\/?p=12148","title":{"rendered":"Belarusda t\u0259cili s\u0259f\u0259rb\u0259rlik elan olundu"},"content":{"rendered":"\n<p><strong>Belarusa ya\u015f\u0131 35-\u0259 q\u0259d\u0259r olan v\u0259 orduda xidm\u0259t ke\u00e7mi\u015f ki\u015fil\u0259r 25 g\u00fcnl\u00fck t\u0259cili s\u0259f\u0259rb\u0259rliy\u0259 c\u0259lb olunub.<\/strong><\/p>\n\n\n\n<p><a href=\"http:\/\/virtualaz.org\/?fbclid=IwAR0tDMBC3nE0q_xhxwC7ZgMU1uvQre3g6Y-9JdWfeNdUURkvLSVujJI8mQM\" target=\"_blank\" rel=\"noreferrer noopener\">Virtualaz.org<\/a>&nbsp;x\u0259b\u0259r&nbsp;verir ki, bu haqda rusiyal\u0131 jurnalist Semyon Peqovun WarGonzo Telegram-kanal\u0131nda bildirilir.<\/p>\n\n\n\n<p>M\u0259lumata g\u00f6r\u0259 s\u0259f\u0259rb\u0259rlik Rusiya il\u0259 h\u0259ms\u0259rh\u0259d regionlarda, \u0259sas\u0259n Vitebskd\u0259 apar\u0131l\u0131r. Ke\u00e7mi\u015f h\u0259rbi qulluq\u00e7ulara g\u00f6nd\u0259ril\u0259n \u00e7a\u011f\u0131r\u0131\u015f v\u0259r\u0259q\u0259l\u0259rin\u0259 \u0259sas\u0259n onlar avqustun 10-da, y\u0259ni prezident se\u00e7kil\u0259rind\u0259n bir g\u00fcn sonra toplan\u0131\u015f m\u0259nt\u0259q\u0259l\u0259rind\u0259 olmal\u0131d\u0131r. Habel\u0259 bir s\u0131ra ke\u00e7mi\u015f h\u0259rb\u00e7il\u0259r\u0259 z\u0259ng vurub toplan\u0131\u015fa \u00e7a\u011f\u0131rd\u0131qlar\u0131 bildirilir.<\/p>\n\n\n\n<p>Xat\u0131rladaq ki, iyulun 29-da Minsk \u0259traf\u0131ndak\u0131 sanatoriyada \u201cVagnerin ordusu\u201d kimi tan\u0131nan Rusiya \u00f6z\u0259l h\u0259rbi \u015firk\u0259tinin 33 muzdlusu tutulub. Belarus h\u00fcquq-m\u00fchafiz\u0259 orqanlar\u0131 onlar\u0131n prezident se\u00e7kil\u0259ri zaman\u0131 \u00f6lk\u0259d\u0259 diversiyalar t\u00f6r\u0259tm\u0259k \u00fc\u00e7\u00fcn g\u00f6nd\u0259rildiyini bildirir.<\/p>\n\n\n\n<p>Bunun ard\u0131nca Belarus Rusiya il\u0259 s\u0259rh\u0259d\u0259 h\u0259rbi q\u00fcvv\u0259l\u0259r v\u0259 texnika c\u0259ml\u0259\u015fdirib. O c\u00fcml\u0259d\u0259n Rusiya Belarusla gedi\u015f-g\u0259li\u015f\u0259 n\u0259zar\u0259ti g\u00fccl\u0259ndirib, s\u0259rh\u0259dd\u0259 uzun n\u00f6vb\u0259l\u0259r h\u00f6km s\u00fcr\u00fcr.<\/p>\n","protected":false},"excerpt":{"rendered":"<p>Belarusa ya\u015f\u0131 35-\u0259 q\u0259d\u0259r olan v\u0259 orduda xidm\u0259t ke\u00e7mi\u015f ki\u015fil\u0259r 25 g\u00fcnl\u00fck t\u0259cili s\u0259f\u0259rb\u0259rliy\u0259 c\u0259lb olunub. Virtualaz.org&nbsp;x\u0259b\u0259r&nbsp;verir ki, bu haqda rusiyal\u0131 jurnalist Semyon Peqovun<\/p>\n","protected":false},"author":2,"featured_media":12149,"comment_status":"closed","ping_status":"closed","sticky":false,"template":"","format":"standard","meta":{"footnotes":""},"categories":[13],"tags":[],"class_list":["post-12148","post","type-post","status-publish","format-standard","has-post-thumbnail","hentry","category-xarici"],"aioseo_notices":[],"_links":{"self":[{"href":"https:\/\/fedai.az\/index.php?rest_route=\/wp\/v2\/posts\/12148","targetHints":{"allow":["GET"]}}],"collection":[{"href":"https:\/\/fedai.az\/index.php?rest_route=\/wp\/v2\/posts"}],"about":[{"href":"https:\/\/fedai.az\/index.php?rest_route=\/wp\/v2\/types\/post"}],"author":[{"embeddable":true,"href":"https:\/\/fedai.az\/index.php?rest_route=\/wp\/v2\/users\/2"}],"replies":[{"embeddable":true,"href":"https:\/\/fedai.az\/index.php?rest_route=%2Fwp%2Fv2%2Fcomments&post=12148"}],"version-history":[{"count":2,"href":"https:\/\/fedai.az\/index.php?rest_route=\/wp\/v2\/posts\/12148\/revisions"}],"predecessor-version":[{"id":12151,"href":"https:\/\/fedai.az\/index.php?rest_route=\/wp\/v2\/posts\/12148\/revisions\/12151"}],"wp:featuredmedia":[{"embeddable":true,"href":"https:\/\/fedai.az\/index.php?rest_route=\/wp\/v2\/media\/12149"}],"wp:attachment":[{"href":"https:\/\/fedai.az\/index.php?rest_route=%2Fwp%2Fv2%2Fmedia&parent=12148"}],"wp:term":[{"taxonomy":"category","embeddable":true,"href":"https:\/\/fedai.az\/index.php?rest_route=%2Fwp%2Fv2%2Fcategories&post=12148"},{"taxonomy":"post_tag","embeddable":true,"href":"https:\/\/fedai.az\/index.php?rest_route=%2Fwp%2Fv2%2Ftags&post=12148"}],"curies":[{"name":"wp","href":"https:\/\/api.w.org\/{rel}","templated":true}]}}