{"id":12376,"date":"2020-08-07T02:10:02","date_gmt":"2020-08-06T22:10:02","guid":{"rendered":"http:\/\/fedai.az\/?p=12376"},"modified":"2020-08-07T02:10:24","modified_gmt":"2020-08-06T22:10:24","slug":"yunanistanin-eks-bas-naziri-asala-ni-himay%c9%99-edirmis-m%c9%99xfi-s%c9%99n%c9%99dl%c9%99r-uz%c9%99-cixdi","status":"publish","type":"post","link":"https:\/\/fedai.az\/?p=12376","title":{"rendered":"Yunan\u0131stan\u0131n eks Ba\u015f naziri ASALA-n\u0131 himay\u0259 edirmi\u015f \u2013 M\u0259xfi s\u0259n\u0259dl\u0259r \u00fcz\u0259 \u00e7\u0131xd\u0131"},"content":{"rendered":"\n<p><strong>Yunan\u0131stan\u0131n eks-ba\u015f naziri Andreas Papandreunun h\u00f6kum\u0259t\u0259 r\u0259hb\u0259rlik etdiyi ill\u0259rd\u0259 ASALA terror t\u0259\u015fkilat\u0131na d\u0259st\u0259k verdiyi \u00fcz\u0259 \u00e7\u0131x\u0131b.<\/strong><\/p>\n\n\n\n<p>Fedai.az x\u0259b\u0259r verir ki, M\u0259rk\u0259zi K\u0259\u015ffiyyat \u0130dar\u0259sinin 1940-1990-c\u0131 ill\u0259ri \u0259hat\u0259 ed\u0259n 12 milyon s\u0259hif\u0259lik arxiv s\u0259n\u0259dl\u0259rinin yay\u0131lmas\u0131ndan sonra bu fakt m\u0259lum olub. \u00dcz\u0259rind\u0259n m\u0259xfilik i\u015far\u0259si g\u00f6t\u00fcr\u00fcl\u0259n s\u0259n\u0259dl\u0259r siyasi v\u0259 k\u0259\u015ffiyyat m\u0259lumatlar\u0131n\u0131 \u00f6z\u00fcnd\u0259 birl\u0259\u015fdirir.<\/p>\n\n\n\n<p>M\u0259xfliyi g\u00f6t\u00fcr\u00fcl\u0259n s\u0259n\u0259dl\u0259r i\u00e7ind\u0259 1987-ci il 1 iyul tarixind\u0259 o zaman MK\u0130 r\u0259hb\u0259rlik ed\u0259n Robert Geyts\u0259 t\u0259qdim edil\u0259n s\u0259n\u0259d d\u0259 var. \u201cTerrorla m\u00fcbariz\u0259: x\u0259b\u0259rdarl\u0131qlar v\u0259 proqnozlar\u201d adlanan s\u0259n\u0259dd\u0259 Papandreunun v\u0259 r\u0259hb\u0259rlik etdiyi h\u00f6kum\u0259tin ASALA terror t\u0259\u015fkilat\u0131na loyal m\u00fcnasib\u0259tind\u0259n b\u0259hs olunur.<\/p>\n\n\n\n<p>\u201cYunan\u0131stan h\u00f6kum\u0259ti v\u0259 x\u00fcsusi xidm\u0259t orqanlar\u0131 ASALA-n\u0131n \u00f6lk\u0259 \u0259razisind\u0259 m\u00f6vcudlu\u011funu bils\u0259 d\u0259, onlara toxunmurlar v\u0259 h\u0259tta yard\u0131m da g\u00f6st\u0259rirl\u0259r. ASALA il\u0259 yana\u015f\u0131, Yax\u0131n \u015e\u0259rqd\u0259n olan bir s\u0131ra terror qrupla\u015fmalar\u0131 da Papandreu h\u00f6kum\u0259ti d\u00f6vr\u00fcnd\u0259 Yunan\u0131standa s\u0131\u011f\u0131nacaq al\u0131blar\u201d- dey\u0259 hesabatda deyilir.<\/p>\n\n\n\n<p>Xat\u0131rladaq ki, Andreas Papandreu 1981-1989 v\u0259 1993-1996-c\u0131 ill\u0259rd\u0259 Yunan\u0131stan\u0131n ba\u015f naziri olub. ASALA (Erm\u0259nistan\u0131n Azadl\u0131\u011f\u0131 u\u011frunda Gizli Erm\u0259ni Ordusu) terror qrupla\u015fmas\u0131 1975-1988-ci ill\u0259rd\u0259 f\u0259aliyy\u0259t g\u00f6st\u0259rib. Qrupla\u015fman\u0131n lideri Akop Akopyan 1988-ci ild\u0259 m\u0259hz Yunan\u0131stan paytaxt\u0131 Afinada \u00f6ld\u00fcr\u00fcl\u00fcb.(modern.az)<\/p>\n","protected":false},"excerpt":{"rendered":"<p>Yunan\u0131stan\u0131n eks-ba\u015f naziri Andreas Papandreunun h\u00f6kum\u0259t\u0259 r\u0259hb\u0259rlik etdiyi ill\u0259rd\u0259 ASALA terror t\u0259\u015fkilat\u0131na d\u0259st\u0259k verdiyi \u00fcz\u0259 \u00e7\u0131x\u0131b. Fedai.az x\u0259b\u0259r verir ki, M\u0259rk\u0259zi K\u0259\u015ffiyyat \u0130dar\u0259sinin 1940-1990-c\u0131<\/p>\n","protected":false},"author":2,"featured_media":0,"comment_status":"closed","ping_status":"closed","sticky":false,"template":"","format":"standard","meta":{"footnotes":""},"categories":[13],"tags":[],"class_list":["post-12376","post","type-post","status-publish","format-standard","hentry","category-xarici"],"aioseo_notices":[],"_links":{"self":[{"href":"https:\/\/fedai.az\/index.php?rest_route=\/wp\/v2\/posts\/12376","targetHints":{"allow":["GET"]}}],"collection":[{"href":"https:\/\/fedai.az\/index.php?rest_route=\/wp\/v2\/posts"}],"about":[{"href":"https:\/\/fedai.az\/index.php?rest_route=\/wp\/v2\/types\/post"}],"author":[{"embeddable":true,"href":"https:\/\/fedai.az\/index.php?rest_route=\/wp\/v2\/users\/2"}],"replies":[{"embeddable":true,"href":"https:\/\/fedai.az\/index.php?rest_route=%2Fwp%2Fv2%2Fcomments&post=12376"}],"version-history":[{"count":1,"href":"https:\/\/fedai.az\/index.php?rest_route=\/wp\/v2\/posts\/12376\/revisions"}],"predecessor-version":[{"id":12378,"href":"https:\/\/fedai.az\/index.php?rest_route=\/wp\/v2\/posts\/12376\/revisions\/12378"}],"wp:attachment":[{"href":"https:\/\/fedai.az\/index.php?rest_route=%2Fwp%2Fv2%2Fmedia&parent=12376"}],"wp:term":[{"taxonomy":"category","embeddable":true,"href":"https:\/\/fedai.az\/index.php?rest_route=%2Fwp%2Fv2%2Fcategories&post=12376"},{"taxonomy":"post_tag","embeddable":true,"href":"https:\/\/fedai.az\/index.php?rest_route=%2Fwp%2Fv2%2Ftags&post=12376"}],"curies":[{"name":"wp","href":"https:\/\/api.w.org\/{rel}","templated":true}]}}