{"id":12382,"date":"2020-08-07T02:47:58","date_gmt":"2020-08-06T22:47:58","guid":{"rendered":"http:\/\/fedai.az\/?p=12382"},"modified":"2020-08-07T02:48:34","modified_gmt":"2020-08-06T22:48:34","slug":"hazircavab-turk-zabiti-mut%c9%99x%c9%99ssis-amerikali-v%c9%99-ess%c9%99k","status":"publish","type":"post","link":"https:\/\/fedai.az\/?p=12382","title":{"rendered":"Haz\u0131rcavab T\u00fcrk zabiti, amerikal\u0131 m\u00fct\u0259x\u0259ssis v\u0259 e\u015f\u015f\u0259k! &#8230;"},"content":{"rendered":"\n<p>\u0130l:<strong> 1950-ci <\/strong>il.<\/p>\n\n\n\n<p><strong>Adnan Menderesin Amerika olmaq arzusunu qucaqlad\u0131\u011f\u0131 d\u00f6vrl\u0259r idi.<\/strong><\/p>\n\n\n\n<p>Bir \u00e7ox amerikal\u0131 m\u00fch\u0259ndisin yeni t\u0259nziml\u0259m\u0259 v\u0259 abadl\u0131q \u00fc\u00e7\u00fcn T\u00fcrkiy\u0259y\u0259 ax\u0131n edirdil\u0259r.<\/p>\n\n\n\n<p>Yer:<strong> L\u00dcLEBURQAZ<\/strong><\/p>\n\n\n\n<p>Tap\u015f\u0131r\u0131q: T\u00fcrkiy\u0259 Silahl\u0131 Q\u00fcvv\u0259l\u0259rinin t\u0259chizat\u0131 v\u0259 ictimai xidm\u0259ti Amerikal\u0131 bir m\u00fch\u0259ndis, yoxlama v\u0259 n\u0259zar\u0259t \u00fc\u00e7\u00fcn x\u00fcsusi n\u00fcmay\u0259nd\u0259l\u0259ri il\u0259 L\u00fcleburqaza g\u0259lir. L\u00fcleburqazda b\u00f6lg\u0259 komandan\u0131 Sedat \u00c7elik il\u0259 birlikd\u0259 g\u00f6r\u00fcl\u0259n i\u015fl\u0259ri seyr edir v\u0259 bir e\u015f\u015f\u0259yin arxas\u0131nca 3 \u0259sg\u0259rin getdiyini g\u00f6r\u0259nd\u0259 \u00e7ox t\u0259\u0259cc\u00fcbl\u0259nir v\u0259 soru\u015fur:<\/p>\n\n\n\n<p>&#8212; Bu heyvanla n\u0259 edirsiniz?<\/p>\n\n\n\n<p><br>&#8212; Aya\u011f\u0131na ba\u011flanm\u0131\u015f ipl\u0259rl\u0259 yolun eni\u015f s\u0259viyy\u0259sini m\u00fc\u0259yy\u0259nl\u0259\u015fdiririk. \u018fsg\u0259rl\u0259rd\u0259n biri onun atd\u0131\u011f\u0131 add\u0131m\u0131n\u0131 qeyd etdiyi pill\u0259ni qeyd edir, dig\u0259ri is\u0259 ipi toplay\u0131r. Aya\u011f\u0131na ba\u011flad\u0131\u011f\u0131m\u0131z ipl\u0259, heyvan s\u0259thin \u0259razisind\u0259 7% maillilik oldu\u011funu bildirir, dig\u0259r \u0259sg\u0259r is\u0259 yeni mar\u015frutu qeyd edir.<\/p>\n\n\n\n<p>&#8212; Mister \u00c7elik, bunu heyvan nec\u0259 ed\u0259 bil\u0259r?<br>&#8212; E\u015f\u015f\u0259kl\u0259r y\u00fck da\u015f\u0131yark\u0259n \u0259n asan v\u0259 hamar yerl\u0259ri se\u00e7irl\u0259r v\u0259 ke\u00e7dikl\u0259ri yolu he\u00e7 vaxt unutmazlar, buna g\u00f6r\u0259 e\u015f\u015f\u0259kl\u0259r b\u00fct\u00fcn d\u00fcnyada, x\u00fcsus\u0259n d\u0259 \u0259r\u0259b qit\u0259sind\u0259 d\u0259v\u0259 karvanlar\u0131n\u0131n ba\u015f\u0131nda yer alm\u0131\u015fd\u0131r.<\/p>\n\n\n\n<p>Amerikal\u0131 m\u00fch\u0259ndis kinay\u0259li \u015f\u0259kild\u0259 g\u00fcl\u00fcr:<br>&#8212; C\u0259nab \u00c7elik, e\u015f\u015f\u0259k olmayanda bunu nec\u0259 edirsiniz, ipi \u0259sg\u0259rinmi aya\u011f\u0131na ba\u011flay\u0131rs\u0131n\u0131z?<br>&#8212; Xeyr, olmayanda bu e\u015f\u015f\u0259yin yerin\u0259 amerikal\u0131 m\u00fch\u0259ndis g\u0259tiririk!<\/p>\n\n\n\n<p><strong>O d\u00f6vr\u00fcn komandan\u0131 Amerikal\u0131 m\u00fch\u0259ndisin cavab\u0131n\u0131 verdiyin\u0259 g\u00f6r\u0259 Adnan Menderes t\u0259r\u0259find\u0259n v\u0259zif\u0259d\u0259n azad edilmi\u015fdi &#8230;<\/strong><\/p>\n\n\n\n<figure class=\"wp-block-image size-large is-resized\"><img loading=\"lazy\" decoding=\"async\" src=\"http:\/\/fedai.az\/wp-content\/uploads\/2020\/08\/8IyC0x.png\" alt=\"\" class=\"wp-image-12384\" width=\"931\" height=\"705\"\/><\/figure>\n","protected":false},"excerpt":{"rendered":"<p>\u0130l: 1950-ci il. Adnan Menderesin Amerika olmaq arzusunu qucaqlad\u0131\u011f\u0131 d\u00f6vrl\u0259r idi. Bir \u00e7ox amerikal\u0131 m\u00fch\u0259ndisin yeni t\u0259nziml\u0259m\u0259 v\u0259 abadl\u0131q \u00fc\u00e7\u00fcn T\u00fcrkiy\u0259y\u0259 ax\u0131n edirdil\u0259r. Yer:<\/p>\n","protected":false},"author":2,"featured_media":0,"comment_status":"closed","ping_status":"closed","sticky":false,"template":"","format":"standard","meta":{"footnotes":""},"categories":[15],"tags":[],"class_list":["post-12382","post","type-post","status-publish","format-standard","hentry","category-atmaca"],"aioseo_notices":[],"_links":{"self":[{"href":"https:\/\/fedai.az\/index.php?rest_route=\/wp\/v2\/posts\/12382","targetHints":{"allow":["GET"]}}],"collection":[{"href":"https:\/\/fedai.az\/index.php?rest_route=\/wp\/v2\/posts"}],"about":[{"href":"https:\/\/fedai.az\/index.php?rest_route=\/wp\/v2\/types\/post"}],"author":[{"embeddable":true,"href":"https:\/\/fedai.az\/index.php?rest_route=\/wp\/v2\/users\/2"}],"replies":[{"embeddable":true,"href":"https:\/\/fedai.az\/index.php?rest_route=%2Fwp%2Fv2%2Fcomments&post=12382"}],"version-history":[{"count":2,"href":"https:\/\/fedai.az\/index.php?rest_route=\/wp\/v2\/posts\/12382\/revisions"}],"predecessor-version":[{"id":12386,"href":"https:\/\/fedai.az\/index.php?rest_route=\/wp\/v2\/posts\/12382\/revisions\/12386"}],"wp:attachment":[{"href":"https:\/\/fedai.az\/index.php?rest_route=%2Fwp%2Fv2%2Fmedia&parent=12382"}],"wp:term":[{"taxonomy":"category","embeddable":true,"href":"https:\/\/fedai.az\/index.php?rest_route=%2Fwp%2Fv2%2Fcategories&post=12382"},{"taxonomy":"post_tag","embeddable":true,"href":"https:\/\/fedai.az\/index.php?rest_route=%2Fwp%2Fv2%2Ftags&post=12382"}],"curies":[{"name":"wp","href":"https:\/\/api.w.org\/{rel}","templated":true}]}}