{"id":12579,"date":"2020-08-12T02:20:09","date_gmt":"2020-08-11T22:20:09","guid":{"rendered":"http:\/\/fedai.az\/?p=12579"},"modified":"2020-08-12T02:20:55","modified_gmt":"2020-08-11T22:20:55","slug":"ceyhun-bayramov-ataturkun-mavzoleyinii-ziyar%c9%99t-edib","status":"publish","type":"post","link":"https:\/\/fedai.az\/?p=12579","title":{"rendered":"Ceyhun Bayramov Atat\u00fcrk\u00fcn mavzoleyini ziyar\u0259t edib"},"content":{"rendered":"\n<p><strong>T\u00fcrkiy\u0259d\u0259 r\u0259smi s\u0259f\u0259rd\u0259 olan Az\u0259rbaycan xarici i\u015fl\u0259r naziri Ceyhun Bayramov T\u00fcrkiy\u0259 C\u00fcmhuriyy\u0259tinin qurucusu, t\u00fcrk mill\u0259tinin ulu \u00f6nd\u0259ri Mustafa Kamal Atat\u00fcrk\u00fcn mavzoleyini ziyar\u0259t edib.<\/strong><\/p>\n\n\n\n<p>Fedai.az x\u0259b\u0259r verir ki, nazir \u201cAn\u0131tkabir\u201dd\u0259 m\u0259zar\u0131 \u00f6n\u00fcn\u0259 \u0259klil qoyub, Xatir\u0259 kitab\u0131na \u00fcr\u0259k s\u00f6zl\u0259rimi yaz\u0131b v\u0259 muzeyl\u0259 tan\u0131\u015f olub.<\/p>\n\n\n\n<p>Daha sonra Az\u0259rbaycan xalq\u0131n\u0131n \u00fcmummilli lideri, m\u00fcasir v\u0259 m\u00fcst\u0259qil Az\u0259rbaycan\u0131n qurucusu Heyd\u0259r \u018fliyevin ad\u0131n\u0131 da\u015f\u0131yan park\u0131 v\u0259 abid\u0259ni ziyar\u0259t etdib v\u0259 Ulu \u00d6nd\u0259rin abid\u0259si qar\u015f\u0131s\u0131nda \u0259klil qoyub.<\/p>\n\n\n\n<figure class=\"wp-block-image size-large\"><img loading=\"lazy\" decoding=\"async\" width=\"960\" height=\"539\" src=\"http:\/\/fedai.az\/wp-content\/uploads\/2020\/08\/398719.jpg\" alt=\"\" class=\"wp-image-12580\" srcset=\"https:\/\/fedai.az\/wp-content\/uploads\/2020\/08\/398719.jpg 960w, https:\/\/fedai.az\/wp-content\/uploads\/2020\/08\/398719-300x168.jpg 300w, https:\/\/fedai.az\/wp-content\/uploads\/2020\/08\/398719-150x84.jpg 150w, https:\/\/fedai.az\/wp-content\/uploads\/2020\/08\/398719-768x431.jpg 768w, https:\/\/fedai.az\/wp-content\/uploads\/2020\/08\/398719-715x400.jpg 715w\" sizes=\"auto, (max-width: 960px) 100vw, 960px\" \/><\/figure>\n\n\n\n<figure class=\"wp-block-image size-large\"><img loading=\"lazy\" decoding=\"async\" width=\"960\" height=\"539\" src=\"http:\/\/fedai.az\/wp-content\/uploads\/2020\/08\/398721.jpg\" alt=\"\" class=\"wp-image-12581\" srcset=\"https:\/\/fedai.az\/wp-content\/uploads\/2020\/08\/398721.jpg 960w, https:\/\/fedai.az\/wp-content\/uploads\/2020\/08\/398721-300x168.jpg 300w, https:\/\/fedai.az\/wp-content\/uploads\/2020\/08\/398721-150x84.jpg 150w, https:\/\/fedai.az\/wp-content\/uploads\/2020\/08\/398721-768x431.jpg 768w, https:\/\/fedai.az\/wp-content\/uploads\/2020\/08\/398721-715x400.jpg 715w\" sizes=\"auto, (max-width: 960px) 100vw, 960px\" \/><\/figure>\n\n\n\n<figure class=\"wp-block-image size-large\"><img loading=\"lazy\" decoding=\"async\" width=\"960\" height=\"638\" src=\"http:\/\/fedai.az\/wp-content\/uploads\/2020\/08\/398722.jpg\" alt=\"\" class=\"wp-image-12582\" srcset=\"https:\/\/fedai.az\/wp-content\/uploads\/2020\/08\/398722.jpg 960w, https:\/\/fedai.az\/wp-content\/uploads\/2020\/08\/398722-300x199.jpg 300w, https:\/\/fedai.az\/wp-content\/uploads\/2020\/08\/398722-150x100.jpg 150w, https:\/\/fedai.az\/wp-content\/uploads\/2020\/08\/398722-768x510.jpg 768w\" sizes=\"auto, (max-width: 960px) 100vw, 960px\" \/><\/figure>\n","protected":false},"excerpt":{"rendered":"<p>T\u00fcrkiy\u0259d\u0259 r\u0259smi s\u0259f\u0259rd\u0259 olan Az\u0259rbaycan xarici i\u015fl\u0259r naziri Ceyhun Bayramov T\u00fcrkiy\u0259 C\u00fcmhuriyy\u0259tinin qurucusu, t\u00fcrk mill\u0259tinin ulu \u00f6nd\u0259ri Mustafa Kamal Atat\u00fcrk\u00fcn mavzoleyini ziyar\u0259t edib. Fedai.az<\/p>\n","protected":false},"author":2,"featured_media":12583,"comment_status":"closed","ping_status":"closed","sticky":false,"template":"","format":"standard","meta":{"footnotes":""},"categories":[1],"tags":[],"class_list":["post-12579","post","type-post","status-publish","format-standard","has-post-thumbnail","hentry","category-siyast"],"aioseo_notices":[],"_links":{"self":[{"href":"https:\/\/fedai.az\/index.php?rest_route=\/wp\/v2\/posts\/12579","targetHints":{"allow":["GET"]}}],"collection":[{"href":"https:\/\/fedai.az\/index.php?rest_route=\/wp\/v2\/posts"}],"about":[{"href":"https:\/\/fedai.az\/index.php?rest_route=\/wp\/v2\/types\/post"}],"author":[{"embeddable":true,"href":"https:\/\/fedai.az\/index.php?rest_route=\/wp\/v2\/users\/2"}],"replies":[{"embeddable":true,"href":"https:\/\/fedai.az\/index.php?rest_route=%2Fwp%2Fv2%2Fcomments&post=12579"}],"version-history":[{"count":2,"href":"https:\/\/fedai.az\/index.php?rest_route=\/wp\/v2\/posts\/12579\/revisions"}],"predecessor-version":[{"id":12585,"href":"https:\/\/fedai.az\/index.php?rest_route=\/wp\/v2\/posts\/12579\/revisions\/12585"}],"wp:featuredmedia":[{"embeddable":true,"href":"https:\/\/fedai.az\/index.php?rest_route=\/wp\/v2\/media\/12583"}],"wp:attachment":[{"href":"https:\/\/fedai.az\/index.php?rest_route=%2Fwp%2Fv2%2Fmedia&parent=12579"}],"wp:term":[{"taxonomy":"category","embeddable":true,"href":"https:\/\/fedai.az\/index.php?rest_route=%2Fwp%2Fv2%2Fcategories&post=12579"},{"taxonomy":"post_tag","embeddable":true,"href":"https:\/\/fedai.az\/index.php?rest_route=%2Fwp%2Fv2%2Ftags&post=12579"}],"curies":[{"name":"wp","href":"https:\/\/api.w.org\/{rel}","templated":true}]}}