{"id":12912,"date":"2020-08-15T15:03:16","date_gmt":"2020-08-15T11:03:16","guid":{"rendered":"http:\/\/fedai.az\/?p=12912"},"modified":"2020-08-15T20:24:30","modified_gmt":"2020-08-15T16:24:30","slug":"nikol-pasinyan-bbc-y%c9%99-musahib%c9%99sind%c9%99-dagliq-qarabagda-yol-c%c9%99k%c9%99n-erm%c9%99nistan-hokum%c9%99ti-deyil","status":"publish","type":"post","link":"https:\/\/fedai.az\/?p=12912","title":{"rendered":"Nikol Pa\u015finyan BBC-y\u0259 m\u00fcsahib\u0259sind\u0259: &#171;Da\u011fl\u0131q Qaraba\u011fda yol \u00e7\u0259k\u0259n Erm\u0259nistan h\u00f6kum\u0259ti deyil&#187;"},"content":{"rendered":"\n<p><strong>N. Pa\u015finyan\u0131n BBC-y\u0259 verdiyi m\u00fcsahib\u0259ni (BBC Az\u0259rbaycan-a istinad\u0259n) sizl\u0259r\u0259 t\u0259qdim edirik&#8230;<\/strong><\/p>\n\n\n\n<figure class=\"wp-block-image size-large is-resized\"><img loading=\"lazy\" decoding=\"async\" src=\"http:\/\/fedai.az\/wp-content\/uploads\/2020\/08\/113912074_whatsubject.jpg\" alt=\"\" class=\"wp-image-12913\" width=\"909\" height=\"511\"\/><\/figure>\n\n\n\n<p>Nikol Pa\u015finyan jurnalist Stiven Sackur-la m\u00fcsahib\u0259y\u0259 internet vasil\u0259sil\u0259 qo\u015fulub<\/p>\n\n\n\n<p><strong>Ba\u015f nazir Nikol Pa\u015finyan BBC-nin HARD Talk proqram\u0131na m\u00fcsahib\u0259sind\u0259 Xocal\u0131 q\u0131r\u011f\u0131nlar\u0131n\u0131n erm\u0259ni q\u00fcvv\u0259l\u0259ri t\u0259r\u0259find\u0259n t\u00f6r\u0259dilm\u0259sini ictimai \u015f\u0259kild\u0259 r\u0259dd ed\u0259n ilk Erm\u0259nistan lideri olub.<\/strong><\/p>\n\n\n\n<p>Erm\u0259nistan lideri il\u0259 m\u00fcsahib\u0259ni jurnalist Stephen Sackur apar\u0131b. BBC-nin HARD Talk proqram\u0131nda qonaqlara maksimum t\u0259nqidi v\u0259 \u00e7\u0259tin suallar verilir.<\/p>\n\n\n\n<p><strong>Stephen Sackur:<\/strong>&nbsp;Siz Az\u0259rbaycanla s\u00fclh\u0259 aparan c\u0131\u011f\u0131r\u0131 tapmaq bar\u0259d\u0259 dan\u0131\u015faraq hakimiyy\u0259t\u0259 g\u0259lmisiniz. Ancaq ke\u00e7\u0259n ay Az\u0259rbaycan v\u0259 Erm\u0259nistan aras\u0131nda yeni d\u00f6y\u00fc\u015fl\u0259r ba\u015f verdi, biz h\u0259r iki t\u0259r\u0259fd\u0259n \u0259n az\u0131 17 h\u0259rbi personal\u0131n \u00f6ld\u00fcy\u00fcn\u00fc g\u00f6rd\u00fck. Bu he\u00e7 d\u0259 d\u0259yi\u015fikliy\u0259 b\u0259nz\u0259mir, h\u0259r \u015fey oldu\u011fu kimi davam edir.<\/p>\n\n\n\n<p><strong>Nikol Pa\u015finyan<\/strong>: S\u00fclh Erm\u0259nistan\u0131n birt\u0259r\u0259fli h\u0259r\u0259k\u0259tl\u0259ri il\u0259 \u0259ld\u0259 edil\u0259 bilm\u0259z. \u00c7\u00fcnki Az\u0259rbaycan Erm\u0259nistan\u0131n s\u0259yl\u0259rin\u0259 qar\u015f\u0131l\u0131ql\u0131 cavab ver\u0259rs\u0259, h\u0259qiqi s\u00fclh\u0259 nail ola bil\u0259rik. Erm\u0259nistan\u0131n Ba\u015f naziri olanda s\u00fclh \u00fc\u00e7\u00fcn yeni bir d\u00fcstur t\u0259klif etdim. D\u00fcstur bel\u0259dir. Da\u011fl\u0131q Qaraba\u011f m\u00fcnaqi\u015f\u0259sinin h\u0259r hans\u0131 bir h\u0259lli Erm\u0259nistan xalq\u0131, Da\u011fl\u0131q Qaraba\u011f xalq\u0131 v\u0259 Az\u0259rbaycan xalq\u0131 \u00fc\u00e7\u00fcn m\u0259qbul olmal\u0131d\u0131r v\u0259 m\u0259n Da\u011fl\u0131q Qaraba\u011fa aid ist\u0259nil\u0259n h\u0259llin h\u0259m d\u0259 Az\u0259rbaycan xalq\u0131 \u00fc\u00e7\u00fcn d\u0259 m\u0259qbul olmal\u0131 oldu\u011funu dey\u0259n ilk Erm\u0259nistan lideriy\u0259m. Ancaq t\u0259\u0259ss\u00fcf ki, Az\u0259rbaycan Prezidenti m\u0259nim t\u0259klifim\u0259 qar\u015f\u0131l\u0131q verm\u0259di.<\/p>\n\n\n\n<p><strong>Stephen Sackur:<\/strong>&nbsp;Ancaq h\u0259r\u0259k\u0259tl\u0259r s\u00f6zl\u0259rd\u0259n daha gurultulu dan\u0131\u015f\u0131r, c\u0259nab Ba\u015f nazir. \u0130yulun ortalar\u0131nda g\u00f6rd\u00fck ki, Erm\u0259nistan Silahl\u0131 Q\u00fcvv\u0259l\u0259ri m\u00fcnaqi\u015f\u0259 x\u0259tti boyunca k\u0259ndl\u0259ri at\u0259\u015f\u0259 tutur, az\u0259rbaycanl\u0131lar\u0131n dediyin\u0259 g\u00f6r\u0259, 76 ya\u015fl\u0131 m\u00fclki \u015f\u0259xs \u00f6ld\u00fcr\u00fcl\u00fcr v\u0259 n\u0259tic\u0259d\u0259 qisasa-qisasat\u0259\u015fi a\u00e7\u0131l\u0131r v\u0259 n\u0259tic\u0259d\u0259 geni\u015f d\u00f6y\u00fc\u015fl\u0259r ba\u015f verir. Bir daha qeyd edir\u0259m ki, sizin siyas\u0259tiniz s\u00fclh\u0259 nail olmaq m\u0259qs\u0259di \u00fcz\u0259rind\u0259 qurulmu\u015f kimi g\u00f6r\u00fcnm\u00fcr.<\/p>\n\n\n\n<p><strong>Nikol Pa\u015finyan:&nbsp;<\/strong>Az\u0259rbaycan Erm\u0259nistana h\u0259rbi h\u00fccumu ba\u015flatd\u0131 v\u0259 bu, ayr\u0131 bir h\u0259r\u0259k\u0259t deyildi. Uzun m\u00fcdd\u0259t \u0259rzind\u0259 Az\u0259rbaycan Prezidenti Da\u011fl\u0131q Qaraba\u011f m\u00fcnaqi\u015f\u0259sini h\u0259rbi g\u00fccl\u0259 h\u0259ll etm\u0259k niyy\u0259tind\u0259 oldu\u011fu bar\u0259d\u0259 d\u00f6y\u00fc\u015fk\u0259n ritorikaya \u0259l at\u0131b. Bu s\u0259rt ritorikan\u0131n n\u0259tic\u0259si olaraq, Az\u0259rbaycan h\u00f6kum\u0259ti \u00f6z c\u0259miyy\u0259tin\u0259 Da\u011fl\u0131q Qaraba\u011f m\u00fcnaqi\u015f\u0259sini g\u00fcc yolu il\u0259 niy\u0259 h\u0259ll ed\u0259 bilm\u0259diyini izah etm\u0259kd\u0259 \u00e7\u0259tinlik \u00e7\u0259kir.<\/p>\n\n\n\n<p><strong>Stephen Sackur:<\/strong>&nbsp;Siz deyirsiniz ki, d\u00f6y\u00fc\u015fl\u0259ri az\u0259rbaycanl\u0131lar ba\u015flad\u0131b, onlar da, \u0259lb\u0259tt\u0259 ki, deyirl\u0259r, siz ba\u015flam\u0131s\u0131n\u0131z. M\u0259n bu d\u00f6y\u00fc\u015fl\u0259ri kimin ba\u015flad\u0131\u011f\u0131n\u0131 dey\u0259 bilm\u0259r\u0259m, amma onu dey\u0259 bil\u0259r\u0259m ki, siz bir ay i\u00e7\u0259risind\u0259 bir-birinin ard\u0131nca Da\u011fl\u0131q Qaraba\u011fda g\u0259rginliyi art\u0131ran ciddi t\u0259hrikedici add\u0131mlar atm\u0131s\u0131n\u0131z. M\u0259s\u0259l\u0259n, niy\u0259 ke\u00e7\u0259n ilin avqustunda Da\u011fl\u0131q Qaraba\u011fda Stepanakert\u0259getdiniz v\u0259 \u00e7\u0131x\u0131\u015f\u0131n\u0131zda &#171;Artsax, &#8212; siz Da\u011fl\u0131q Qaraba\u011f\u0131 bel\u0259 adland\u0131r\u0131rs\u0131n\u0131z &#8212; Erm\u0259nistand\u0131r, n\u00f6qt\u0259&#187; dediniz? V\u0259 bununla da imkan verdiniz ki, izdiham birl\u0259\u015fm\u0259 kimi mill\u0259t\u00e7i bir \u015f\u00fcar s\u0259sl\u0259ndirsin. Bu a\u00e7\u0131q-a\u015fkar Az\u0259rbaycana qar\u015f\u0131 provokasiya idi.<\/p>\n\n\n\n<figure class=\"wp-block-image size-large\"><img decoding=\"async\" src=\"http:\/\/fedai.az\/wp-content\/uploads\/2020\/08\/113393052_azerbaijanfuneralreu.jpg\" alt=\"\" class=\"wp-image-12914\"\/><figcaption><em>Tovuz d\u00f6y\u00fc\u015fl\u0259rind\u0259n sonra Az\u0259rbaycanda yas m\u0259rasimi (arxiv)<\/em><\/figcaption><\/figure>\n\n\n\n<p><strong>Nikol Pa\u015finyan<\/strong>: Birincisi, beyn\u0259lxalq ictimaiyy\u0259tin v\u0259ziyy\u0259tini ba\u015fa d\u00fc\u015f\u0259 bil\u0259r\u0259m. Onlar h\u0259r d\u0259f\u0259 kimin ba\u015flad\u0131\u011f\u0131, at\u0259\u015fk\u0259si kimi pozdu\u011fu bar\u0259d\u0259 qar\u015f\u0131l\u0131ql\u0131 ittihamlar\u0131 e\u015fidirl\u0259r. M\u0259hz buna g\u00f6r\u0259 bu, uzun m\u00fcdd\u0259tdir ki, t\u0259krar\u0259n davam edir. V\u0259 buna g\u00f6r\u0259 d\u0259 at\u0259\u015fk\u0259sin pozulmas\u0131n\u0131 ara\u015fd\u0131racaq beyn\u0259lxalq mexanizminin t\u0259sis edilm\u0259sini t\u0259klif edirik. Bu da Erm\u0259nistan\u0131n etibarl\u0131 t\u0259klifidir. \u0130kincisi, m\u0259n Da\u011fl\u0131q Qaraba\u011f\u0131n, Artsax\u0131n Erm\u0259nistan oldu\u011funu niy\u0259 dedim? \u0130lk \u00f6nc\u0259, bir ne\u00e7\u0259 min ildir ki, Da\u011fl\u0131q Qaraba\u011fda yerli erm\u0259ni \u0259halisi m\u0259skunla\u015f\u0131b v\u0259 yeri g\u0259lmi\u015fk\u0259n, Artsax ad\u0131n\u0131n bir ne\u00e7\u0259 min il ya\u015f\u0131 var.<\/p>\n\n\n\n<p><strong>Stephen Sackur:<\/strong>&nbsp;C\u0259nab Ba\u015f nazir, biz sizin tarixinizin minill\u0259rini m\u00fczakir\u0259 ed\u0259 bilm\u0259rik, ancaq bu g\u00fcn\u00fcn reall\u0131qlar\u0131na diqq\u0259t yetir\u0259 bil\u0259rik. BMT Ba\u015f Assambleyas\u0131, sizin d\u0259 bildiyiniz kimi, q\u0259tnam\u0259 q\u0259bul edib &#8212; sitat: &#171;&#8230;b\u00fct\u00fcn erm\u0259ni q\u00fcvv\u0259l\u0259rinin Az\u0259rbaycan\u0131n i\u015f\u011fal alt\u0131nda olan \u0259razil\u0259rind\u0259n qeyd-\u015f\u0259rtsiz \u00e7\u0259kilm\u0259sini t\u0259l\u0259b edir&#187;. Bu, BMT Ba\u015f Assambleyas\u0131n\u0131n q\u0259tnam\u0259sidir v\u0259 beyn\u0259lxalq qanunlara g\u00f6r\u0259, sizin q\u00fcvv\u0259l\u0259riniz i\u015f\u011fal q\u00fcvv\u0259l\u0259ridir. Siz d\u0259 oraya ged\u0259r\u0259k, o \u0259razinin sizin olmas\u0131 bar\u0259d\u0259 dan\u0131\u015fma\u011f\u0131 se\u00e7diniz. A\u00e7\u0131q-a\u015fkard\u0131r ki, siz s\u00fclhyarad\u0131c\u0131 deyilsiniz.<\/p>\n\n\n\n<p><strong>Nikol Pa\u015finyan:<\/strong>&nbsp;BMT T\u0259hl\u00fck\u0259sizlik \u015euras\u0131n\u0131n s\u0259n\u0259di Erm\u0259nistan Respublikas\u0131 v\u0259 ya Erm\u0259nistan Respublikas\u0131n\u0131n silahl\u0131 q\u00fcvv\u0259l\u0259rini qeyd etmir. Da\u011fl\u0131q Qaraba\u011f erm\u0259nil\u0259rinin \u00f6z\u00fcn\u00fc-m\u00fcdafi\u0259 q\u00fcvv\u0259l\u0259ri yaz\u0131l\u0131b. Bu birinci. \u0130kincisi &#8212; siz reall\u0131\u011fa baxma\u011f\u0131 t\u0259klif etdiniz. Reall\u0131q is\u0259 budur ki, bu m\u00fcnaqi\u015f\u0259nin ba\u015fland\u0131\u011f\u0131 anda Da\u011fl\u0131q Qaraba\u011f \u0259halisinin90 faizi, 80 faizi erm\u0259nil\u0259r idi. Az\u0259rbaycan bu \u0259razini erm\u0259nil\u0259rd\u0259n t\u0259mizl\u0259m\u0259y\u0259 \u00e7al\u0131\u015fd\u0131 v\u0259 m\u00fcnaqi\u015f\u0259 bu andan ba\u015flay\u0131r.<\/p>\n\n\n\n<p><strong>Stephen Sackur:<\/strong>&nbsp;Amma m\u0259nim sual\u0131m budur ki, c\u0259nab nazir, siz s\u00fclh yolunu se\u00e7m\u0259k bar\u0259d\u0259 verdiyiniz v\u0259di n\u0259 d\u0259r\u0259c\u0259d\u0259 tutmu\u015f olursunuz? M\u0259s\u0259l\u0259n, m\u0259n bilir\u0259m ki, sizin h\u00f6kum\u0259tiniz Erm\u0259nistandan Da\u011fl\u0131q Qaraba\u011fa Az\u0259rbaycan\u0131n geni\u015f \u0259razisind\u0259n ke\u00e7\u0259n yeni yol \u00e7\u0259km\u0259yi planla\u015fd\u0131r\u0131r. Br\u00fcsseld\u0259 bu plana baxan Avropa \u0130ttifaq\u0131 Parlamentinin Qafqaz \u00fczr\u0259 m\u00fct\u0259x\u0259ssisl\u0259\u015fmi\u015f bir qrup \u00fczv\u00fc bu plan\u0131 beyn\u0259lxalq qanunlar\u0131n pozulmas\u0131 kimi t\u0259svir edib. Onlar deyibl\u0259r ki, bu, Da\u011fl\u0131q Qaraba\u011f\u0131n qanunsuz i\u015f\u011fal\u0131n\u0131 simvolik olaraq m\u00f6hk\u0259ml\u0259d\u0259c\u0259k. &#171;Biz bu t\u0259\u015f\u0259bb\u00fcs\u00fc q\u0131nay\u0131r\u0131q&#187;, onlar deyibl\u0259r. Siz bu yolun \u00e7\u0259kilm\u0259sini dayand\u0131racaqs\u0131n\u0131zm\u0131?<\/p>\n\n\n\n<p><strong>Nikol Pa\u015finyan<\/strong>: Da\u011fl\u0131q Qaraba\u011fda h\u0259r hans\u0131 yol \u00e7\u0259k\u0259n Erm\u0259nistan h\u00f6kum\u0259ti deyil. Bu, \u00f6z \u0259halisinin maraqlar\u0131 \u00e7\u0259r\u00e7iv\u0259sind\u0259 h\u0259r\u0259k\u0259t ed\u0259n Da\u011fl\u0131q Qaraba\u011f h\u00f6kum\u0259tidir. Bilirsiniz, Qaraba\u011fda insanlar ya\u015fay\u0131r. \u0130nsanlar ya\u015fay\u0131r v\u0259 onlar\u0131n ehtiyaclar\u0131 var &#8212; t\u0259chizat, \u0259rzaq, h\u0259r\u0259k\u0259t ehtiyaclar\u0131 v\u0259 Az\u0259rbaycan, yeri g\u0259lmi\u015fk\u0259n, Da\u011fl\u0131q Qaraba\u011fa qar\u015f\u0131 t\u0259crid v\u0259 blokada siyas\u0259tini h\u0259yata ke\u00e7irir. Yeri g\u0259lmi\u015fk\u0259n, el\u0259 Erm\u0259nistana qar\u015f\u0131 da.<\/p>\n\n\n\n<p><strong>Stephen Sackur:<\/strong>&nbsp;C\u0259nab Ba\u015f nazir, m\u0259n bu m\u00fcsahib\u0259y\u0259 ba\u015flayanda dedim ki, siz hakimiyy\u0259t\u0259 d\u0259yi\u015fikl\u0259r v\u0259 islahatlar bar\u0259d\u0259 b\u00f6y\u00fck \u00fcmidl\u0259rl\u0259 g\u0259lmi\u015fdiniz. Ancaq bu m\u0259s\u0259l\u0259d\u0259 &#8212; Erm\u0259nistan\u0131n Da\u011fl\u0131q Qaraba\u011f m\u0259s\u0259l\u0259sind\u0259 mill\u0259t\u00e7i m\u00f6vqeyi, sizin, s\u0259mimi des\u0259m, m\u0259nal\u0131 s\u00fclh elementi olmayan strategiyan\u0131zla siz el\u0259 \u00f6z s\u0259l\u0259fl\u0259riniz kimisiniz. Siz onlardan f\u0259rqli deyilsiniz. Han\u0131 s\u00fcbut ki, Erm\u0259nistan xalq\u0131 \u00fc\u00e7\u00fcn bel\u0259 \u00f6n\u0259mli bir m\u0259s\u0259l\u0259d\u0259 siz masa \u00fcz\u0259rin\u0259 n\u0259s\u0259 f\u0259rqli bir \u015fey g\u0259tirirsiniz?<\/p>\n\n\n\n<p><strong>Nikol Pa\u015finyan<\/strong>: M\u00f6vqeyimizi mill\u0259t\u00e7i adland\u0131rd\u0131\u011f\u0131n\u0131zla raz\u0131 deyil\u0259m. \u00c7\u00fcnki Da\u011fl\u0131q Qaraba\u011f erm\u0259nil\u0259rinin m\u00f6vcudlu\u011fu t\u0259hl\u00fck\u0259 alt\u0131ndad\u0131r. V\u0259 n\u0259 t\u0259klif edirik? Biz Da\u011fl\u0131q Qaraba\u011f m\u00fcnaqi\u015f\u0259sinin h\u0259lli \u00fc\u00e7\u00fcn h\u0259r hans\u0131 g\u00fcc t\u0259tbiq etm\u0259 imkan\u0131ndan imtina etm\u0259yi t\u0259klif edirik. Biz \u00e7ox sad\u0259 bir d\u00fcsturla raz\u0131la\u015fmal\u0131y\u0131q &#8212; Da\u011fl\u0131q Qaraba\u011f m\u00fcnaqi\u015f\u0259sinin h\u0259rbi h\u0259lli m\u00f6vcud deyil.<\/p>\n\n\n\n<p><strong>Stephen Sackur:<\/strong>&nbsp;Sizin m\u00f6vqeyinizi ba\u015fa d\u00fc\u015f\u00fcr\u0259m. Amma siz hakimiyy\u0259t\u0259 g\u0259lm\u0259zd\u0259n \u00f6nc\u0259 jurnalist, insan haqlar\u0131 m\u00fcdafi\u0259\u00e7isi olmusunuz v\u0259 h\u0259tta siyasi m\u0259hbus kimi h\u0259bs yatm\u0131s\u0131n\u0131z. Y\u0259ni, insan haqlar\u0131na \u00f6n\u0259m verirsiniz. M\u0259n bilm\u0259k ist\u0259yir\u0259m, Az\u0259rbaycana \u0259linizi uzatmaq v\u0259 sizd\u0259n \u0259vv\u0259lki liderl\u0259rd\u0259n f\u0259rqli oldu\u011funuzu g\u00f6st\u0259rm\u0259k \u00fc\u00e7\u00fcn &#171;ke\u00e7mi\u015fd\u0259, x\u00fcsusil\u0259 1980-ci ill\u0259rin sonlar\u0131 v\u0259 1990-c\u0131 ill\u0259rin \u0259vv\u0259lind\u0259 Erm\u0259nistan q\u00fcvv\u0259l\u0259ri Da\u011fl\u0131q Qaraba\u011fda ciddi insan haqlar\u0131 pozuntular\u0131na yol veribl\u0259r, m\u00fcharib\u0259 cinay\u0259tl\u0259ri t\u00f6r\u0259dibl\u0259r&#187; dem\u0259y\u0259 haz\u0131rs\u0131n\u0131zm\u0131? Bir \u00e7ox m\u00fcst\u0259qil m\u00fc\u015fahid\u0259cil\u0259r h\u0259min cinay\u0259tl\u0259ri qeyd\u0259 al\u0131blar. Siz onlar\u0131 etiraf etm\u0259y\u0259 v\u0259 &#171;\u00fczr ist\u0259yirik&#187; dem\u0259y\u0259 haz\u0131rs\u0131n\u0131zm\u0131?<\/p>\n\n\n\n<figure class=\"wp-block-image size-large is-resized\"><img loading=\"lazy\" decoding=\"async\" src=\"http:\/\/fedai.az\/wp-content\/uploads\/2020\/08\/113591763_gettyimages-1227623620.jpg\" alt=\"\" class=\"wp-image-12915\" width=\"919\" height=\"517\"\/><figcaption><em>Tovuz d\u00f6y\u00fc\u015fl\u0259rind\u0259n sonra Erm\u0259nistanda yas m\u0259rasimi (arxiv)<\/em><\/figcaption><\/figure>\n\n\n\n<p><strong>Nikol Pa\u015finyan<\/strong>: \u0130st\u0259nil\u0259n m\u00fcharib\u0259 faci\u0259l\u0259r z\u0259nciridir. M\u0259hz buna g\u00f6r\u0259 deyirik ki, g\u0259lin, Da\u011fl\u0131q Qaraba\u011f m\u00fcnaqi\u015f\u0259sinin h\u0259lli \u00fc\u00e7\u00fcn ist\u0259nil\u0259n g\u00fcc t\u0259tbiqi imkanlar\u0131ndan imtina ed\u0259k. H\u0259r hans\u0131 \u0259min-amanl\u0131q kompromis dem\u0259kdir v\u0259 Erm\u0259nistan h\u0259mi\u015f\u0259 kompromis getm\u0259y\u0259 haz\u0131r idi v\u0259 indi d\u0259 haz\u0131rd\u0131r.<\/p>\n\n\n\n<p><strong>Stephen Sackur:<\/strong>&nbsp;M\u0259n siz\u0259 \u00e7ox sad\u0259 sual verir\u0259m, siz Erm\u0259nistan ordusu t\u0259r\u0259find\u0259n m\u0259s\u0259l\u0259n, Avropa \u0130nsan Haqlar\u0131 M\u0259hk\u0259m\u0259sind\u0259 siyah\u0131ya al\u0131nm\u0131\u015f insan haqlar\u0131n\u0131n pozulmas\u0131 hallar\u0131na g\u00f6r\u0259 bar\u0131\u015fma ruhunda &#171;\u00fczr ist\u0259yir\u0259m&#187; dey\u0259c\u0259ksinizmi? Siz &#171;\u00fczr ist\u0259yir\u0259m&#187; dey\u0259c\u0259ksinizmi?<\/p>\n\n\n\n<p><strong>Nikol Pa\u015finyan<\/strong>&nbsp;&#8212; Avropa M\u0259hk\u0259m\u0259sinin az\u0259rbaycanl\u0131lar\u0131n erm\u0259nil\u0259r\u0259 qar\u015f\u0131 v\u0259h\u015filikl\u0259rin\u0259 dair b\u0259nz\u0259r kataloqu var.<\/p>\n\n\n\n<p><strong>Stephen Sackur:&nbsp;<\/strong>Amma m\u0259n az\u0259rbaycanl\u0131larla dan\u0131\u015fm\u0131ram, m\u0259n sizinl\u0259 dan\u0131\u015f\u0131ram.<\/p>\n\n\n\n<p><strong>Nikol Pa\u015finyan<\/strong>: \u0130caz\u0259 verin sual\u0131n\u0131za cavab verim. V\u0259 biz Sumqay\u0131t hadis\u0259l\u0259rini d\u0259 qeyd etm\u0259liyik. Bu, 1980-ci ill\u0259rin sonlar\u0131na aiddir ki, Az\u0259rbaycan h\u00f6kum\u0259ti v\u0259 az\u0259rbaycanl\u0131lar, paytaxt Bak\u0131da, Sumqay\u0131t \u015f\u0259h\u0259rind\u0259 erm\u0259nil\u0259r\u0259 qar\u015f\u0131 poqromlar t\u00f6r\u0259dibl\u0259r. M\u0259s\u0259l\u0259 budur.<\/p>\n\n\n\n<p><strong>Stephen Sackur:<\/strong>&nbsp;M\u0259n sad\u0259c\u0259 bilm\u0259k ist\u0259yirdim ki, siz Erm\u0259nistan q\u00fcvv\u0259l\u0259ri t\u0259r\u0259find\u0259n t\u00f6r\u0259dilmi\u015f insan haqlar\u0131 pozuntular\u0131 \u00fc\u00e7\u00fcn \u00fczr ist\u0259m\u0259y\u0259 haz\u0131rs\u0131n\u0131zm\u0131? Bu ki, \u00e7ox sad\u0259dir &#8212; B\u0259li v\u0259 ya Xeyr.<\/p>\n\n\n\n<p><strong>Nikol Pa\u015finyan:<\/strong>Bu v\u0259h\u015filikl\u0259rin kimin t\u00f6r\u0259tdiyini s\u00fcbut etm\u0259k laz\u0131md\u0131r v\u0259 d\u00fc\u015f\u00fcn\u00fcr\u0259m ki, Da\u011fl\u0131q Qaraba\u011f erm\u0259nil\u0259ri v\u0259 Az\u0259rbaycan qurbanlard\u0131rv\u0259 biz bunu isbat ed\u0259 bil\u0259rik. B\u00fct\u00fcn hallarda, ist\u0259nil\u0259n vaxt.<strong>(BBC)<\/strong><\/p>\n\n\n\n<p><strong>Baku.tv is\u0259 h\u0259min m\u00fcsahib\u0259nin t\u0259rc\u00fcm\u0259 edilmi\u015f videosunu t\u0259qdim edib:<\/strong><\/p>\n\n\n\n<figure class=\"wp-block-embed-youtube wp-block-embed is-type-video is-provider-youtube wp-embed-aspect-16-9 wp-has-aspect-ratio\"><div class=\"wp-block-embed__wrapper\">\n<iframe loading=\"lazy\" title=\"Pa\u015finyan\u0131n BBC-y\u0259 m\u00fcsahib\u0259si - Tam versiya, t\u0259rc\u00fcm\u0259 olunmu\u015f\" width=\"715\" height=\"402\" src=\"https:\/\/www.youtube.com\/embed\/cp_5k-S-uSQ?feature=oembed\" frameborder=\"0\" allow=\"accelerometer; autoplay; encrypted-media; gyroscope; picture-in-picture\" allowfullscreen><\/iframe>\n<\/div><\/figure>\n","protected":false},"excerpt":{"rendered":"<p>N. Pa\u015finyan\u0131n BBC-y\u0259 verdiyi m\u00fcsahib\u0259ni (BBC Az\u0259rbaycan-a istinad\u0259n) sizl\u0259r\u0259 t\u0259qdim edirik&#8230; Nikol Pa\u015finyan jurnalist Stiven Sackur-la m\u00fcsahib\u0259y\u0259 internet vasil\u0259sil\u0259 qo\u015fulub Ba\u015f nazir Nikol Pa\u015finyan<\/p>\n","protected":false},"author":2,"featured_media":0,"comment_status":"closed","ping_status":"closed","sticky":false,"template":"","format":"standard","meta":{"footnotes":""},"categories":[4],"tags":[],"class_list":["post-12912","post","type-post","status-publish","format-standard","hentry","category-qarabag"],"aioseo_notices":[],"_links":{"self":[{"href":"https:\/\/fedai.az\/index.php?rest_route=\/wp\/v2\/posts\/12912","targetHints":{"allow":["GET"]}}],"collection":[{"href":"https:\/\/fedai.az\/index.php?rest_route=\/wp\/v2\/posts"}],"about":[{"href":"https:\/\/fedai.az\/index.php?rest_route=\/wp\/v2\/types\/post"}],"author":[{"embeddable":true,"href":"https:\/\/fedai.az\/index.php?rest_route=\/wp\/v2\/users\/2"}],"replies":[{"embeddable":true,"href":"https:\/\/fedai.az\/index.php?rest_route=%2Fwp%2Fv2%2Fcomments&post=12912"}],"version-history":[{"count":2,"href":"https:\/\/fedai.az\/index.php?rest_route=\/wp\/v2\/posts\/12912\/revisions"}],"predecessor-version":[{"id":12926,"href":"https:\/\/fedai.az\/index.php?rest_route=\/wp\/v2\/posts\/12912\/revisions\/12926"}],"wp:attachment":[{"href":"https:\/\/fedai.az\/index.php?rest_route=%2Fwp%2Fv2%2Fmedia&parent=12912"}],"wp:term":[{"taxonomy":"category","embeddable":true,"href":"https:\/\/fedai.az\/index.php?rest_route=%2Fwp%2Fv2%2Fcategories&post=12912"},{"taxonomy":"post_tag","embeddable":true,"href":"https:\/\/fedai.az\/index.php?rest_route=%2Fwp%2Fv2%2Ftags&post=12912"}],"curies":[{"name":"wp","href":"https:\/\/api.w.org\/{rel}","templated":true}]}}