{"id":12922,"date":"2020-08-15T18:20:24","date_gmt":"2020-08-15T14:20:24","guid":{"rendered":"http:\/\/fedai.az\/?p=12922"},"modified":"2020-08-15T18:20:55","modified_gmt":"2020-08-15T14:20:55","slug":"sumqayitli-doyuscul%c9%99r-q%c9%99hr%c9%99manlarimizin-xatir%c9%99sin%c9%99-h%c9%99sr-olunan-plakat-ucaltdilar","status":"publish","type":"post","link":"https:\/\/fedai.az\/?p=12922","title":{"rendered":"Sumqay\u0131tl\u0131 d\u00f6y\u00fc\u015f\u00e7\u00fcl\u0259r q\u0259hr\u0259manlar\u0131m\u0131z\u0131n xatir\u0259sin\u0259 h\u0259sr olunan plakat ucaltd\u0131lar"},"content":{"rendered":"\n<p><strong>AVMV\u0130B Sumqay\u0131t \u015f\u0259h\u0259r \u015f\u00f6b\u0259sinin s\u0259dri Timuraz Mansurovun verdiyi m\u0259lumata g\u00f6r\u0259 sumqay\u0131tl\u0131 qazil\u0259r m\u00fcharib\u0259 \u0259lill\u0259ri \u00fc\u00e7\u00fcn tikilmi\u015f binan\u0131n h\u0259y\u0259tind\u0259 unudulmaz \u015f\u0259hidl\u0259rin xatir\u0259sini \u0259ziz tutaraq onlar\u0131n fotolar\u0131 \u0259ks olunan plakat ucald\u0131blar. T\u00fcrkiy\u0259li \u015f\u0259hidimiz \u00d6m\u0259r Xalisd\u0259mir, Polad H\u0259\u015fimov v\u0259 M\u00fcbariz \u0130brahimovun \u0259ziz xatir\u0259si h\u0259r k\u0259s \u00fc\u00e7\u00fcn do\u011fmad\u0131r. Ona g\u00f6r\u0259 d\u0259 h\u0259r k\u0259s bu q\u0259hr\u0259manlar\u0131 \u00f6zl\u0259rin\u0259 yax\u0131n yerl\u0259rd\u0259 olmas\u0131n\u0131 ist\u0259yirl\u0259r. Bu \u015f\u0259hidl\u0259rimiz\u0259 \u00fcmumxalq sevgisinin b\u00f6y\u00fckl\u00fcy\u00fcnd\u0259n x\u0259b\u0259r verir.<\/strong><\/p>\n\n\n\n<p><br>T. Mansurov bildirib ki, bu plakatda 3 n\u0259f\u0259r \u015f\u0259hidin ad\u0131 h\u0259kk edils\u0259 d\u0259 b\u00fct\u00fcn \u015f\u0259hidl\u0259rimizi h\u00f6rm\u0259tl\u0259 v\u0259 r\u0259hm\u0259tl\u0259 an\u0131r\u0131q. Bu i\u015fi g\u00f6r\u0259n h\u0259r k\u0259s\u0259 \u00f6z minn\u0259tdarl\u0131\u011f\u0131m\u0131 bildirir\u0259m. Bu \u015f\u0259hidl\u0259rin qan\u0131 yerd\u0259 qalmayacaq. Tezlikl\u0259 onlar\u0131n qisas\u0131n\u0131 alaca\u011f\u0131q.<\/p>\n\n\n\n<p><br>\u00c7\u0131x\u0131\u015f ed\u0259n m\u00fcharib\u0259 \u0259lill\u0259ri d\u0259 d\u00f6y\u00fc\u015f\u0259 haz\u0131r olduqlar\u0131n\u0131 v\u0259 T\u00fcrkiy\u0259-Az\u0259rbaycan qarda\u015fl\u0131\u011f\u0131n\u0131, h\u0259rbi \u0259m\u0259kda\u015fl\u0131\u011f\u0131n\u0131 y\u00fcks\u0259k qiym\u0259tl\u0259ndirdikl\u0259rini qeyd etdil\u0259r. Bu i\u015fd\u0259 \u0259m\u0259yi v\u0259 yard\u0131m\u0131 olan h\u0259r k\u0259s\u0259 \u00f6z t\u0259\u015f\u0259kk\u00fcrl\u0259rini bildirdil\u0259r.<\/p>\n\n\n\n<p><br><strong>Nurlan M\u0259mm\u0259dli<\/strong><\/p>\n\n\n\n<figure class=\"wp-block-embed-youtube wp-block-embed is-type-video is-provider-youtube wp-embed-aspect-16-9 wp-has-aspect-ratio\"><div class=\"wp-block-embed__wrapper\">\n<iframe loading=\"lazy\" title=\"Polad H\u0259\u015fimov, M\u00fcbariz \u0130brahimov, \u00d6m\u0259r Halisdemir\" width=\"715\" height=\"402\" src=\"https:\/\/www.youtube.com\/embed\/TxD6i9Q88rI?feature=oembed\" frameborder=\"0\" allow=\"accelerometer; autoplay; encrypted-media; gyroscope; picture-in-picture\" allowfullscreen><\/iframe>\n<\/div><\/figure>\n\n\n\n<figure class=\"wp-block-image size-large is-resized\"><img loading=\"lazy\" decoding=\"async\" src=\"http:\/\/fedai.az\/wp-content\/uploads\/2020\/08\/117643513_627114361515830_25542276643837503_n-rotated.jpg\" alt=\"\" class=\"wp-image-12923\" width=\"911\" height=\"1369\" srcset=\"https:\/\/fedai.az\/wp-content\/uploads\/2020\/08\/117643513_627114361515830_25542276643837503_n-rotated.jpg 639w, https:\/\/fedai.az\/wp-content\/uploads\/2020\/08\/117643513_627114361515830_25542276643837503_n-200x300.jpg 200w, https:\/\/fedai.az\/wp-content\/uploads\/2020\/08\/117643513_627114361515830_25542276643837503_n-100x150.jpg 100w\" sizes=\"auto, (max-width: 911px) 100vw, 911px\" \/><\/figure>\n","protected":false},"excerpt":{"rendered":"<p>AVMV\u0130B Sumqay\u0131t \u015f\u0259h\u0259r \u015f\u00f6b\u0259sinin s\u0259dri Timuraz Mansurovun verdiyi m\u0259lumata g\u00f6r\u0259 sumqay\u0131tl\u0131 qazil\u0259r m\u00fcharib\u0259 \u0259lill\u0259ri \u00fc\u00e7\u00fcn tikilmi\u015f binan\u0131n h\u0259y\u0259tind\u0259 unudulmaz \u015f\u0259hidl\u0259rin xatir\u0259sini \u0259ziz tutaraq onlar\u0131n<\/p>\n","protected":false},"author":2,"featured_media":12924,"comment_status":"closed","ping_status":"closed","sticky":false,"template":"","format":"standard","meta":{"footnotes":""},"categories":[5],"tags":[],"class_list":["post-12922","post","type-post","status-publish","format-standard","has-post-thumbnail","hentry","category-veteran"],"aioseo_notices":[],"_links":{"self":[{"href":"https:\/\/fedai.az\/index.php?rest_route=\/wp\/v2\/posts\/12922","targetHints":{"allow":["GET"]}}],"collection":[{"href":"https:\/\/fedai.az\/index.php?rest_route=\/wp\/v2\/posts"}],"about":[{"href":"https:\/\/fedai.az\/index.php?rest_route=\/wp\/v2\/types\/post"}],"author":[{"embeddable":true,"href":"https:\/\/fedai.az\/index.php?rest_route=\/wp\/v2\/users\/2"}],"replies":[{"embeddable":true,"href":"https:\/\/fedai.az\/index.php?rest_route=%2Fwp%2Fv2%2Fcomments&post=12922"}],"version-history":[{"count":1,"href":"https:\/\/fedai.az\/index.php?rest_route=\/wp\/v2\/posts\/12922\/revisions"}],"predecessor-version":[{"id":12925,"href":"https:\/\/fedai.az\/index.php?rest_route=\/wp\/v2\/posts\/12922\/revisions\/12925"}],"wp:featuredmedia":[{"embeddable":true,"href":"https:\/\/fedai.az\/index.php?rest_route=\/wp\/v2\/media\/12924"}],"wp:attachment":[{"href":"https:\/\/fedai.az\/index.php?rest_route=%2Fwp%2Fv2%2Fmedia&parent=12922"}],"wp:term":[{"taxonomy":"category","embeddable":true,"href":"https:\/\/fedai.az\/index.php?rest_route=%2Fwp%2Fv2%2Fcategories&post=12922"},{"taxonomy":"post_tag","embeddable":true,"href":"https:\/\/fedai.az\/index.php?rest_route=%2Fwp%2Fv2%2Ftags&post=12922"}],"curies":[{"name":"wp","href":"https:\/\/api.w.org\/{rel}","templated":true}]}}