{"id":13540,"date":"2020-08-22T12:55:48","date_gmt":"2020-08-22T08:55:48","guid":{"rendered":"http:\/\/fedai.az\/?p=13540"},"modified":"2020-08-22T12:55:51","modified_gmt":"2020-08-22T08:55:51","slug":"v%c9%99t%c9%99n-sizinl%c9%99-qurur-duyur-tovuz-s%c9%99hidl%c9%99rinin-q%c9%99hr%c9%99manliq-yolu-fotolar","status":"publish","type":"post","link":"https:\/\/fedai.az\/?p=13540","title":{"rendered":"V\u0259t\u0259n sizinl\u0259 q\u00fcrur duyur! &#8212; Tovuz \u015f\u0259hidl\u0259rinin q\u0259hr\u0259manl\u0131q yolu &#8212; FOTOLAR"},"content":{"rendered":"\n<p><strong>\u00d6t\u0259n ay Az\u0259rbaycan-Erm\u0259nistan s\u0259rh\u0259dind\u0259 ba\u015f ver\u0259n h\u0259rbi toqqu\u015fma il\u0259 yadda qald\u0131. Bel\u0259 ki, iyulun 12-d\u0259n ba\u015flayaraq Erm\u0259nistan ordusu artilleriya, iri\u00e7apl\u0131 silahlar v\u0259 minaatanlardan istifad\u0259 etm\u0259kl\u0259 Tovuz rayonu istiqam\u0259tind\u0259ki m\u00f6vqel\u0259rimiz\u0259 h\u00fccum c\u0259hdi etdi. Az\u0259rbaycan Ordusu t\u0259r\u0259find\u0259n d\u00fc\u015fm\u0259nin xain h\u00fccumunun qar\u015f\u0131s\u0131 q\u0259tiyy\u0259tl\u0259 al\u0131nd\u0131, i\u015f\u011fal\u00e7\u0131lara a\u011f\u0131r z\u0259rb\u0259 endirildi, erm\u0259nil\u0259rin \u00e7oxlu sayda h\u0259rbi texnikas\u0131 v\u0259 canl\u0131 q\u00fcvv\u0259si m\u0259hv edildi. Erm\u0259nistan ordusunun artilleriya at\u0259\u015fi n\u0259tic\u0259sind\u0259 Tovuzun bir ne\u00e7\u0259 k\u0259ndind\u0259 \u0259halinin t\u0259s\u0259rr\u00fcfat\u0131na, m\u00fclkl\u0259rin\u0259, ya\u015fay\u0131\u015f m\u0259nt\u0259q\u0259l\u0259rinin infrastrukturuna ciddi ziyan d\u0259ydi. D\u00fc\u015fm\u0259nin ya\u015fay\u0131\u015f m\u0259nt\u0259q\u0259l\u0259rimizi artilleriya at\u0259\u015fin\u0259 tutmas\u0131 n\u0259tic\u0259sind\u0259 bir n\u0259f\u0259r m\u00fclki v\u0259t\u0259nda\u015f\u0131m\u0131z h\u0259lak oldu. \u0130yulun 16-d\u0259k davam ed\u0259n d\u00f6y\u00fc\u015fl\u0259rd\u0259 b\u00f6y\u00fck \u015f\u00fcca\u0259t g\u00f6st\u0259r\u0259n 12 h\u0259rb\u00e7imiz \u015f\u0259hidlik zirv\u0259sin\u0259 y\u00fcks\u0259ldi.<\/strong><a href=\"https:\/\/azvision.az\/tag\/Tovuz\">Tovuz<\/a>&nbsp;d\u00f6y\u00fc\u015fl\u0259rind\u0259 Az\u0259rbaycan Ordusunun general-mayoru Polad H\u0259\u015fimov v\u0259 polkovnik \u0130lqar Mirz\u0259yevin \u015f\u0259hid olmas\u0131 onu bir daha g\u00f6st\u0259rdi ki, bizim y\u00fcks\u0259k r\u00fctb\u0259li zabitl\u0259rimiz \u0259sg\u0259rin arxas\u0131nda gizl\u0259nmir, d\u00f6y\u00fc\u015f tap\u015f\u0131r\u0131qlar\u0131n\u0131 l\u0259yaq\u0259tl\u0259 yerin\u0259 yetirirl\u0259r. Bunun n\u0259tic\u0259sidir ki, Az\u0259rbaycan Ordusu Aprel z\u0259f\u0259rind\u0259n sonra&nbsp;<a href=\"https:\/\/azvision.az\/tag\/Tovuz\">Tovuz<\/a>&nbsp;d\u00f6y\u00fc\u015fl\u0259rind\u0259 d\u0259 tarixi q\u0259l\u0259b\u0259y\u0259 imza atd\u0131.<\/p>\n\n\n\n<p><a href=\"https:\/\/azvision.az\/\"><strong>Azvision.az&nbsp;<\/strong><\/a>bu q\u0259l\u0259b\u0259d\u0259 \u0259n b\u00f6y\u00fck pay sahibi olan \u015f\u0259hidl\u0259rimizl\u0259 ba\u011fl\u0131 m\u0259lumatlar\u0131 oxuculara t\u0259qdim edir:<\/p>\n\n\n\n<p><img decoding=\"async\" src=\"https:\/\/azvision.az\/photos\/2020\/08\/gener-1597996118.jpg\"><\/p>\n\n\n\n<p>\u018fsl\u0259n&nbsp;<a href=\"https:\/\/azvision.az\/tag\/Q%C9%99b%C9%99l%C9%99\">Q\u0259b\u0259l\u0259<\/a>&nbsp;rayonunun V\u0259ndam k\u0259ndind\u0259n olan \u015f\u0259hid&nbsp;<strong>general Polad H\u0259\u015fimov<\/strong>&nbsp;2 yanvar 1975-ci ild\u0259 Sumqay\u0131t \u015f\u0259h\u0259rind\u0259 anadan olub. Orta t\u0259hsilini Sumqay\u0131t \u015f\u0259h\u0259rind\u0259 \u0259vv\u0259lc\u0259 28 n\u00f6mr\u0259li, sonra is\u0259 34 n\u00f6mr\u0259li m\u0259kt\u0259bd\u0259 al\u0131b. Daha sonra&nbsp;<a href=\"https:\/\/azvision.az\/tag\/Heyd%C9%99r-%C6%8Fliyev\">Heyd\u0259r \u018fliyev<\/a>&nbsp;ad\u0131na Ali H\u0259rbi M\u0259kt\u0259bi bitirib. Zabit kimi bir ne\u00e7\u0259 d\u00f6y\u00fc\u015f b\u00f6lg\u0259sind\u0259 xidm\u0259t edib.<\/p>\n\n\n\n<p>2009-cu il iyunun 25-d\u0259 \u201cV\u0259t\u0259n u\u011frunda\u201d medal\u0131, 2014-c\u00fc il iyunun 24-d\u0259 3-c\u00fc d\u0259r\u0259c\u0259li \u201cV\u0259t\u0259n\u0259 xidm\u0259t\u0259 g\u00f6r\u0259\u201d ordeni, 2016-c\u0131 il aprelin 19-da 2-ci d\u0259r\u0259c\u0259li \u201cV\u0259t\u0259n\u0259 xidm\u0259t\u0259 g\u00f6r\u0259\u201d ordeni il\u0259 t\u0259ltif edilib.<\/p>\n\n\n\n<p>H\u0259\u015fimov 2016-c\u0131 ilin 2-4 aprel tarixind\u0259 Tal\u0131\u015f q\u0259s\u0259b\u0259si u\u011frunda ged\u0259n d\u00f6y\u00fc\u015fl\u0259rd\u0259 1-ci Ordu Korpusunun Q\u0259rargah r\u0259isi olub v\u0259 at\u0131\u015fma zaman\u0131 yaralanmas\u0131na baxmayaraq, sonad\u0259k d\u00fc\u015fm\u0259n\u0259 qar\u015f\u0131 vuru\u015fub.<\/p>\n\n\n\n<p>Haz\u0131rda h\u0259min istiqam\u0259td\u0259ki postlardan biri \u201cPolad postu\u201d adlan\u0131r.<\/p>\n\n\n\n<p>\u00d6t\u0259n il Polad H\u0259\u015fimova general-mayor ali h\u0259rbi r\u00fctb\u0259si verilib. H\u0259\u015fimov daha sonra Az\u0259rbaycan&nbsp;<a href=\"https:\/\/azvision.az\/tag\/Silahl%C4%B1-Q%C3%BCvv%C9%99l%C9%99r\">Silahl\u0131 Q\u00fcvv\u0259l\u0259r<\/a>inin 3-c\u00fc Ordu Korpusunun Q\u0259rargah r\u0259isi t\u0259yin olunub.<\/p>\n\n\n\n<p>\u0130yulun 14-d\u0259&nbsp;<a href=\"https:\/\/azvision.az\/tag\/Tovuz\">Tovuz<\/a>&nbsp;istiqam\u0259tind\u0259 ged\u0259n d\u00f6y\u00fc\u015fl\u0259rd\u0259 \u015f\u0259hid olan general\u0131n n\u0259\u015fi \u0259vv\u0259lc\u0259 do\u011fuldu\u011fu&nbsp;<a href=\"https:\/\/azvision.az\/tag\/Q%C9%99b%C9%99l%C9%99\">Q\u0259b\u0259l\u0259<\/a>&nbsp;rayonunun V\u0259ndam q\u0259s\u0259b\u0259sin\u0259, sonra ya\u015fad\u0131\u011f\u0131 Sumqay\u0131t \u015f\u0259h\u0259rin\u0259 g\u0259tirilib. \u0130yulun 15-d\u0259 II F\u0259xri Xiyabanda polkovnik \u0130lqar Mirz\u0259yev il\u0259 yana\u015f\u0131 d\u0259fn olunub.<\/p>\n\n\n\n<p><a href=\"https:\/\/azvision.az\/tag\/Prezident\">Prezident<\/a><a href=\"https:\/\/azvision.az\/tag\/%C4%B0lham-%C6%8Fliyev\">\u0130lham \u018fliyev<\/a>in tap\u015f\u0131r\u0131\u011f\u0131 il\u0259&nbsp;<a href=\"https:\/\/azvision.az\/tag\/Q%C9%99b%C9%99l%C9%99\">Q\u0259b\u0259l\u0259<\/a>&nbsp;rayonunun m\u0259rk\u0259zi k\u00fc\u00e7\u0259l\u0259rind\u0259n birin\u0259 onun ad\u0131 verilib.<\/p>\n\n\n\n<p>\u015e\u0259hid general\u0131m\u0131z 2 o\u011ful v\u0259 1 q\u0131z atas\u0131 idi.<\/p>\n\n\n\n<p><img decoding=\"async\" src=\"https:\/\/azvision.az\/photos\/2020\/08\/ilqar-1597996372.jpg\"><\/p>\n\n\n\n<p><strong>Polkovnik \u0130lqar Mirz\u0259yev&nbsp;<\/strong>1973-c\u00fc il may\u0131n 8-d\u0259 G\u00fcrc\u00fcstan\u0131n Qardabani \u015f\u0259h\u0259rind\u0259 anadan olub. 1980-ci ild\u0259 el\u0259 h\u0259min \u015f\u0259h\u0259rin orta m\u0259kt\u0259bin\u0259 daxil olub, 1990-c\u0131 ild\u0259 m\u0259kt\u0259bi bitirib. 1991-ci ild\u0259&nbsp;<a href=\"https:\/\/azvision.az\/tag\/Heyd%C9%99r-%C6%8Fliyev\">Heyd\u0259r \u018fliyev<\/a>&nbsp;ad\u0131na Ali H\u0259rbi M\u0259kt\u0259b\u0259 q\u0259bul olub. 1995-ci ild\u0259 t\u0259hsilini ba\u015fa vurduqdan sonra leytenant r\u00fctb\u0259si il\u0259 xidm\u0259t\u0259 ba\u015flay\u0131b. Bir s\u0131ra rayon v\u0259 \u015f\u0259h\u0259rl\u0259rd\u0259 xidm\u0259t edib. Xidm\u0259ti d\u00f6vr\u00fcnd\u0259 bir ne\u00e7\u0259 d\u0259f\u0259 medal il\u0259 t\u0259ltif olunub.<\/p>\n\n\n\n<p>Mir\u0259zyev 2019-cu ild\u0259 3-c\u00fc Ordu korpusunun Artilleriya r\u0259isi t\u0259yin edilib. \u0130yulun 14-d\u0259 \u015f\u0259hid olan polkovnik bir g\u00fcn sonra ikinci F\u0259xri Xiyabanda general-mayor Polad H\u0259\u015fimovla yana\u015f\u0131 d\u0259fn olunub.<\/p>\n\n\n\n<p>\u0130lqar Mirz\u0259yev ail\u0259li idi, 1 o\u011flu v\u0259 1 q\u0131z\u0131 yadigar qal\u0131b.<\/p>\n\n\n\n<p><img decoding=\"async\" src=\"https:\/\/azvision.az\/photos\/2020\/08\/unnam-1597996472.jpg\"><\/p>\n\n\n\n<p><strong>Mayor Anar Novruzov&nbsp;<\/strong>1976-c\u0131 ild\u0259&nbsp;<a href=\"https:\/\/azvision.az\/tag\/Masall%C4%B1\">Masall\u0131<\/a>&nbsp;rayonunun \u018frkivan q\u0259s\u0259b\u0259sind\u0259 anadan olub. O, 10 u\u015faql\u0131 ail\u0259nin sonbe\u015fiyi idi. H\u0259rbi m\u0259kt\u0259bi bitir\u0259n Novruzov T\u00fcrkiy\u0259d\u0259 t\u0259liml\u0259rd\u0259 i\u015ftirak edib. Mayor Novruzovun \u00f6mr\u00fcn\u00fcn 26 ili s\u0259ng\u0259rd\u0259 ke\u00e7ib. Xidm\u0259ti d\u00f6vr\u00fcnd\u0259 bir ne\u00e7\u0259 d\u0259f\u0259 medal il\u0259 t\u0259ltif edilib.<\/p>\n\n\n\n<p><a href=\"https:\/\/azvision.az\/tag\/Tovuz\">Tovuz<\/a>&nbsp;d\u00f6y\u00fc\u015fl\u0259rind\u0259 q\u0259hr\u0259mancas\u0131na \u015f\u0259hid olan Anar Novruzov iyulun 14-d\u0259 do\u011fuldu\u011fu&nbsp;<a href=\"https:\/\/azvision.az\/tag\/Masall%C4%B1\">Masall\u0131<\/a>&nbsp;rayonunun \u018frkivan q\u0259s\u0259b\u0259sind\u0259 d\u0259fn olunub.<\/p>\n\n\n\n<p>Ail\u0259li idi, bir o\u011ful v\u0259 bir q\u0131z atas\u0131d\u0131r.<\/p>\n\n\n\n<p><img decoding=\"async\" src=\"https:\/\/azvision.az\/photos\/2020\/08\/10932-1597996617.jpg\"><\/p>\n\n\n\n<p><strong>Mayor Namiq \u018fhm\u0259dov<\/strong>&nbsp;1984-c\u00fc ild\u0259&nbsp;<a href=\"https:\/\/azvision.az\/tag\/Qazax\">Qazax<\/a>&nbsp;rayonunun Yuxar\u0131 Salahl\u0131 k\u0259ndind\u0259 anadan olub. 36 ya\u015f\u0131 artilleriya komandiri iyulun 14-d\u0259 ged\u0259n \u015fidd\u0259tli d\u00f6y\u00fc\u015fl\u0259rd\u0259 \u015f\u0259hid olub. El\u0259 h\u0259min g\u00fcn do\u011fuldu\u011fu Yuxar\u0131 Salahl\u0131 k\u0259ndind\u0259 torpa\u011fa tap\u015f\u0131r\u0131l\u0131b.<\/p>\n\n\n\n<p>\u015e\u0259hidimizin 1 o\u011ful, 1 q\u0131z \u00f6vlad\u0131 yadigar qal\u0131b.<\/p>\n\n\n\n<p><img decoding=\"async\" src=\"https:\/\/azvision.az\/photos\/2020\/08\/10884-1597996650.jpg\"><\/p>\n\n\n\n<p><strong>Ba\u015f leytenant R\u0259\u015fad Mahmudov&nbsp;<\/strong>1992-ci ild\u0259&nbsp;<a href=\"https:\/\/azvision.az\/tag\/Bil%C9%99suvar\">Bil\u0259suvar<\/a>&nbsp;rayonunun A\u015fa\u011f\u0131 C\u00fcr\u0259li k\u0259ndind\u0259 d\u00fcnyaya g\u0259lib. \u015e\u0259hid olmas\u0131ndan 10 g\u00fcn \u0259vv\u0259l 28 ya\u015f\u0131 tamam olub. U\u015faql\u0131qdan arzusu h\u0259rb\u00e7i olmaq idi. Orta m\u0259kt\u0259bi bitir\u0259n R\u0259\u015fad h\u0259rbi m\u0259kt\u0259b\u0259 daxil olub v\u0259 8 il burada t\u0259hsil al\u0131b. Akademiyan\u0131 bitirdikd\u0259n sonra d\u00f6y\u00fc\u015f b\u00f6lg\u0259sind\u0259 h\u0259rbi xidm\u0259t\u0259 ba\u015flay\u0131b.<\/p>\n\n\n\n<p>\u0130yulun 13-d\u0259 \u015f\u0259hid olan zabitimiz el\u0259 h\u0259min g\u00fcn do\u011fuldu\u011fu A\u015fa\u011f\u0131 C\u00fcr\u0259li k\u0259ndind\u0259 d\u0259fn olunub. Mahmudov subay idi.<\/p>\n\n\n\n<p><img decoding=\"async\" src=\"https:\/\/azvision.az\/photos\/2020\/08\/11615-1597996908.jpg\"><\/p>\n\n\n\n<p><strong>Gizir \u0130lqar Zeynall\u0131&nbsp;<\/strong>1995-ci ild\u0259&nbsp;<a href=\"https:\/\/azvision.az\/tag\/Tovuz\">Tovuz<\/a>&nbsp;rayonunun C\u0259lilli k\u0259ndind\u0259 anadan olub. Xidm\u0259ti ancaq \u00f6n c\u0259bh\u0259d\u0259 olan Zeynall\u0131 iyulun 14-d\u0259 \u015fidd\u0259tli d\u00f6y\u00fc\u015fl\u0259r zaman\u0131 \u015f\u0259hid olub. H\u0259min g\u00fcn do\u011fuldu\u011fu C\u0259lilli k\u0259ndind\u0259 torpa\u011fa tap\u015f\u0131r\u0131l\u0131b. \u0130lqar subay idi.<\/p>\n\n\n\n<p><img decoding=\"async\" src=\"https:\/\/azvision.az\/photos\/2020\/08\/babay-1597996975.jpg\"><\/p>\n\n\n\n<p><strong>Gizir Ya\u015far Babayev&nbsp;<\/strong>1987-ci ild\u0259&nbsp;<a href=\"https:\/\/azvision.az\/tag\/A%C4%9Fstafa\">A\u011fstafa<\/a>&nbsp;rayonunun K\u00f6\u00e7\u0259sg\u0259r k\u0259ndind\u0259 anadan olub. Xidm\u0259ti ancaq \u00f6n c\u0259bh\u0259d\u0259 olan Babayev iyulun 14-d\u0259 \u015fidd\u0259tli d\u00f6y\u00fc\u015fl\u0259r zaman\u0131 \u015f\u0259hid olub.<\/p>\n\n\n\n<p>2012-ci ild\u0259 ail\u0259 h\u0259yat\u0131 quran Ya\u015far 8 il \u00f6vlad arzusunda idi. Onun \u015f\u0259hid olmas\u0131ndan 2 g\u00fcn sonra, iyulun 16-da q\u0131z\u0131 Narin d\u00fcnyaya g\u0259lib. Gizir Babayev \u015f\u0259hid oldu\u011fu g\u00fcn do\u011fuldu\u011fu k\u0259ndd\u0259 torpa\u011fa tap\u015f\u0131r\u0131l\u0131b.<\/p>\n\n\n\n<p><img decoding=\"async\" src=\"https:\/\/azvision.az\/photos\/2020\/08\/vuqar-1597997024.jpg\"><\/p>\n\n\n\n<p><strong>\u00c7avu\u015f V\u00fcqar Sad\u0131qov&nbsp;<\/strong>1987-ci ild\u0259&nbsp;<a href=\"https:\/\/azvision.az\/tag\/A%C4%9Fstafa\">A\u011fstafa<\/a>&nbsp;rayonunun G\u00f6yc\u0259li k\u0259ndind\u0259 d\u00fcnyaya g\u0259lib. V\u00fcqar iyulun 12-d\u0259&nbsp;<a href=\"https:\/\/azvision.az\/tag\/Tovuz\">Tovuz<\/a>&nbsp;istiqam\u0259tind\u0259 ged\u0259n d\u00f6y\u00fc\u015fl\u0259rd\u0259 \u015f\u0259hid olub. Bir g\u00fcn sonra do\u011fuldu\u011fu k\u0259ndd\u0259 d\u0259fn olunub. Ail\u0259li olan Sad\u0131qov 2 q\u0131z v\u0259 1 o\u011ful atas\u0131 idi.<\/p>\n\n\n\n<p><img decoding=\"async\" src=\"https:\/\/azvision.az\/photos\/2020\/08\/elsad-1597997158.jpg\"><\/p>\n\n\n\n<p>M\u00fcdd\u0259td\u0259n art\u0131q h\u0259qiqi h\u0259rbi xidm\u0259t ed\u0259n h\u0259rbi qulluq\u00e7usu,&nbsp;<strong>ba\u015f \u0259sg\u0259r El\u015fad M\u0259mm\u0259dov&nbsp;<\/strong>1996-c\u0131 ild\u0259&nbsp;<a href=\"https:\/\/azvision.az\/tag\/Tovuz\">Tovuz<\/a>&nbsp;rayonunun&nbsp;<a href=\"https:\/\/azvision.az\/tag\/A%C4%9Fdam\">A\u011fdam<\/a>&nbsp;k\u0259ndind\u0259 anadan olub. M\u0259mm\u0259dov iyulun 12-d\u0259 ged\u0259n d\u00f6y\u00fc\u015fl\u0259r zaman\u0131 \u015f\u0259hid olub. \u0130yulun 13-d\u0259 do\u011fuldu\u011fu k\u0259ndd\u0259 d\u0259fn edilib. Ail\u0259li olan El\u015fad\u0131n 6 ayl\u0131q o\u011flu M\u0259h\u0259mm\u0259d yadigar qal\u0131b.<\/p>\n\n\n\n<p><img decoding=\"async\" src=\"https:\/\/azvision.az\/photos\/2020\/08\/elcin-1597997196.jpg\"><\/p>\n\n\n\n<p>M\u00fcdd\u0259td\u0259n art\u0131q h\u0259qiqi h\u0259rbi xidm\u0259t ed\u0259n h\u0259rbi qulluq\u00e7usu,&nbsp;<strong>\u0259sg\u0259r El\u00e7in Mustafazad\u0259&nbsp;<\/strong>1992-ci ild\u0259&nbsp;<a href=\"https:\/\/azvision.az\/tag\/A%C4%9Fstafa\">A\u011fstafa<\/a>&nbsp;rayonunun H\u0259s\u0259nsu k\u0259ndind\u0259 do\u011fulub. \u0130yulun 14-d\u0259 \u015fidd\u0259tli d\u00f6y\u00fc\u015fl\u0259r zaman\u0131 \u015f\u0259hid olan El\u00e7in el\u0259 h\u0259min g\u00fcn do\u011fuldu\u011fu k\u0259ndd\u0259 torpa\u011fa tap\u015f\u0131r\u0131l\u0131b. O, ni\u015fanl\u0131 idi v\u0259 ail\u0259 h\u0259yat\u0131 qurma\u011fa haz\u0131rla\u015f\u0131rd\u0131.<\/p>\n\n\n\n<p><img decoding=\"async\" src=\"https:\/\/azvision.az\/photos\/2020\/08\/10995-1597997299.jpg\"><\/p>\n\n\n\n<p>M\u00fcdd\u0259td\u0259n art\u0131q h\u0259qiqi h\u0259rbi xidm\u0259t ed\u0259n h\u0259rbi qulluq\u00e7usu,&nbsp;<strong>\u0259sg\u0259r Nazim \u0130smay\u0131lov&nbsp;<\/strong>1996-c\u0131 ild\u0259&nbsp;<a href=\"https:\/\/azvision.az\/tag\/A%C4%9Fstafa\">A\u011fstafa<\/a>&nbsp;rayonunun Kolx\u0259lf\u0259li k\u0259ndind\u0259 anadan olub. Nazim iyulun 16-da \u015fidd\u0259tli d\u00f6y\u00fc\u015fl\u0259r zaman\u0131 \u015f\u0259hid olub v\u0259 h\u0259min g\u00fcn do\u011fuldu\u011fu Korx\u0259lif\u0259li k\u0259ndinin q\u0259biristanl\u0131\u011f\u0131nda d\u0259fn olunub.<\/p>\n\n\n\n<p>Subay olan \u0130smay\u0131lov yax\u0131n zamanlarda ail\u0259 qurma\u011fa haz\u0131rla\u015f\u0131rd\u0131.<\/p>\n\n\n\n<p><img decoding=\"async\" src=\"https:\/\/azvision.az\/photos\/2020\/08\/sehid-1597998292.jpg\"><\/p>\n\n\n\n<p><strong>\u018fsg\u0259r X\u0259yyam Da\u015fd\u0259mirov&nbsp;<\/strong>2002-ci ilin fevral\u0131n 22-d\u0259&nbsp;<a href=\"https:\/\/azvision.az\/tag\/%C4%B0smay%C4%B1ll%C4%B1\">\u0130smay\u0131ll\u0131<\/a>&nbsp;rayonunun Bal\u0131k k\u0259ndind\u0259 anadan olub. O,&nbsp;<a href=\"https:\/\/azvision.az\/tag\/Bak%C4%B1\">Bak\u0131<\/a>n\u0131n Bil\u0259c\u0259ri q\u0259s\u0259b\u0259sind\u0259 123 sayl\u0131 orta m\u0259kt\u0259bd\u0259 t\u0259hsil al\u0131b.<\/p>\n\n\n\n<p>X.Da\u015fd\u0259mirov bu il may\u0131n 8-d\u0259 h\u0259rbi xidm\u0259t\u0259 yola d\u00fc\u015f\u00fcb. \u0130yulun 12-d\u0259 q\u0259hr\u0259mancas\u0131na \u015f\u0259hid olub. Bir g\u00fcn sonra do\u011fuldu\u011fu k\u0259ndd\u0259 torpa\u011fa tap\u015f\u0131r\u0131l\u0131b. X\u0259yyam subay idi.<\/p>\n\n\n\n<p><strong>Anar K\u0259lbiyev<\/strong>\/\/<a href=\"https:\/\/azvision.az\/\"><strong>Azvision.az<\/strong><\/a><\/p>\n\n\n\n<figure class=\"wp-block-image size-large is-resized\"><img loading=\"lazy\" decoding=\"async\" src=\"http:\/\/fedai.az\/wp-content\/uploads\/2020\/08\/118147409_3198241960242958_5152210398761136672_n.jpg\" alt=\"\" class=\"wp-image-13542\" width=\"904\" height=\"908\" srcset=\"https:\/\/fedai.az\/wp-content\/uploads\/2020\/08\/118147409_3198241960242958_5152210398761136672_n.jpg 499w, https:\/\/fedai.az\/wp-content\/uploads\/2020\/08\/118147409_3198241960242958_5152210398761136672_n-300x300.jpg 300w, https:\/\/fedai.az\/wp-content\/uploads\/2020\/08\/118147409_3198241960242958_5152210398761136672_n-150x150.jpg 150w, https:\/\/fedai.az\/wp-content\/uploads\/2020\/08\/118147409_3198241960242958_5152210398761136672_n-215x215.jpg 215w\" sizes=\"auto, (max-width: 904px) 100vw, 904px\" \/><\/figure>\n","protected":false},"excerpt":{"rendered":"<p>\u00d6t\u0259n ay Az\u0259rbaycan-Erm\u0259nistan s\u0259rh\u0259dind\u0259 ba\u015f ver\u0259n h\u0259rbi toqqu\u015fma il\u0259 yadda qald\u0131. Bel\u0259 ki, iyulun 12-d\u0259n ba\u015flayaraq Erm\u0259nistan ordusu artilleriya, iri\u00e7apl\u0131 silahlar v\u0259 minaatanlardan istifad\u0259<\/p>\n","protected":false},"author":2,"featured_media":0,"comment_status":"closed","ping_status":"closed","sticky":false,"template":"","format":"standard","meta":{"footnotes":""},"categories":[3],"tags":[],"class_list":["post-13540","post","type-post","status-publish","format-standard","hentry","category-gundm"],"aioseo_notices":[],"_links":{"self":[{"href":"https:\/\/fedai.az\/index.php?rest_route=\/wp\/v2\/posts\/13540","targetHints":{"allow":["GET"]}}],"collection":[{"href":"https:\/\/fedai.az\/index.php?rest_route=\/wp\/v2\/posts"}],"about":[{"href":"https:\/\/fedai.az\/index.php?rest_route=\/wp\/v2\/types\/post"}],"author":[{"embeddable":true,"href":"https:\/\/fedai.az\/index.php?rest_route=\/wp\/v2\/users\/2"}],"replies":[{"embeddable":true,"href":"https:\/\/fedai.az\/index.php?rest_route=%2Fwp%2Fv2%2Fcomments&post=13540"}],"version-history":[{"count":1,"href":"https:\/\/fedai.az\/index.php?rest_route=\/wp\/v2\/posts\/13540\/revisions"}],"predecessor-version":[{"id":13543,"href":"https:\/\/fedai.az\/index.php?rest_route=\/wp\/v2\/posts\/13540\/revisions\/13543"}],"wp:attachment":[{"href":"https:\/\/fedai.az\/index.php?rest_route=%2Fwp%2Fv2%2Fmedia&parent=13540"}],"wp:term":[{"taxonomy":"category","embeddable":true,"href":"https:\/\/fedai.az\/index.php?rest_route=%2Fwp%2Fv2%2Fcategories&post=13540"},{"taxonomy":"post_tag","embeddable":true,"href":"https:\/\/fedai.az\/index.php?rest_route=%2Fwp%2Fv2%2Ftags&post=13540"}],"curies":[{"name":"wp","href":"https:\/\/api.w.org\/{rel}","templated":true}]}}