{"id":13554,"date":"2020-08-22T13:59:03","date_gmt":"2020-08-22T09:59:03","guid":{"rendered":"http:\/\/fedai.az\/?p=13554"},"modified":"2020-08-22T13:59:07","modified_gmt":"2020-08-22T09:59:07","slug":"bil%c9%99suvarli-veteranlar-s%c9%99hid-zabitin-m%c9%99zarini-ziyar%c9%99t-edibl%c9%99r","status":"publish","type":"post","link":"https:\/\/fedai.az\/?p=13554","title":{"rendered":"Bil\u0259suvarl\u0131 veteranlar \u015f\u0259hid zabitin m\u0259zar\u0131n\u0131 ziyar\u0259t edibl\u0259r"},"content":{"rendered":"\n<p><strong>AVMV\u0130B Bil\u0259suvar rayon \u015f\u00f6b\u0259sinin s\u0259dri Qurban Qurbanovun verdiyi m\u0259lumata g\u00f6r\u0259, iyulun 12-d\u0259 Tovuz istiqam\u0259tind\u0259 erm\u0259nil\u0259rin h\u00fccum c\u0259hdinin qar\u015f\u0131s\u0131n\u0131 alark\u0259n ged\u0259n d\u00f6y\u00fc\u015fl\u0259rd\u0259 \u015f\u0259hid olan ba\u015f leytenant Mahmudov R\u0259\u015fad R\u0259\u015fid o\u011flunun m\u0259zar\u0131n\u0131 ziyar\u0259t edibl\u0259r.<\/strong><\/p>\n\n\n\n<p><br>Bil\u0259suvar rayon veteranlar\u0131 rayona \u015f\u0259hid m\u0259zar\u0131n\u0131 ziyar\u0259t\u0259 g\u0259lmi\u015f z\u0259ngilanl\u0131 veteranlarla birg\u0259 \u015f\u0259hid m\u0259zar\u0131n\u0131 g\u00fcl qoyublar.<\/p>\n\n\n\n<p><br>Xat\u0131rlad\u0131r\u0131q ki, AVMV\u0130B Bil\u0259suvar rayon veteranlar\u0131 ilk g\u00fcnd\u0259n \u015f\u0259hid R\u0259\u015fad Mahmudovun m\u0259zar\u0131n\u0131 ziyar\u0259t etm\u0259k \u00fc\u00e7\u00fcn tez-tez q\u0259biristanl\u0131\u011fa gedir, \u015f\u0259hidimizin xatir\u0259sini ehtiramla yad edirl\u0259r.<\/p>\n\n\n\n<p><br>Allah \u015f\u0259hidl\u0259rimiz\u0259 r\u0259hm\u0259t el\u0259sin!<\/p>\n\n\n\n<p><br><strong>Elnur S\u0259lim<\/strong><\/p>\n\n\n\n<figure class=\"wp-block-image size-large\"><img decoding=\"async\" src=\"http:\/\/fedai.az\/wp-content\/uploads\/2020\/08\/118121830_362316528093420_7097647286046865875_n-1.jpg\" alt=\"\" class=\"wp-image-13555\"\/><\/figure>\n","protected":false},"excerpt":{"rendered":"<p>AVMV\u0130B Bil\u0259suvar rayon \u015f\u00f6b\u0259sinin s\u0259dri Qurban Qurbanovun verdiyi m\u0259lumata g\u00f6r\u0259, iyulun 12-d\u0259 Tovuz istiqam\u0259tind\u0259 erm\u0259nil\u0259rin h\u00fccum c\u0259hdinin qar\u015f\u0131s\u0131n\u0131 alark\u0259n ged\u0259n d\u00f6y\u00fc\u015fl\u0259rd\u0259 \u015f\u0259hid olan ba\u015f<\/p>\n","protected":false},"author":2,"featured_media":0,"comment_status":"closed","ping_status":"closed","sticky":false,"template":"","format":"standard","meta":{"footnotes":""},"categories":[5],"tags":[],"class_list":["post-13554","post","type-post","status-publish","format-standard","hentry","category-veteran"],"aioseo_notices":[],"_links":{"self":[{"href":"https:\/\/fedai.az\/index.php?rest_route=\/wp\/v2\/posts\/13554","targetHints":{"allow":["GET"]}}],"collection":[{"href":"https:\/\/fedai.az\/index.php?rest_route=\/wp\/v2\/posts"}],"about":[{"href":"https:\/\/fedai.az\/index.php?rest_route=\/wp\/v2\/types\/post"}],"author":[{"embeddable":true,"href":"https:\/\/fedai.az\/index.php?rest_route=\/wp\/v2\/users\/2"}],"replies":[{"embeddable":true,"href":"https:\/\/fedai.az\/index.php?rest_route=%2Fwp%2Fv2%2Fcomments&post=13554"}],"version-history":[{"count":1,"href":"https:\/\/fedai.az\/index.php?rest_route=\/wp\/v2\/posts\/13554\/revisions"}],"predecessor-version":[{"id":13557,"href":"https:\/\/fedai.az\/index.php?rest_route=\/wp\/v2\/posts\/13554\/revisions\/13557"}],"wp:attachment":[{"href":"https:\/\/fedai.az\/index.php?rest_route=%2Fwp%2Fv2%2Fmedia&parent=13554"}],"wp:term":[{"taxonomy":"category","embeddable":true,"href":"https:\/\/fedai.az\/index.php?rest_route=%2Fwp%2Fv2%2Fcategories&post=13554"},{"taxonomy":"post_tag","embeddable":true,"href":"https:\/\/fedai.az\/index.php?rest_route=%2Fwp%2Fv2%2Ftags&post=13554"}],"curies":[{"name":"wp","href":"https:\/\/api.w.org\/{rel}","templated":true}]}}