{"id":13558,"date":"2020-08-22T14:07:27","date_gmt":"2020-08-22T10:07:27","guid":{"rendered":"http:\/\/fedai.az\/?p=13558"},"modified":"2020-08-22T15:44:08","modified_gmt":"2020-08-22T11:44:08","slug":"13558","status":"publish","type":"post","link":"https:\/\/fedai.az\/?p=13558","title":{"rendered":"Ramiz Mehdiyevin k\u00fcr\u0259k\u0259nin\u0259 15 sutkal\u0131q h\u0259bs verilib"},"content":{"rendered":"\n<p><strong>Ab\u015feron Rayon M\u0259hk\u0259m\u0259sind\u0259 sabiq deputat \u0130lh\u0430m \u018fliyevin inzibati m\u0259suliyy\u0259t\u0259 c\u0259lb edilm\u0259si il\u0259 ba\u011fl\u0131 m\u0259hk\u0259m\u0259 prosesi ke\u00e7irilib.<\/strong><\/p>\n\n\n\n<p>Fedai.az x\u0259b\u0259r verir ki, i\u015f\u0259 hakim \u015e\u00f6vk\u0259t N\u0259c\u0259fovan\u0131n s\u0259drliyi il\u0259 bax\u0131l\u0131b.<\/p>\n\n\n\n<p>Q\u0259rara \u0259sas\u0259n, ad\u0131\u00e7\u0259kil\u0259n \u015f\u0259xs \u0130nzibati X\u0259talar M\u0259c\u0259ll\u0259nin 211.1-ci (Epidemiya \u0259leyhin\u0259 rejimin, sanitariya-gigiyena v\u0259 karantin rejiml\u0259rinin pozulmas\u0131na g\u00f6r\u0259) t\u0259qsirli bilinib. O, 15 sutka m\u00fcdd\u0259tin\u0259 inzibati qaydada h\u0259bs edilib.<\/p>\n\n\n\n<p>Bundan ba\u015fqa, onun qudas\u0131 R\u00f6v\u015f\u0259n Mustafayev d\u0259 15 sutka m\u00fcdd\u0259tin\u0259 inzibati qaydada h\u0259bs olunub.<\/p>\n\n\n\n<figure class=\"wp-block-embed-facebook wp-block-embed is-type-video is-provider-facebook\"><div class=\"wp-block-embed__wrapper\">\n<div id=\"fb-root\"><\/div><script async=\"1\" defer=\"1\" crossorigin=\"anonymous\" src=\"https:\/\/connect.facebook.net\/en_GB\/sdk.js#xfbml=1&amp;version=v8.0\" nonce=\"NuLAOAAD\"><\/script><div class=\"fb-video\" data-href=\"https:\/\/www.facebook.com\/arzu.abdulla.1\/videos\/2175969142547492\/?t=24\" data-width=\"715\"><blockquote cite=\"https:\/\/www.facebook.com\/arzu.abdulla.1\/videos\/2175969142547492\/\" class=\"fb-xfbml-parse-ignore\"><a href=\"https:\/\/www.facebook.com\/arzu.abdulla.1\/videos\/2175969142547492\/\"><\/a><p>Ramiz Mehdiyevin k\u00fcr\u0259k\u0259ni, kec\u0327mis\u0327 deputat I\u0307lham \u018fliyev #15sutka inzibati h\u0259bs c\u0259zas\u0131 ald\u0131.Siyavu\u015fa da 30 sutka vers\u0259l\u0259r dey\u0259c\u0259m ki bax bu demokrasidi<\/p>Posted by <a href=\"#\" role=\"button\">Arzu Abdulla Gulzaman<\/a> on Saturday, 22 August 2020<\/blockquote><\/div>\n<\/div><\/figure>\n\n\n\n<figure class=\"wp-block-gallery columns-3 is-cropped wp-block-gallery-1 is-layout-flex wp-block-gallery-is-layout-flex\"><ul class=\"blocks-gallery-grid\"><li class=\"blocks-gallery-item\"><figure><img decoding=\"async\" src=\"http:\/\/fedai.az\/wp-content\/uploads\/2020\/08\/parla_az_b63fc3b21232733735dbbce67494b28e_sky84oi6a9xw7t1cezj0-300x204-1.jpg\" alt=\"\" data-id=\"13559\" data-link=\"http:\/\/fedai.az\/?attachment_id=13559\" class=\"wp-image-13559\"\/><\/figure><\/li><li class=\"blocks-gallery-item\"><figure><img loading=\"lazy\" decoding=\"async\" width=\"300\" height=\"163\" src=\"http:\/\/fedai.az\/wp-content\/uploads\/2020\/08\/parla_az_5e239725c854a7578d96e591cc79eddb_y6brxseougk4n2mp7zic-300x163-1.jpg\" alt=\"\" data-id=\"13560\" data-link=\"http:\/\/fedai.az\/?attachment_id=13560\" class=\"wp-image-13560\" srcset=\"https:\/\/fedai.az\/wp-content\/uploads\/2020\/08\/parla_az_5e239725c854a7578d96e591cc79eddb_y6brxseougk4n2mp7zic-300x163-1.jpg 300w, https:\/\/fedai.az\/wp-content\/uploads\/2020\/08\/parla_az_5e239725c854a7578d96e591cc79eddb_y6brxseougk4n2mp7zic-300x163-1-150x82.jpg 150w\" sizes=\"auto, (max-width: 300px) 100vw, 300px\" \/><\/figure><\/li><li class=\"blocks-gallery-item\"><figure><img decoding=\"async\" src=\"http:\/\/fedai.az\/wp-content\/uploads\/2020\/08\/parla_az_c74f45ac6b585763782732b014845294_6x8w4j93bp5fukmi70oa-300x214-1.jpg\" alt=\"\" data-id=\"13561\" data-full-url=\"http:\/\/fedai.az\/wp-content\/uploads\/2020\/08\/parla_az_c74f45ac6b585763782732b014845294_6x8w4j93bp5fukmi70oa-300x214-1.jpg\" data-link=\"http:\/\/fedai.az\/?attachment_id=13561\" class=\"wp-image-13561\"\/><\/figure><\/li><\/ul><\/figure>\n\n\n\n<figure class=\"wp-block-embed-youtube wp-block-embed is-type-video is-provider-youtube wp-embed-aspect-16-9 wp-has-aspect-ratio\"><div class=\"wp-block-embed__wrapper\">\n<iframe loading=\"lazy\" title=\"Ramiz Mehdiyevin k\u00fcr\u0259k\u0259ni bel\u0259 h\u0259bs edildi\" width=\"715\" height=\"402\" src=\"https:\/\/www.youtube.com\/embed\/2bmy06HSNSM?feature=oembed\" frameborder=\"0\" allow=\"accelerometer; autoplay; encrypted-media; gyroscope; picture-in-picture\" allowfullscreen><\/iframe>\n<\/div><\/figure>\n\n\n\n<figure class=\"wp-block-embed-youtube wp-block-embed is-type-video is-provider-youtube wp-embed-aspect-16-9 wp-has-aspect-ratio\"><div class=\"wp-block-embed__wrapper\">\n<iframe loading=\"lazy\" title=\"Ramiz Mehdiyevin k\u00fcr\u0259k\u0259ni v\u0259 onun qudas\u0131 bel\u0259 h\u0259bs edildi\" width=\"715\" height=\"402\" src=\"https:\/\/www.youtube.com\/embed\/97df-ZWfIDI?feature=oembed\" frameborder=\"0\" allow=\"accelerometer; autoplay; encrypted-media; gyroscope; picture-in-picture\" allowfullscreen><\/iframe>\n<\/div><\/figure>\n","protected":false},"excerpt":{"rendered":"<p>Ab\u015feron Rayon M\u0259hk\u0259m\u0259sind\u0259 sabiq deputat \u0130lh\u0430m \u018fliyevin inzibati m\u0259suliyy\u0259t\u0259 c\u0259lb edilm\u0259si il\u0259 ba\u011fl\u0131 m\u0259hk\u0259m\u0259 prosesi ke\u00e7irilib. Fedai.az x\u0259b\u0259r verir ki, i\u015f\u0259 hakim \u015e\u00f6vk\u0259t N\u0259c\u0259fovan\u0131n<\/p>\n","protected":false},"author":2,"featured_media":13562,"comment_status":"closed","ping_status":"closed","sticky":false,"template":"","format":"standard","meta":{"footnotes":""},"categories":[3],"tags":[],"class_list":["post-13558","post","type-post","status-publish","format-standard","has-post-thumbnail","hentry","category-gundm"],"aioseo_notices":[],"_links":{"self":[{"href":"https:\/\/fedai.az\/index.php?rest_route=\/wp\/v2\/posts\/13558","targetHints":{"allow":["GET"]}}],"collection":[{"href":"https:\/\/fedai.az\/index.php?rest_route=\/wp\/v2\/posts"}],"about":[{"href":"https:\/\/fedai.az\/index.php?rest_route=\/wp\/v2\/types\/post"}],"author":[{"embeddable":true,"href":"https:\/\/fedai.az\/index.php?rest_route=\/wp\/v2\/users\/2"}],"replies":[{"embeddable":true,"href":"https:\/\/fedai.az\/index.php?rest_route=%2Fwp%2Fv2%2Fcomments&post=13558"}],"version-history":[{"count":5,"href":"https:\/\/fedai.az\/index.php?rest_route=\/wp\/v2\/posts\/13558\/revisions"}],"predecessor-version":[{"id":13576,"href":"https:\/\/fedai.az\/index.php?rest_route=\/wp\/v2\/posts\/13558\/revisions\/13576"}],"wp:featuredmedia":[{"embeddable":true,"href":"https:\/\/fedai.az\/index.php?rest_route=\/wp\/v2\/media\/13562"}],"wp:attachment":[{"href":"https:\/\/fedai.az\/index.php?rest_route=%2Fwp%2Fv2%2Fmedia&parent=13558"}],"wp:term":[{"taxonomy":"category","embeddable":true,"href":"https:\/\/fedai.az\/index.php?rest_route=%2Fwp%2Fv2%2Fcategories&post=13558"},{"taxonomy":"post_tag","embeddable":true,"href":"https:\/\/fedai.az\/index.php?rest_route=%2Fwp%2Fv2%2Ftags&post=13558"}],"curies":[{"name":"wp","href":"https:\/\/api.w.org\/{rel}","templated":true}]}}