{"id":13590,"date":"2020-08-22T20:15:58","date_gmt":"2020-08-22T16:15:58","guid":{"rendered":"http:\/\/fedai.az\/?p=13590"},"modified":"2020-08-22T20:15:59","modified_gmt":"2020-08-22T16:15:59","slug":"prezident-%c9%99rdogana-m%c9%99ktub-gond%c9%99rib","status":"publish","type":"post","link":"https:\/\/fedai.az\/?p=13590","title":{"rendered":"Prezident \u018frdo\u011fana m\u0259ktub g\u00f6nd\u0259rib"},"content":{"rendered":"\n<p><strong>Prezident\u00a0\u0130lham \u018fliyev T\u00fcrkiy\u0259 Respublikas\u0131n\u0131n Prezidenti Zati-alil\u0259ri R\u0259c\u0259b Tayyib \u018frdo\u011fana m\u0259ktub \u00fcnvanlay\u0131b.<\/strong><\/p>\n\n\n\n<p>M\u0259ktub m\u0259tnind\u0259 deyilir:<br><br>&#171;H\u00f6rm\u0259tli c\u0259nab Prezident,<\/p>\n\n\n\n<p>\u018fziz Qarda\u015f\u0131m,<\/p>\n\n\n\n<p>T\u00fcrkiy\u0259 tarixinin \u0259n b\u00f6y\u00fck t\u0259bii qaz yata\u011f\u0131n\u0131n k\u0259\u015ff olunmas\u0131 m\u00fcnasib\u0259til\u0259 Sizi v\u0259 qarda\u015f T\u00fcrkiy\u0259 xalq\u0131n\u0131 \u00f6z ad\u0131mdan v\u0259 Az\u0259rbaycan xalq\u0131 ad\u0131ndan \u00fcr\u0259kd\u0259n t\u0259brik edir\u0259m.<\/p>\n\n\n\n<p>T\u00fcrkiy\u0259 enerji t\u0259hl\u00fck\u0259sizliyi sah\u0259sind\u0259 n\u00f6vb\u0259ti \u00f6n\u0259mli add\u0131m\u0131n\u0131 atm\u0131\u015fd\u0131r. Qaz yata\u011f\u0131n\u0131n i\u015fl\u0259nm\u0259si qarda\u015f T\u00fcrkiy\u0259 xalq\u0131na faydalar g\u0259tir\u0259c\u0259kdir. Bu yata\u011f\u0131n k\u0259\u015ffi h\u0259m d\u0259 T\u00fcrkiy\u0259nin s\u0259naye potensial\u0131n\u0131n v\u0259 artan g\u00fcc\u00fcn\u00fcn t\u0259zah\u00fcr\u00fcd\u00fcr.<\/p>\n\n\n\n<p>Az\u0259rbaycan v\u0259 T\u00fcrkiy\u0259 uzun ill\u0259r \u0259rzind\u0259 n\u0259h\u0259ng enerji v\u0259 n\u0259qliyyat layih\u0259l\u0259rini u\u011furla icra edirl\u0259r. Bak\u0131-Tbilisi-Ceyhan, Bak\u0131-Tbilisi-\u018frzurum, TANAP, Bak\u0131-Tbilisi-Qars layih\u0259l\u0259ri \u00f6lk\u0259l\u0259rimiz v\u0259 xalqlar\u0131m\u0131z \u00fc\u00e7\u00fcn yeni imkanlar a\u00e7\u0131r v\u0259 Az\u0259rbaycan-T\u00fcrkiy\u0259 t\u0259r\u0259fda\u015fl\u0131\u011f\u0131n\u0131 daha da m\u00f6hk\u0259ml\u0259ndirir.<\/p>\n\n\n\n<p><strong>\u00dcmid edir\u0259m ki, T\u00fcrkiy\u0259nin haz\u0131rda apard\u0131\u011f\u0131 dig\u0259r k\u0259\u015ffiyyat layih\u0259l\u0259ri d\u0259 m\u00fcv\u0259ff\u0259qiyy\u0259tl\u0259 n\u0259tic\u0259l\u0259n\u0259c\u0259kdir. Qarda\u015f T\u00fcrkiy\u0259nin u\u011furlar\u0131na \u00f6z u\u011furlar\u0131m\u0131z q\u0259d\u0259r sevinirik. \u018fmin\u0259m ki, Az\u0259rbaycan-T\u00fcrkiy\u0259 qarda\u015fl\u0131\u011f\u0131 v\u0259 dostlu\u011fu bundan sonra da inki\u015faf ed\u0259c\u0259k v\u0259 g\u00fccl\u0259n\u0259c\u0259kdir.<\/strong><\/p>\n\n\n\n<p>F\u00fcrs\u0259td\u0259n istifad\u0259 ed\u0259r\u0259k Siz\u0259 m\u00f6hk\u0259m cansa\u011fl\u0131\u011f\u0131, i\u015fl\u0259rinizd\u0259 u\u011furlar, qarda\u015f T\u00fcrkiy\u0259 xalq\u0131na daim \u0259min-amanl\u0131q v\u0259 firavanl\u0131q arzulay\u0131ram&#187;.<\/p>\n","protected":false},"excerpt":{"rendered":"<p>Prezident\u00a0\u0130lham \u018fliyev T\u00fcrkiy\u0259 Respublikas\u0131n\u0131n Prezidenti Zati-alil\u0259ri R\u0259c\u0259b Tayyib \u018frdo\u011fana m\u0259ktub \u00fcnvanlay\u0131b. M\u0259ktub m\u0259tnind\u0259 deyilir: &#171;H\u00f6rm\u0259tli c\u0259nab Prezident, \u018fziz Qarda\u015f\u0131m, T\u00fcrkiy\u0259 tarixinin \u0259n b\u00f6y\u00fck t\u0259bii<\/p>\n","protected":false},"author":2,"featured_media":0,"comment_status":"closed","ping_status":"closed","sticky":false,"template":"","format":"standard","meta":{"footnotes":""},"categories":[1],"tags":[],"class_list":["post-13590","post","type-post","status-publish","format-standard","hentry","category-siyast"],"aioseo_notices":[],"_links":{"self":[{"href":"https:\/\/fedai.az\/index.php?rest_route=\/wp\/v2\/posts\/13590","targetHints":{"allow":["GET"]}}],"collection":[{"href":"https:\/\/fedai.az\/index.php?rest_route=\/wp\/v2\/posts"}],"about":[{"href":"https:\/\/fedai.az\/index.php?rest_route=\/wp\/v2\/types\/post"}],"author":[{"embeddable":true,"href":"https:\/\/fedai.az\/index.php?rest_route=\/wp\/v2\/users\/2"}],"replies":[{"embeddable":true,"href":"https:\/\/fedai.az\/index.php?rest_route=%2Fwp%2Fv2%2Fcomments&post=13590"}],"version-history":[{"count":1,"href":"https:\/\/fedai.az\/index.php?rest_route=\/wp\/v2\/posts\/13590\/revisions"}],"predecessor-version":[{"id":13592,"href":"https:\/\/fedai.az\/index.php?rest_route=\/wp\/v2\/posts\/13590\/revisions\/13592"}],"wp:attachment":[{"href":"https:\/\/fedai.az\/index.php?rest_route=%2Fwp%2Fv2%2Fmedia&parent=13590"}],"wp:term":[{"taxonomy":"category","embeddable":true,"href":"https:\/\/fedai.az\/index.php?rest_route=%2Fwp%2Fv2%2Fcategories&post=13590"},{"taxonomy":"post_tag","embeddable":true,"href":"https:\/\/fedai.az\/index.php?rest_route=%2Fwp%2Fv2%2Ftags&post=13590"}],"curies":[{"name":"wp","href":"https:\/\/api.w.org\/{rel}","templated":true}]}}