{"id":13593,"date":"2020-08-23T00:27:46","date_gmt":"2020-08-22T20:27:46","guid":{"rendered":"http:\/\/fedai.az\/?p=13593"},"modified":"2020-08-23T00:27:47","modified_gmt":"2020-08-22T20:27:47","slug":"ilham-%c9%99liyev-%c9%99rdogana-z%c9%99ng-edib","status":"publish","type":"post","link":"https:\/\/fedai.az\/?p=13593","title":{"rendered":"\u0130lham \u018fliyev \u018frdo\u011fana z\u0259ng edib"},"content":{"rendered":"\n<p><strong>Avqustun 22-d\u0259 Az\u0259rbaycan Respublikas\u0131n\u0131n Prezidenti \u0130lham \u018fliyev T\u00fcrkiy\u0259 Respublikas\u0131n\u0131n Prezidenti R\u0259c\u0259b Tayyib \u018frdo\u011fana telefonla z\u0259ng edib.<\/strong><\/p>\n\n\n\n<p><br>Fedai.az x\u0259b\u0259r verir ki, bu bar\u0259d\u0259 Az\u0259rbaycan Prezidentinin M\u0259tbuat Xidm\u0259ti m\u0259lumat yay\u0131b.<\/p>\n\n\n\n<p><br>D\u00f6vl\u0259timizin ba\u015f\u00e7\u0131s\u0131 T\u00fcrkiy\u0259nin Qara d\u0259nizd\u0259 b\u00f6y\u00fck t\u0259bii qaz yata\u011f\u0131 k\u0259\u015ff etm\u0259si m\u00fcnasib\u0259til\u0259 t\u0259brikl\u0259rini \u00e7atd\u0131r\u0131b, bu \u00f6n\u0259mli hadis\u0259nin dost v\u0259 qarda\u015f T\u00fcrkiy\u0259 xalq\u0131n\u0131n rifah hal\u0131n\u0131n daha da yax\u015f\u0131la\u015fd\u0131r\u0131lmas\u0131 v\u0259 \u00f6lk\u0259nin iqtisadi g\u00fcc\u00fcn\u00fcn daha da m\u00f6hk\u0259ml\u0259ndirilm\u0259si i\u015fin\u0259 xidm\u0259t ed\u0259c\u0259yin\u0259 \u0259min oldu\u011funu bildirib.<\/p>\n\n\n\n<p><br>Prezident \u0130lham \u018fliyev qeyd edib ki, T\u00fcrkiy\u0259 art\u0131q beyn\u0259lxalq qaz m\u0259rk\u0259zl\u0259rind\u0259n birin\u0259 \u00e7evrilib v\u0259 Az\u0259rbaycan T\u00fcrkiy\u0259nin u\u011furlar\u0131na \u00f6z u\u011furlar\u0131 kimi sevinir.<\/p>\n\n\n\n<p><br>R\u0259c\u0259b Tayyib \u018frdo\u011fan g\u00f6st\u0259ril\u0259n diqq\u0259t\u0259 v\u0259 t\u0259brik\u0259 g\u00f6r\u0259 minn\u0259tdarl\u0131\u011f\u0131n\u0131 bildirib.<\/p>\n\n\n\n<p><br>D\u00f6vl\u0259t ba\u015f\u00e7\u0131lar\u0131 \u00f6lk\u0259l\u0259rimiz aras\u0131nda dostluq v\u0259 qarda\u015fl\u0131q m\u00fcnasib\u0259tl\u0259rinin bundan sonra da b\u00fct\u00fcn sah\u0259l\u0259rd\u0259 u\u011furla inki\u015faf ed\u0259c\u0259yini vur\u011fulayaraq \u0259m\u0259kda\u015fl\u0131\u011f\u0131m\u0131z\u0131n perspektivl\u0259ri il\u0259 ba\u011fl\u0131 m\u0259s\u0259l\u0259l\u0259ri m\u00fczakir\u0259 edibl\u0259r.\u00a0<\/p>\n","protected":false},"excerpt":{"rendered":"<p>Avqustun 22-d\u0259 Az\u0259rbaycan Respublikas\u0131n\u0131n Prezidenti \u0130lham \u018fliyev T\u00fcrkiy\u0259 Respublikas\u0131n\u0131n Prezidenti R\u0259c\u0259b Tayyib \u018frdo\u011fana telefonla z\u0259ng edib. Fedai.az x\u0259b\u0259r verir ki, bu bar\u0259d\u0259 Az\u0259rbaycan Prezidentinin<\/p>\n","protected":false},"author":2,"featured_media":0,"comment_status":"closed","ping_status":"closed","sticky":false,"template":"","format":"standard","meta":{"footnotes":""},"categories":[1],"tags":[],"class_list":["post-13593","post","type-post","status-publish","format-standard","hentry","category-siyast"],"aioseo_notices":[],"_links":{"self":[{"href":"https:\/\/fedai.az\/index.php?rest_route=\/wp\/v2\/posts\/13593","targetHints":{"allow":["GET"]}}],"collection":[{"href":"https:\/\/fedai.az\/index.php?rest_route=\/wp\/v2\/posts"}],"about":[{"href":"https:\/\/fedai.az\/index.php?rest_route=\/wp\/v2\/types\/post"}],"author":[{"embeddable":true,"href":"https:\/\/fedai.az\/index.php?rest_route=\/wp\/v2\/users\/2"}],"replies":[{"embeddable":true,"href":"https:\/\/fedai.az\/index.php?rest_route=%2Fwp%2Fv2%2Fcomments&post=13593"}],"version-history":[{"count":1,"href":"https:\/\/fedai.az\/index.php?rest_route=\/wp\/v2\/posts\/13593\/revisions"}],"predecessor-version":[{"id":13595,"href":"https:\/\/fedai.az\/index.php?rest_route=\/wp\/v2\/posts\/13593\/revisions\/13595"}],"wp:attachment":[{"href":"https:\/\/fedai.az\/index.php?rest_route=%2Fwp%2Fv2%2Fmedia&parent=13593"}],"wp:term":[{"taxonomy":"category","embeddable":true,"href":"https:\/\/fedai.az\/index.php?rest_route=%2Fwp%2Fv2%2Fcategories&post=13593"},{"taxonomy":"post_tag","embeddable":true,"href":"https:\/\/fedai.az\/index.php?rest_route=%2Fwp%2Fv2%2Ftags&post=13593"}],"curies":[{"name":"wp","href":"https:\/\/api.w.org\/{rel}","templated":true}]}}