{"id":13596,"date":"2020-08-23T00:33:08","date_gmt":"2020-08-22T20:33:08","guid":{"rendered":"http:\/\/fedai.az\/?p=13596"},"modified":"2020-08-23T00:33:11","modified_gmt":"2020-08-22T20:33:11","slug":"ramiz-mehdiyev-amea-nin-prezidenti-v%c9%99zif%c9%99sind%c9%99n-uzaqlasdirilsin-butun-dovl%c9%99t-t%c9%99ltifl%c9%99rind%c9%99n-m%c9%99hrum-edilsin-deputatdan-cagiris","status":"publish","type":"post","link":"https:\/\/fedai.az\/?p=13596","title":{"rendered":"&#171;Ramiz Mehdiyev AMEA-n\u0131n prezidenti v\u0259zif\u0259sind\u0259n uzaqla\u015fd\u0131r\u0131ls\u0131n, b\u00fct\u00fcn d\u00f6vl\u0259t t\u0259ltifl\u0259rind\u0259n m\u0259hrum edilsin&#187; \u2014 Deputatdan \u00c7A\u011eIRI\u015e"},"content":{"rendered":"\n<p><strong>B\u00fct\u00fcn d\u00fcnya v\u0259 onun bir par\u00e7as\u0131 kimi Az\u0259rbaycan koronavirusun t\u00f6r\u0259tdiyi a\u011f\u0131r m\u0259hrumiyy\u0259tl\u0259rin i\u00e7\u0259risind\u0259dir. Bu \u00fcmumib\u0259\u015f\u0259ri b\u0259ladan az itki il\u0259 \u00e7\u0131xmaq \u00fc\u00e7\u00fcn d\u00f6vl\u0259timiz b\u00fct\u00fcn imkanlar\u0131n\u0131 s\u0259f\u0259rb\u0259r edib, xalq\u0131m\u0131zla b\u0259rab\u0259r s\u00f6z\u00fcn h\u0259qiqi m\u0259nas\u0131nda g\u00f6z\u0259g\u00f6r\u00fcnm\u0259z d\u00fc\u015fm\u0259nl\u0259 a\u011f\u0131r d\u00f6y\u00fc\u015fl\u0259r aparmaqdad\u0131r. Karantin rejiminin t\u0259l\u0259bl\u0259rinin yerin\u0259 yetirilm\u0259si pandemiya il\u0259 m\u00fcbariz\u0259d\u0259 h\u0259lledici rol oynay\u0131r.&nbsp;<\/strong><\/p>\n\n\n\n<p><br>T\u0259\u0259ss\u00fcf ki, bir s\u0131ra hallarda v\u0259t\u0259nda\u015flar\u0131m\u0131z qaydalar\u0131 yerin\u0259 yetirm\u0259diyin\u0259 g\u00f6r\u0259 haql\u0131 olaraq az\u0259rbaycan qanunlar\u0131 \u00e7\u0259r\u00e7iv\u0259sind\u0259 c\u0259zaland\u0131r\u0131l\u0131r. Bu bax\u0131mdan istisnalar yoxdur v\u0259 ola da bilm\u0259z. Ancaq \u00f6lk\u0259d\u0259 \u00f6z\u00fcn\u00fc qanunlar\u0131n v\u0259 d\u00f6vl\u0259tin f\u00f6vq\u00fcnd\u0259 hiss ed\u0259n, d\u00f6vl\u0259t\u00e7iliyimiz\u0259 ciddi z\u0259rb\u0259l\u0259r vurma\u011fa c\u0259hdl\u0259r g\u00f6st\u0259r\u0259n, \u00f6z h\u0259r\u0259k\u0131\u0259t v\u0259 davran\u0131\u015flar\u0131 il\u0259 d\u00f6vl\u0259timiz\u0259 v\u0259 xalq\u0131m\u0131za meydan oxuyan, hikk\u0259sind\u0259n v\u0259 Az\u0259rbaycana olan nifr\u0259tind\u0259n qaynaqlanan \u0259m\u0259ll\u0259ri il\u0259 c\u0259miyy\u0259timizd\u0259 Prezident \u0130lham \u018fliyev\u0259 inams\u0131zl\u0131q toxumlar\u0131 s\u0259pm\u0259kd\u0259 davam ed\u0259n Ramiz Mehdiyev pandemiyadan do\u011fan karantin rejiminin t\u0259l\u0259bl\u0259rini pozaraq ciddi qanun pozuntular\u0131na q\u0259sd\u0259n v\u0259 d\u00fc\u015f\u00fcn\u00fclm\u00fc\u015f \u015f\u0259kild\u0259 yol ver\u0259r\u0259k n\u0259v\u0259sinin toy m\u0259clisini t\u0259\u015fkil edib. Bununla Ramiz Mehdiyev b\u00fct\u00fcn d\u0259y\u0259rl\u0259ri tapdalayaraq insanlar\u0131m\u0131za olduqca pis n\u00fcmun\u0259 t\u0259qdim edib.&nbsp;<\/p>\n\n\n\n<p><br>N\u0259z\u0259r\u0259 alsaq ki, o haz\u0131rda elmimizin m\u0259b\u0259di hesab edil\u0259n Az\u0259rbaycan Milli Elml\u0259r Akademiyas\u0131n\u0131n prezidentidir, y\u00fcks\u0259k d\u00f6vl\u0259t t\u0259ltifl\u0259rinin da\u015f\u0131y\u0131c\u0131s\u0131d\u0131r, g\u00fcnahlar\u0131 daha ba\u011f\u0131\u015flanmaz mahiyy\u0259t da\u015f\u0131y\u0131r. Aylard\u0131r \u00f6vlad toyunu ed\u0259n, evind\u0259n g\u0259lin k\u00f6\u00e7\u00fcr\u0259 bilm\u0259y\u0259n on minl\u0259rl\u0259 ata-analar\u0131m\u0131z da, aylard\u0131r ki, ail\u0259 h\u0259yat\u0131 qura bilm\u0259y\u0259n g\u0259ncl\u0259rimizd\u0259 x\u0259yal q\u0131r\u0131ql\u0131\u011f\u0131 yaradan Ramiz Mehdiyev n\u0259 Az\u0259rbaycan Milli Elml\u0259r Akademiyas\u0131n\u0131n prezidenti kimi n\u00fcfuzlu v\u0259zif\u0259ni, n\u0259 d\u0259 d\u00f6vl\u0259t t\u0259ltifl\u0259rini da\u015f\u0131ma\u011fa he\u00e7 bir m\u0259n\u0259vi haqq\u0131 yoxdur. Onun son \u0259m\u0259ll\u0259ri haql\u0131 olaraq xalq\u0131m\u0131zda Ramiz Mehdiyev\u0259 qar\u015f\u0131 d\u0259rin nifr\u0259t v\u0259 ciddi naraz\u0131l\u0131qlar yarad\u0131b.&nbsp;<\/p>\n\n\n\n<p><br>D\u00f6vl\u0259timiz\u0259 v\u0259 xalq\u0131m\u0131za meydan oxuyan bu anti-milli \u00fcns\u00fcr\u0259 qar\u015f\u0131 n\u0259hay\u0259t ki, s\u0259rt t\u0259dbirl\u0259r h\u0259yata ke\u00e7irilm\u0259li, qanunun aliliyi h\u0259r k\u0259s \u00fc\u00e7\u00fcn ke\u00e7ilm\u0259z olmal\u0131d\u0131r. G\u00f6r\u00fcn\u0259n odur ki, b\u00fct\u00fcn xalq\u0131m\u0131z haql\u0131 olaraq d\u00f6vl\u0259timizd\u0259n v\u0259 h\u00fcquq-m\u00fchafiz\u0259 orqanlar\u0131ndan Ramiz Mehdiyev\u0259 qar\u015f\u0131 s\u0259rt add\u0131mlar\u0131n at\u0131lmas\u0131n\u0131 g\u00f6zl\u0259yir. N\u0259hay\u0259t, d\u00f6vl\u0259timizin ayaqlar\u0131 alt\u0131na basd\u0131r\u0131lan bu t\u0259hl\u00fck\u0259li minadan xilas olma\u011f\u0131n zaman\u0131d\u0131r.&nbsp;<\/p>\n\n\n\n<p><br>Sonda x\u00fcsusi olaraq bildirm\u0259k ist\u0259rdim ki, Ramiz Mehdiyevin n\u0259v\u0259sinin toyunda \u015f\u0259xs\u0259n d\u0259v\u0259t etdiyi b\u0259zi adamlar haqq\u0131nda K\u0130V-l\u0259rd\u0259 kifay\u0259t q\u0259d\u0259r m\u0259lumatlar yay\u0131l\u0131b. Onlardan biri Milli M\u0259clisin komit\u0259 s\u0259dri v\u0259 deputat\u0131 Siyavu\u015f Novruzov h\u0259yat yolda\u015f\u0131 olan Az\u0259rbaycan\u0131n Ombudsman\u0131 S\u0259bin\u0259 \u018fliyeva il\u0259 b\u0259rab\u0259r toyda i\u015ftirak etm\u0259sidir. \u018flb\u0259tt\u0259 ki, bu g\u00f6zl\u0259nil\u0259n deyildi. M\u0259n he\u00e7 bir halda t\u0259s\u0259vv\u00fcr etm\u0259zdim ki, Siyavu\u015f Novruzov bu toy m\u0259rasimind\u0259 i\u015ftirak ed\u0259 bil\u0259r. \u00c7\u00fcnki Siyavu\u015f Novruzov d\u0259f\u0259l\u0259rl\u0259 Milli M\u0259clisin tribunas\u0131ndan s\u0259rt karantin rejimin\u0259 ham\u0131n\u0131 \u0259m\u0259l etm\u0259y\u0259 \u00e7a\u011f\u0131r\u0131b. Siyavu\u015f Novruzov karantin qaydalar\u0131n\u0131 pozan \u015f\u0259xsl\u0259rin s\u0259rt \u015f\u0259kild\u0259 c\u0259zaland\u0131r\u0131lmas\u0131n\u0131 d\u0259f\u0259l\u0259rl\u0259 t\u0259l\u0259b edib. Ancaq bu c\u00fcr fikirl\u0259r s\u0259sl\u0259ndir\u0259n Siyavu\u015f Novruzovun \u00f6z\u00fcn\u00fcn t\u0259l\u0259bl\u0259ri kobud \u015f\u0259kild\u0259 pozaraq, qada\u011fan olunan toy m\u0259rasimind\u0259 i\u015ftirak\u0131 hec c\u00fcr ba\u015fa d\u00fc\u015f\u00fcl\u0259n v\u0259 q\u0259bul edil\u0259n deyil.&nbsp;<\/p>\n\n\n\n<p><br>Dig\u0259r t\u0259r\u0259fd\u0259n, Siyavu\u015f Novruzov erm\u0259nil\u0259r\u0259 qar\u015f\u0131 s\u0259rt m\u00f6vqeyini h\u0259r zaman ifad\u0259 edib, erm\u0259nil\u0259rin ovuna \u00e7\u0131xmas\u0131 haqq\u0131nda fikirl\u0259r ir\u0259li s\u00fcr\u00fcb. Bununla b\u0259rab\u0259r, Siyavu\u015f Novruzov Ramiz Mehdiyevin n\u0259v\u0259sinin toy m\u0259rasimind\u0259 ba\u015fdan-ba\u015fa erm\u0259nil\u0259rin tam \u0259hat\u0259sind\u0259 idi. Ramiz Mehdiyevin erm\u0259ni olan arvad\u0131 Qalina, onun qarda\u015f\u0131 v\u0259 Ramiz Mehdiyevin k\u00fcr\u0259k\u0259ni erm\u0259ni Levon, Levonun erm\u0259ni u\u015faqlar\u0131n\u0131n \u0259hat\u0259sind\u0259 toy m\u0259rasimind\u0259 i\u015ftirak ed\u0259n Siyavu\u015f Novruzov do\u011frudanm\u0131 orada vicdan \u0259zab\u0131 \u00e7\u0259km\u0259di? \u018fg\u0259r z\u0259rr\u0259 q\u0259d\u0259r m\u0259n\u0259vi \u0259zab \u00e7\u0259ks\u0259ydi, o zaman m\u0259tbuata verdiyi a\u00e7\u0131qlamalar\u0131nda &#171;i\u015ftirak etmi\u015f\u0259m, yax\u015f\u0131 el\u0259mi\u015f\u0259m&#187; kimi ifad\u0259l\u0259r i\u015fl\u0259tm\u0259zdi.&nbsp;<\/p>\n\n\n\n<p><br>Ramiz Mehdiyevin \u015f\u0259r\u0259fin\u0259 sa\u011fl\u0131q dey\u0259n v\u0259 b\u00f6y\u00fck riyakarl\u0131\u011f\u0131, yaltaql\u0131\u011f\u0131 \u00f6z\u00fcnd\u0259 ifad\u0259 ed\u0259n Abel M\u0259h\u0259rr\u0259mov o \u00e7\u0131x\u0131\u015f\u0131 il\u0259 h\u0259r bir az\u0259rbaycanl\u0131n\u0131n d\u0259rin nifr\u0259tini qazand\u0131. Ziyal\u0131 bel\u0259 olmaz, \u0259sl ziyal\u0131n\u0131n l\u0259yaq\u0259ti olar. Ziyal\u0131 v\u0259 ya alim he\u00e7 bir zaman kims\u0259nin qar\u015f\u0131s\u0131nda bu q\u0259d\u0259r al\u00e7ald\u0131c\u0131 h\u0259r\u0259k\u0259tl\u0259r etm\u0259z. G\u00f6r\u00fcn\u0259n odur ki, Abel M\u0259h\u0259rr\u0259mov alimlik v\u0259 ziyal\u0131l\u0131q kimi y\u00fcks\u0259k d\u0259y\u0259rl\u0259rd\u0259n uzaqd\u0131r.<\/p>\n\n\n\n<p><br>Toya ev sahibliyi ed\u0259nl\u0259rd\u0259n biri, Ramiz Mehdiyevin k\u00fcr\u0259k\u0259ni \u0130lham \u018fliyev\u0259 qar\u015f\u0131 m\u0259hk\u0259m\u0259 t\u0259r\u0259find\u0259n 15 sutkal\u0131q h\u0259bs q\u0259rar\u0131 \u00e7\u0131xar\u0131ld\u0131. Bu q\u0259rar \u00e7ox do\u011fru add\u0131md\u0131r. D\u00fc\u015f\u00fcn\u00fcr\u0259m ki, bu ilk add\u0131md\u0131r v\u0259 bununla kifay\u0259tl\u0259nm\u0259k olmaz. O, \u00f6z\u00fcn\u00fc \u00e7ox idar\u0259olunmaz bir adam kimi apar\u0131rd\u0131. Onun m\u0259tbuata verdiyi iddial\u0131 a\u00e7\u0131qlamalar h\u0259r k\u0259s\u0259 tan\u0131\u015fd\u0131r. Bel\u0259 bir idar\u0259olunmaz v\u0259 son d\u0259r\u0259c\u0259 t\u0259k\u0259bb\u00fcrl\u00fc bir insan\u0131n Az\u0259rbaycan qanunlar\u0131 qar\u015f\u0131s\u0131nda aciz v\u0259ziyy\u0259t\u0259 d\u00fc\u015fm\u0259si t\u0259qdir olunur v\u0259 alq\u0131\u015falayiqdir. Lakin d\u00fc\u015f\u00fcn\u00fcr\u0259m ki, bu c\u0259za kifay\u0259t deyil. Bu toyun \u0259sas t\u0259\u015fkilat\u00e7\u0131s\u0131 olan, \u00f6z\u00fcn\u00fc mafiya ba\u015f\u00e7\u0131s\u0131 kimi aparan, milli-m\u0259n\u0259vi d\u0259y\u0259rl\u0259rimiz\u0259 h\u00f6rm\u0259t b\u0259sl\u0259m\u0259y\u0259n, indiki stiuasiyan\u0131 n\u0259z\u0259r\u0259 almayan, Az\u0259rbaycan xalq\u0131 il\u0259 d\u00f6vl\u0259t aras\u0131nda ciddi probleml\u0259r yaratmaq ist\u0259y\u0259n v\u0259 buna ill\u0259rdir xidm\u0259t ed\u0259n Ramiz Mehdiyev d\u0259 c\u0259zaland\u0131r\u0131lmal\u0131d\u0131r. \u018fg\u0259r Ramiz Mehdiyev c\u0259zalanmasa, o zaman xalq\u0131m\u0131zda d\u00f6vl\u0259timiz\u0259 qar\u015f\u0131 x\u0259yal q\u0131r\u0131ql\u0131\u011f\u0131 yarana bil\u0259r. \u018fmin\u0259m ki, d\u00f6vl\u0259timiz buna imkan verm\u0259y\u0259c\u0259k.&nbsp; &nbsp; &nbsp; &nbsp;<\/p>\n\n\n\n<p><br><strong>F\u0259zail A\u011famal\u0131<\/strong><\/p>\n\n\n\n<p><strong>Milli M\u0259clisin deputat\u0131, Ana V\u0259t\u0259n Partiyas\u0131n\u0131n s\u0259dri&nbsp; &nbsp; &nbsp;<\/strong><\/p>\n","protected":false},"excerpt":{"rendered":"<p>B\u00fct\u00fcn d\u00fcnya v\u0259 onun bir par\u00e7as\u0131 kimi Az\u0259rbaycan koronavirusun t\u00f6r\u0259tdiyi a\u011f\u0131r m\u0259hrumiyy\u0259tl\u0259rin i\u00e7\u0259risind\u0259dir. Bu \u00fcmumib\u0259\u015f\u0259ri b\u0259ladan az itki il\u0259 \u00e7\u0131xmaq \u00fc\u00e7\u00fcn d\u00f6vl\u0259timiz b\u00fct\u00fcn imkanlar\u0131n\u0131<\/p>\n","protected":false},"author":2,"featured_media":0,"comment_status":"closed","ping_status":"closed","sticky":false,"template":"","format":"standard","meta":{"footnotes":""},"categories":[3],"tags":[],"class_list":["post-13596","post","type-post","status-publish","format-standard","hentry","category-gundm"],"aioseo_notices":[],"_links":{"self":[{"href":"https:\/\/fedai.az\/index.php?rest_route=\/wp\/v2\/posts\/13596","targetHints":{"allow":["GET"]}}],"collection":[{"href":"https:\/\/fedai.az\/index.php?rest_route=\/wp\/v2\/posts"}],"about":[{"href":"https:\/\/fedai.az\/index.php?rest_route=\/wp\/v2\/types\/post"}],"author":[{"embeddable":true,"href":"https:\/\/fedai.az\/index.php?rest_route=\/wp\/v2\/users\/2"}],"replies":[{"embeddable":true,"href":"https:\/\/fedai.az\/index.php?rest_route=%2Fwp%2Fv2%2Fcomments&post=13596"}],"version-history":[{"count":1,"href":"https:\/\/fedai.az\/index.php?rest_route=\/wp\/v2\/posts\/13596\/revisions"}],"predecessor-version":[{"id":13598,"href":"https:\/\/fedai.az\/index.php?rest_route=\/wp\/v2\/posts\/13596\/revisions\/13598"}],"wp:attachment":[{"href":"https:\/\/fedai.az\/index.php?rest_route=%2Fwp%2Fv2%2Fmedia&parent=13596"}],"wp:term":[{"taxonomy":"category","embeddable":true,"href":"https:\/\/fedai.az\/index.php?rest_route=%2Fwp%2Fv2%2Fcategories&post=13596"},{"taxonomy":"post_tag","embeddable":true,"href":"https:\/\/fedai.az\/index.php?rest_route=%2Fwp%2Fv2%2Ftags&post=13596"}],"curies":[{"name":"wp","href":"https:\/\/api.w.org\/{rel}","templated":true}]}}