{"id":13599,"date":"2020-08-23T00:37:39","date_gmt":"2020-08-22T20:37:39","guid":{"rendered":"http:\/\/fedai.az\/?p=13599"},"modified":"2020-08-23T00:37:42","modified_gmt":"2020-08-22T20:37:42","slug":"ekspert-t%c9%99dris-prosesini-olk%c9%99-boyu-%c9%99n%c9%99n%c9%99vi-rejimd%c9%99-b%c9%99rpa-etm%c9%99k-m%c9%99nasizdir","status":"publish","type":"post","link":"https:\/\/fedai.az\/?p=13599","title":{"rendered":"Ekspert: \u201cT\u0259dris prosesini \u00f6lk\u0259 boyu \u0259n\u0259n\u0259vi rejimd\u0259 b\u0259rpa etm\u0259k m\u0259nas\u0131zd\u0131r\u201d"},"content":{"rendered":"\n<p><strong>\u00d6lk\u0259nin m\u00fcxt\u0259lif b\u00f6lg\u0259l\u0259rind\u0259 epidemioloji v\u0259ziyy\u0259t \u0259h\u0259miyy\u0259tli d\u0259r\u0259c\u0259d\u0259 d\u0259yi\u015fir. Buna g\u00f6r\u0259 t\u0259hsil prosesini b\u0259rpa etm\u0259k m\u0259s\u0259l\u0259sin\u0259 m\u00fcxt\u0259lif b\u00f6lg\u0259l\u0259rd\u0259 f\u0259rqli yana\u015fmaq laz\u0131md\u0131r.<\/strong><\/p>\n\n\n\n<p>Bu bar\u0259d\u0259&nbsp;<a href=\"https:\/\/media.az\/society\/1067788178\/roditeli-dolzhny-prinyat-reshenie-stoit-li-im-otpuskat-detey-v-shkolu-ili-net-ekspert-daet-svoi-rekomendacii\/?fbclid=IwAR21jw4n9RrEHvLzKN4kNLnaer2luIaiVNMgjw7_zv71B7P7fHAKt4PLKJQ\" target=\"_blank\" rel=\"noreferrer noopener\">Media.Az<\/a>&nbsp;-a t\u0259hsil sah\u0259sind\u0259 ekspert Qo\u015fqar M\u0259h\u0259rr\u0259mov deyib.<\/p>\n\n\n\n<p>Onun s\u00f6zl\u0259rin\u0259 g\u00f6r\u0259, t\u0259dris prosesini \u00f6lk\u0259 boyu&nbsp;\u0259n\u0259n\u0259vi rejimd\u0259 b\u0259rpa etm\u0259k m\u0259nas\u0131zd\u0131r.<\/p>\n\n\n\n<p>\u201cM\u0259s\u0259l\u0259n, karantinin tamamil\u0259 l\u0259\u011fv olundu\u011fu b\u00f6lg\u0259l\u0259rd\u0259 \u0259n\u0259n\u0259vi t\u0259hsil formas\u0131na qay\u0131tmaq olar. \u018flb\u0259tt\u0259 ki, vacib t\u0259dbirl\u0259r\u0259 riay\u0259t etm\u0259k \u015f\u0259rti il\u0259: M\u0259kt\u0259bin giri\u015find\u0259 \u015fagird v\u0259 m\u00fc\u0259lliml\u0259rin temperaturu \u00f6l\u00e7\u00fclm\u0259li, bir sinifd\u0259 oxuyan \u015fagirdl\u0259rin s\u0131xl\u0131\u011f\u0131na n\u0259zar\u0259t olunmal\u0131, sosial m\u0259saf\u0259y\u0259 riya\u0259t edilm\u0259li, t\u0259hsil oca\u011f\u0131n\u0131n i\u00e7\u0259risind\u0259ki dezinfeksiya t\u0259dbirl\u0259rin\u0259 laqeyd yana\u015f\u0131lmamal\u0131d\u0131r\u201d, &#8212; dey\u0259 ekspert bildirib.<\/p>\n\n\n\n<p>Karantin rejiminin daha s\u0259rt t\u0259tbiq olundu\u011fu zonalara g\u0259ldikd\u0259, Q.M\u0259h\u0259rr\u0259movun fikrinc\u0259, t\u0259dris prosesi Az\u0259rbaycan Respublikas\u0131 T\u0259hsil \u0130nstitutunun bir g\u00fcn \u0259vv\u0259l verdiyi t\u00f6vsiy\u0259l\u0259r \u0259sas\u0131nda t\u0259\u015fkil edil\u0259 bil\u0259r.<\/p>\n\n\n\n<p>\u201cBu v\u0259ziyy\u0259td\u0259 d\u0259rs g\u00fcnl\u0259rinin, saatlar\u0131n say\u0131n\u0131n, h\u0259m\u00e7inin sinifl\u0259rin s\u0131xl\u0131\u011f\u0131n\u0131n azald\u0131lmas\u0131 \u00fc\u00e7\u00fcn t\u0259dbirl\u0259r g\u00f6rm\u0259k vacibdir. B\u0259zi \u015fagirdl\u0259rin bazar ert\u0259si, \u00e7\u0259r\u015f\u0259nb\u0259 v\u0259 c\u00fcm\u0259 g\u00fcnl\u0259ri, dig\u0259rl\u0259rinin is\u0259 \u00e7\u0259r\u015f\u0259nb\u0259 ax\u015fam\u0131, c\u00fcm\u0259 ax\u015fam\u0131 v\u0259 \u015f\u0259nb\u0259 g\u00fcnl\u0259rind\u0259 m\u0259kt\u0259b\u0259 getm\u0259si daha m\u0259qs\u0259d\u0259uy\u011fundur\u201d, &#8212; dey\u0259 ekspert vur\u011fulay\u0131b.<\/p>\n","protected":false},"excerpt":{"rendered":"<p>\u00d6lk\u0259nin m\u00fcxt\u0259lif b\u00f6lg\u0259l\u0259rind\u0259 epidemioloji v\u0259ziyy\u0259t \u0259h\u0259miyy\u0259tli d\u0259r\u0259c\u0259d\u0259 d\u0259yi\u015fir. Buna g\u00f6r\u0259 t\u0259hsil prosesini b\u0259rpa etm\u0259k m\u0259s\u0259l\u0259sin\u0259 m\u00fcxt\u0259lif b\u00f6lg\u0259l\u0259rd\u0259 f\u0259rqli yana\u015fmaq laz\u0131md\u0131r. Bu bar\u0259d\u0259&nbsp;Media.Az&nbsp;-a t\u0259hsil sah\u0259sind\u0259<\/p>\n","protected":false},"author":2,"featured_media":13600,"comment_status":"closed","ping_status":"closed","sticky":false,"template":"","format":"standard","meta":{"footnotes":""},"categories":[8],"tags":[],"class_list":["post-13599","post","type-post","status-publish","format-standard","has-post-thumbnail","hentry","category-thsil"],"aioseo_notices":[],"_links":{"self":[{"href":"https:\/\/fedai.az\/index.php?rest_route=\/wp\/v2\/posts\/13599","targetHints":{"allow":["GET"]}}],"collection":[{"href":"https:\/\/fedai.az\/index.php?rest_route=\/wp\/v2\/posts"}],"about":[{"href":"https:\/\/fedai.az\/index.php?rest_route=\/wp\/v2\/types\/post"}],"author":[{"embeddable":true,"href":"https:\/\/fedai.az\/index.php?rest_route=\/wp\/v2\/users\/2"}],"replies":[{"embeddable":true,"href":"https:\/\/fedai.az\/index.php?rest_route=%2Fwp%2Fv2%2Fcomments&post=13599"}],"version-history":[{"count":1,"href":"https:\/\/fedai.az\/index.php?rest_route=\/wp\/v2\/posts\/13599\/revisions"}],"predecessor-version":[{"id":13601,"href":"https:\/\/fedai.az\/index.php?rest_route=\/wp\/v2\/posts\/13599\/revisions\/13601"}],"wp:featuredmedia":[{"embeddable":true,"href":"https:\/\/fedai.az\/index.php?rest_route=\/wp\/v2\/media\/13600"}],"wp:attachment":[{"href":"https:\/\/fedai.az\/index.php?rest_route=%2Fwp%2Fv2%2Fmedia&parent=13599"}],"wp:term":[{"taxonomy":"category","embeddable":true,"href":"https:\/\/fedai.az\/index.php?rest_route=%2Fwp%2Fv2%2Fcategories&post=13599"},{"taxonomy":"post_tag","embeddable":true,"href":"https:\/\/fedai.az\/index.php?rest_route=%2Fwp%2Fv2%2Ftags&post=13599"}],"curies":[{"name":"wp","href":"https:\/\/api.w.org\/{rel}","templated":true}]}}