{"id":13602,"date":"2020-08-23T00:41:14","date_gmt":"2020-08-22T20:41:14","guid":{"rendered":"http:\/\/fedai.az\/?p=13602"},"modified":"2020-08-23T00:41:15","modified_gmt":"2020-08-22T20:41:15","slug":"%c9%99lilliyi-olan-s%c9%99xsl%c9%99r-reabilitasiya-vasit%c9%99l%c9%99ri-il%c9%99-t%c9%99min-olunublar-foto","status":"publish","type":"post","link":"https:\/\/fedai.az\/?p=13602","title":{"rendered":"\u018flilliyi olan \u015f\u0259xsl\u0259r reabilitasiya vasit\u0259l\u0259ri il\u0259 t\u0259min olunublar &#8212; FOTO"},"content":{"rendered":"\n<p>\u018fm\u0259k v\u0259 \u018fhalinin Sosial M\u00fcdafi\u0259si Nazirliyinin Protez-Ortopedik B\u0259rpa M\u0259rk\u0259zi s\u0259yyar xidm\u0259tl\u0259rini Salyan, Neft\u00e7ala, K\u00fcrd\u0259mir, Ucar, G\u00f6y\u00e7ay, A\u011fsu, \u015eamax\u0131, Qobustan rayonlar\u0131nda davam etdirib.<\/p>\n\n\n\n<p>Nazirlikd\u0259n&nbsp;<strong>Oxu.Az<\/strong>-a veril\u0259n m\u0259lumata g\u00f6r\u0259, s\u0259kkiz rayon \u00fczr\u0259 178 n\u0259f\u0259r \u0259lilliyi olan \u015f\u0259xs\u0259 ehtiyac duyduqlar\u0131 868 reabilitasiya vasit\u0259si M\u0259rk\u0259zin \u0259m\u0259kda\u015flar\u0131 t\u0259r\u0259find\u0259n h\u0259min rayonlara apar\u0131laraq verilib.<\/p>\n\n\n\n<p>Bir s\u0131ra \u0259lilliyi olan \u015f\u0259xsl\u0259rin is\u0259 m\u00fcraci\u0259tl\u0259ri \u0259sas\u0131nda yax\u0131n g\u00fcnl\u0259rd\u0259 reabilitasiya vasit\u0259l\u0259ri il\u0259 t\u0259min edilm\u0259l\u0259ri \u00fc\u00e7\u00fcn onlar\u0131n m\u00fcayin\u0259l\u0259ri apar\u0131l\u0131b v\u0259 m\u00fcvafiq \u00f6l\u00e7\u00fcl\u0259r g\u00f6t\u00fcr\u00fcl\u00fcb.<\/p>\n\n\n\n<p>\u018flilliyi olan \u015f\u0259xsl\u0259r qay\u011f\u0131 il\u0259 \u0259hat\u0259 olunduqlar\u0131ndan, h\u0259m\u00e7inin ehtiyac duyduqlar\u0131 reabilitasiya vasit\u0259l\u0259ri il\u0259 t\u0259min edildikl\u0259rind\u0259n, bu sah\u0259d\u0259 xidm\u0259tl\u0259rd\u0259n raz\u0131l\u0131qlar\u0131n\u0131 bildiribl\u0259r. Onlar h\u0259ssas \u0259hali qruplar\u0131na g\u00f6st\u0259ril\u0259n diqq\u0259t v\u0259 qay\u011f\u0131ya g\u00f6r\u0259 Prezident \u0130lham \u018fliyev\u0259 minn\u0259tdarl\u0131qlar\u0131n\u0131 ifad\u0259 edibl\u0259r.<\/p>\n\n\n\n<p>\u00dcmumilikd\u0259, bu ilin \u00f6t\u0259n d\u00f6vr\u00fcnd\u0259 respublikam\u0131z\u0131n m\u00fcxt\u0259lif b\u00f6lg\u0259l\u0259ri \u00fczr\u0259 850-\u0259 yax\u0131n \u0259lilliyi olan \u015f\u0259xs\u0259 s\u0259yyar formada xidm\u0259tl\u0259r g\u00f6st\u0259rilib. Ehtiyac duyduqlar\u0131 2868 reabilitasiya vasit\u0259si ya\u015fad\u0131qlar\u0131 rayon v\u0259 \u015f\u0259h\u0259rl\u0259r\u0259, bir qismin\u0259 evl\u0259rin\u0259 apar\u0131laraq t\u0259qdim edilib.<\/p>\n\n\n\n<figure class=\"wp-block-image is-resized\"><img loading=\"lazy\" decoding=\"async\" src=\"https:\/\/cdn.oxu.az\/uploads\/W1siZiIsIjIwMjAvMDgvMjIvMTkvNTgvMDIvYjRiMzM5MTQtMjg2MS00Y2VlLTkzNDQtZmI3MTMzYWIxMjQ3L3IxLmpwZyJdLFsicCIsImVuY29kZSIsImpwZyIsIi1xdWFsaXR5IDgwIl0sWyJwIiwidGh1bWIiLCI1OTB4NTkwXHUwMDNlIl1d?sha=7454987d2a05b297\" alt=\"\" width=\"796\" height=\"1060\"\/><\/figure>\n\n\n\n<figure class=\"wp-block-image is-resized\"><img loading=\"lazy\" decoding=\"async\" src=\"https:\/\/cdn.oxu.az\/uploads\/W1siZiIsIjIwMjAvMDgvMjIvMTkvNTgvMDYvNWIxOWM2ZjUtN2M0Mi00ZGFjLWEyZTMtNjY1OWI3ZmViYTkzL3IyLmpwZyJdLFsicCIsImVuY29kZSIsImpwZyIsIi1xdWFsaXR5IDgwIl0sWyJwIiwidGh1bWIiLCI1OTB4NTkwXHUwMDNlIl1d?sha=8d48dfe0a318d512\" alt=\"\" width=\"799\" height=\"1064\"\/><\/figure>\n","protected":false},"excerpt":{"rendered":"<p>\u018fm\u0259k v\u0259 \u018fhalinin Sosial M\u00fcdafi\u0259si Nazirliyinin Protez-Ortopedik B\u0259rpa M\u0259rk\u0259zi s\u0259yyar xidm\u0259tl\u0259rini Salyan, Neft\u00e7ala, K\u00fcrd\u0259mir, Ucar, G\u00f6y\u00e7ay, A\u011fsu, \u015eamax\u0131, Qobustan rayonlar\u0131nda davam etdirib. Nazirlikd\u0259n&nbsp;Oxu.Az-a veril\u0259n<\/p>\n","protected":false},"author":2,"featured_media":13603,"comment_status":"closed","ping_status":"closed","sticky":false,"template":"","format":"standard","meta":{"footnotes":""},"categories":[12],"tags":[],"class_list":["post-13602","post","type-post","status-publish","format-standard","has-post-thumbnail","hentry","category-sosial"],"aioseo_notices":[],"_links":{"self":[{"href":"https:\/\/fedai.az\/index.php?rest_route=\/wp\/v2\/posts\/13602","targetHints":{"allow":["GET"]}}],"collection":[{"href":"https:\/\/fedai.az\/index.php?rest_route=\/wp\/v2\/posts"}],"about":[{"href":"https:\/\/fedai.az\/index.php?rest_route=\/wp\/v2\/types\/post"}],"author":[{"embeddable":true,"href":"https:\/\/fedai.az\/index.php?rest_route=\/wp\/v2\/users\/2"}],"replies":[{"embeddable":true,"href":"https:\/\/fedai.az\/index.php?rest_route=%2Fwp%2Fv2%2Fcomments&post=13602"}],"version-history":[{"count":1,"href":"https:\/\/fedai.az\/index.php?rest_route=\/wp\/v2\/posts\/13602\/revisions"}],"predecessor-version":[{"id":13604,"href":"https:\/\/fedai.az\/index.php?rest_route=\/wp\/v2\/posts\/13602\/revisions\/13604"}],"wp:featuredmedia":[{"embeddable":true,"href":"https:\/\/fedai.az\/index.php?rest_route=\/wp\/v2\/media\/13603"}],"wp:attachment":[{"href":"https:\/\/fedai.az\/index.php?rest_route=%2Fwp%2Fv2%2Fmedia&parent=13602"}],"wp:term":[{"taxonomy":"category","embeddable":true,"href":"https:\/\/fedai.az\/index.php?rest_route=%2Fwp%2Fv2%2Fcategories&post=13602"},{"taxonomy":"post_tag","embeddable":true,"href":"https:\/\/fedai.az\/index.php?rest_route=%2Fwp%2Fv2%2Ftags&post=13602"}],"curies":[{"name":"wp","href":"https:\/\/api.w.org\/{rel}","templated":true}]}}