{"id":13605,"date":"2020-08-23T00:51:49","date_gmt":"2020-08-22T20:51:49","guid":{"rendered":"http:\/\/fedai.az\/?p=13605"},"modified":"2020-08-23T00:51:51","modified_gmt":"2020-08-22T20:51:51","slug":"azay-quliyev-bu-hadis%c9%99-hami-ucun-sozun-h%c9%99r-m%c9%99nasinda-unudulmaz-bir-d%c9%99rs-olacaq","status":"publish","type":"post","link":"https:\/\/fedai.az\/?p=13605","title":{"rendered":"Azay Quliyev: &#171;Bu hadis\u0259 ham\u0131 \u00fc\u00e7\u00fcn s\u00f6z\u00fcn h\u0259r m\u0259nas\u0131nda unudulmaz bir d\u0259rs olacaq&#187;"},"content":{"rendered":"\n<p><strong>\u201cAMEA-n\u0131n prezidenti Ramiz Mehdiyevin k\u00fcr\u0259k\u0259ni, sabiq deputat \u0130lham \u018fliyevin karantin rejiminin t\u0259l\u0259bl\u0259rini v\u0259 qada\u011falar\u0131n\u0131 kobud \u015f\u0259kild\u0259 pozaraq q\u0131z\u0131na toy etm\u0259si, toy m\u0259rasimind\u0259 bir s\u0131ra r\u0259sml\u0259rin, o c\u00fcml\u0259d\u0259n YAP-\u0131n icra katibinin m\u00fcavini v\u0259 deputat Siyavu\u015f Novruzovun i\u015ftirak etm\u0259si v\u0259 buna h\u0259m d\u0259 haqq qazand\u0131rmas\u0131 ictimaiyy\u0259td\u0259 v\u0259 sosial \u015f\u0259b\u0259k\u0259l\u0259rd\u0259 haql\u0131 olaraq ciddi naraz\u0131l\u0131\u011fa v\u0259 hidd\u0259t\u0259 s\u0259b\u0259b oldu\u201d.&nbsp;<\/strong><\/p>\n\n\n\n<p><br>Mill\u0259t v\u0259kili Azay Quliyev bildirib.<\/p>\n\n\n\n<p><br>O daha sonra qeyd edib: \u201cH\u0259qiq\u0259t\u0259n d\u0259 bel\u0259 bir m\u0259nz\u0259r\u0259nin \u015fahidi olmaq h\u0259m t\u0259\u0259cc\u00fcbl\u00fc oldu, h\u0259m d\u0259 \u00fcz\u00fcc\u00fc. T\u0259\u0259cc\u00fcbl\u00fc oldu ona g\u00f6r\u0259 ki, uzun m\u00fcdd\u0259t d\u00f6vl\u0259t aparat\u0131nda i\u015fl\u0259mi\u015f, deputat olmu\u015f \u015f\u0259xsl\u0259rin bel\u0259 bir qanun pozuntusuna yol verm\u0259sini a\u00e7\u0131\u011f\u0131 deyim, \u015f\u0259xs\u0259n m\u0259n g\u00f6zl\u0259mirdim, \u00fcz\u00fcc\u00fc oldu ona g\u00f6r\u0259 ki, \u00f6zl\u0259rinin h\u0259r\u0259k\u0259t v\u0259 davran\u0131\u015flar\u0131 il\u0259 c\u0259miyy\u0259t\u0259 n\u00fcmun\u0259 olma\u011fa borclu olanlar, o c\u00fcml\u0259d\u0259n h\u0259r g\u00fcn ham\u0131n\u0131n karantin rejiminin t\u0259l\u0259bl\u0259rin\u0259 \u0259m\u0259l etm\u0259y\u0259 s\u0259sl\u0259y\u0259nl\u0259r \u00f6zl\u0259ri qanunu he\u00e7\u0259 sayaraq, v\u0259t\u0259nda\u015flara h\u00f6rm\u0259tsizlik ed\u0259r\u0259k bel\u0259 bir m\u0259rasimi d\u00fcz\u0259nl\u0259dil\u0259r v\u0259 i\u015ftirak etdil\u0259r.<\/p>\n\n\n\n<p><br>Ona g\u00f6r\u0259 d\u0259 onlar\u0131n bu c\u00fcr h\u0259r\u0259k\u0259tl\u0259rin\u0259 ictimaiyy\u0259t haql\u0131 olaraq \u00e7ox k\u0259skin v\u0259 s\u0259rt reaksiya verdi v\u0259 n\u0259tic\u0259d\u0259 \u00e7ox m\u0259ntiqi bir sual yarand\u0131: qanun ham\u0131 \u00fc\u00e7\u00fcn qanundur, yoxsa bu qayda v\u0259 qada\u011falar\u0131n b\u0259zil\u0259rin\u0259 aidiyyat\u0131 yoxdur v\u0259 onlar ist\u0259diyini ed\u0259 bil\u0259rl\u0259r?<\/p>\n\n\n\n<p><br>Bu g\u00fcn Ab\u015feron rayon m\u0259hk\u0259m\u0259si bu suala \u00e7ox \u0259dal\u0259tli v\u0259 obyektiv \u015f\u0259kild\u0259 cavab verdi, qanunun t\u0259l\u0259bl\u0259rini pozan sabiq deputat \u0130lham \u018fliyev\u0259 v\u0259 onun qudas\u0131 R\u00f6v\u015f\u0259n Mustafayev\u0259 15 sutka h\u0259bs c\u0259zas\u0131 verm\u0259kl\u0259 qanuna v\u0259 d\u00f6vl\u0259t\u0259 a\u00e7\u0131q meydan oxuma\u011f\u0131n b\u0259d\u0259linin n\u0259 oldu\u011funu ham\u0131ya g\u00f6st\u0259rdi. Siyavu\u015f Novruzova is\u0259 YAP bu h\u0259r\u0259k\u0259tin\u0259 g\u00f6r\u0259 t\u00f6hm\u0259t verdi.<\/p>\n\n\n\n<p><br>\u0130ctimaiyy\u0259t bir daha \u0259min oldu ki, d\u00f6vl\u0259tin qanunlar\u0131na qar\u015f\u0131 \u00e7\u0131xanlar kimliyind\u0259n as\u0131l\u0131 olmayaraq bu c\u00fcr s\u0259rt \u015f\u0259kild\u0259 c\u0259zalanacaqlar! Qanunu pozanlar\u0131n ba\u011f\u0131\u015flan\u0131lmamas\u0131 v\u0259 d\u0259rhal c\u0259zaland\u0131r\u0131lmas\u0131 s\u0131ravi v\u0259t\u0259nda\u015flarda d\u00f6vl\u0259t\u0259 olan inam v\u0259 etimad\u0131 daha da art\u0131rd\u0131, qanunun aliliyini v\u0259 \u0259dal\u0259ti b\u0259rq\u0259rar etdi.<\/p>\n\n\n\n<p><br>Sonda is\u0259 onu da x\u00fcsusi olaraq vur\u011fulamaq ist\u0259rdim ki, Az\u0259rbaycan Respublikas\u0131n\u0131n Prezidenti c\u0259nab \u0130lham \u018fliyevin d\u00f6vl\u0259timizin v\u0259 xalq\u0131m\u0131z\u0131n t\u0259hl\u00fck\u0259sizliyi, sa\u011flaml\u0131\u011f\u0131n\u0131n qorunmas\u0131 istiqam\u0259tind\u0259 yorulmadan g\u00f6rd\u00fcy\u00fc i\u015fl\u0259r\u0259, prinsipial m\u00f6vqeyin\u0259, atd\u0131\u011f\u0131 add\u0131mlara he\u00e7 kim k\u00f6lg\u0259 sala bilm\u0259z, milli m\u0259nafey\u0259 y\u00f6n\u0259lik ali irad\u0259sin\u0259 qar\u015f\u0131 ke\u00e7 kim \u00e7\u0131xa bilm\u0259z. Xalq\u0131m\u0131z v\u0259 ictimaiyy\u0259t d\u00f6vl\u0259t ba\u015f\u00e7\u0131s\u0131n\u0131n, Birinci vitse-prezidentimiz h\u00f6rm\u0259tli Mehriban xan\u0131m \u018fliyevan\u0131n pandemiya d\u00f6vr\u00fcnd\u0259 h\u0259r bir v\u0259t\u0259nda\u015f\u0131n qanuni maraqlar\u0131n\u0131n v\u0259 m\u0259nafel\u0259rinin qorumaq \u00fc\u00e7\u00fcn etdikl\u0259ri f\u0259dakarl\u0131\u011f\u0131n tam f\u0259rqind\u0259dir v\u0259 bunu y\u00fcks\u0259k qiym\u0259tl\u0259ndirir.<\/p>\n\n\n\n<p><br>\u018fmin\u0259m ki, bu hadis\u0259 ham\u0131 \u00fc\u00e7\u00fcn s\u00f6z\u00fcn h\u0259r m\u0259nas\u0131nda unudulmaz bir d\u0259rs olacaq\u201d.<\/p>\n","protected":false},"excerpt":{"rendered":"<p>\u201cAMEA-n\u0131n prezidenti Ramiz Mehdiyevin k\u00fcr\u0259k\u0259ni, sabiq deputat \u0130lham \u018fliyevin karantin rejiminin t\u0259l\u0259bl\u0259rini v\u0259 qada\u011falar\u0131n\u0131 kobud \u015f\u0259kild\u0259 pozaraq q\u0131z\u0131na toy etm\u0259si, toy m\u0259rasimind\u0259 bir s\u0131ra<\/p>\n","protected":false},"author":2,"featured_media":0,"comment_status":"closed","ping_status":"closed","sticky":false,"template":"","format":"standard","meta":{"footnotes":""},"categories":[3],"tags":[],"class_list":["post-13605","post","type-post","status-publish","format-standard","hentry","category-gundm"],"aioseo_notices":[],"_links":{"self":[{"href":"https:\/\/fedai.az\/index.php?rest_route=\/wp\/v2\/posts\/13605","targetHints":{"allow":["GET"]}}],"collection":[{"href":"https:\/\/fedai.az\/index.php?rest_route=\/wp\/v2\/posts"}],"about":[{"href":"https:\/\/fedai.az\/index.php?rest_route=\/wp\/v2\/types\/post"}],"author":[{"embeddable":true,"href":"https:\/\/fedai.az\/index.php?rest_route=\/wp\/v2\/users\/2"}],"replies":[{"embeddable":true,"href":"https:\/\/fedai.az\/index.php?rest_route=%2Fwp%2Fv2%2Fcomments&post=13605"}],"version-history":[{"count":1,"href":"https:\/\/fedai.az\/index.php?rest_route=\/wp\/v2\/posts\/13605\/revisions"}],"predecessor-version":[{"id":13607,"href":"https:\/\/fedai.az\/index.php?rest_route=\/wp\/v2\/posts\/13605\/revisions\/13607"}],"wp:attachment":[{"href":"https:\/\/fedai.az\/index.php?rest_route=%2Fwp%2Fv2%2Fmedia&parent=13605"}],"wp:term":[{"taxonomy":"category","embeddable":true,"href":"https:\/\/fedai.az\/index.php?rest_route=%2Fwp%2Fv2%2Fcategories&post=13605"},{"taxonomy":"post_tag","embeddable":true,"href":"https:\/\/fedai.az\/index.php?rest_route=%2Fwp%2Fv2%2Ftags&post=13605"}],"curies":[{"name":"wp","href":"https:\/\/api.w.org\/{rel}","templated":true}]}}