{"id":13608,"date":"2020-08-23T00:57:05","date_gmt":"2020-08-22T20:57:05","guid":{"rendered":"http:\/\/fedai.az\/?p=13608"},"modified":"2020-08-23T01:08:34","modified_gmt":"2020-08-22T21:08:34","slug":"milli-m%c9%99clisin-intizam-komissiyasindan-ramiz-mehdiyevl%c9%99-bagli-aciqlama","status":"publish","type":"post","link":"https:\/\/fedai.az\/?p=13608","title":{"rendered":"Milli M\u0259clisin \u0130ntizam Komissiyas\u0131ndan Ramiz Mehdiyevl\u0259 ba\u011fl\u0131 A\u00c7IQLAMA"},"content":{"rendered":"\n<p><strong>V\u0259zif\u0259sind\u0259n v\u0259 kimliyind\u0259n as\u0131l\u0131 olmayaraq, ham\u0131 qanunun aliliyini d\u0259rk etm\u0259li v\u0259 ona ba\u015f \u0259ym\u0259lidir.<\/strong><\/p>\n\n\n\n<p>Bunu Modern.az-a Milli M\u0259clisin \u0130ntizam Komissiyas\u0131n\u0131n \u00fczv\u00fc M\u0259lah\u0259t \u0130brahimq\u0131z\u0131 deyib.<\/p>\n\n\n\n<p>O, iki g\u00fcnd\u00fcr sosial \u015f\u0259b\u0259k\u0259l\u0259rd\u0259 v\u0259 m\u0259tbuatda Prezident Administrasiyas\u0131n\u0131n sabiq r\u0259hb\u0259ri, Az\u0259rbaycan Milli Elml\u0259r Akademiyas\u0131n\u0131n prezidenti, akademik Ramiz Mehdiyevin ail\u0259sind\u0259 ba\u015f tutan toy m\u0259rasiminin m\u00fczakir\u0259l\u0259r\u0259 yol a\u00e7d\u0131\u011f\u0131n\u0131 s\u00f6yl\u0259yib.<\/p>\n\n\n\n<p>Bel\u0259 ki, Ramiz Mehdiyevin k\u00fcr\u0259k\u0259ni, ke\u00e7mi\u015f deputat \u0130lham \u018fliyevin \u00f6lk\u0259d\u0259 karantin rejimi t\u0259tbiq olundu\u011fu bir vaxtda q\u0131z\u0131na toy etm\u0259si \u00e7ox q\u0131z\u011f\u0131n m\u00fczakir\u0259 olunur v\u0259 haql\u0131 naraz\u0131l\u0131\u011f\u0131na s\u0259b\u0259b olmu\u015f ictimaiyy\u0259t t\u0259r\u0259find\u0259n k\u0259skin t\u0259nqid edilir:<\/p>\n\n\n\n<p>\u201cD\u00fcnya pandemiya il\u0259 m\u00fcbariz\u0259 apar\u0131r. \u00c7ox ciddi qaydalar t\u0259tbiq edilir. \u00d6lk\u0259mizd\u0259 d\u0259 h\u0259r bir v\u0259t\u0259nda\u015f\u0131n h\u0259yat\u0131n\u0131n v\u0259 sa\u011flaml\u0131\u011f\u0131n\u0131n qorunmas\u0131 namin\u0259 m\u00f6ht\u0259r\u0259m c\u0259nab Prezidentin r\u0259hb\u0259rliyi il\u0259 koronavirusla m\u00fck\u0259mm\u0259l s\u0259viyy\u0259d\u0259 m\u00fcbariz\u0259 apar\u0131l\u0131r.<\/p>\n\n\n\n<p>Operativ Q\u0259rargah t\u0259r\u0259find\u0259n&nbsp;haz\u0131rlanm\u0131\u015f beyn\u0259lxalq standartlara uy\u011fun qayda v\u0259 t\u0259limatlar t\u0259tbiq edilir. Y\u0259ni bu g\u00fcn h\u0259r k\u0259s bu qayda v\u0259 t\u0259limatlarla h\u0259yat\u0131n\u0131 v\u0259 f\u0259aliyy\u0259tini t\u0259nziml\u0259yir. Bu qaydalar\u0131n pozulmas\u0131 is\u0259 qanunvericilikl\u0259 \u00e7ox ciddi n\u0259zar\u0259t edilir.<\/p>\n\n\n\n<p>Qanunvericiliy\u0259 g\u00f6r\u0259, qaydalar\u0131n pozulmas\u0131 hallar\u0131nda v\u0259zif\u0259li insanlar\u0131n m\u0259suliyy\u0259ti ikiqatd\u0131r. X\u00fcsusil\u0259 d\u0259 mill\u0259t v\u0259kill\u0259ri daha \u00e7ox m\u0259suliyy\u0259t da\u015f\u0131y\u0131r. Biz mill\u0259t v\u0259kill\u0259ri \u0259g\u0259r qanunverici hakimiyy\u0259ti t\u0259msil ediriks\u0259, \u00f6z m\u0259suliyy\u0259timizi d\u0259 d\u0259rk etm\u0259liyik\u201d.<\/p>\n\n\n\n<p>\u201cQeyd etdiyim kimi, \u00f6lk\u0259mizd\u0259 Prezidentimizin r\u0259hb\u0259rliyi il\u0259 koronavirusa qar\u015f\u0131 \u00e7ox ciddi v\u0259 y\u00fcks\u0259k s\u0259viyy\u0259d\u0259 m\u00fcbariz\u0259 apar\u0131ld\u0131\u011f\u0131 bir zamanda v\u0259zif\u0259li \u015f\u0259xsl\u0259rin Operativ Q\u0259rargah\u0131n qaydalar\u0131n\u0131 he\u00e7\u0259 sayaraq, qanunlar\u0131&nbsp;pozmas\u0131 is\u0259 q\u0259tiyy\u0259n yolverilm\u0259zdir.<\/p>\n\n\n\n<p>Bu g\u00fcnl\u0259rd\u0259 qeyd etdiyim m\u0259lum toyun ke\u00e7irilm\u0259si Operativ Q\u0259rargah\u0131n b\u00fct\u00fcn qaydalar\u0131n\u0131&nbsp;r\u0259dd etm\u0259k anlam\u0131na g\u0259lir. X\u00fcsusil\u0259\u015fdirilmi\u015f karantin d\u00f6vr\u00fcnd\u0259 bu c\u00fcr m\u0259clisin ke\u00e7irilm\u0259si he\u00e7 anla\u015f\u0131lan deyil.<\/p>\n\n\n\n<p>Bu xeyir i\u015fd\u0259&nbsp;mill\u0259t v\u0259kilinin i\u015ftirak\u0131 is\u0259 b\u00fct\u00f6vl\u00fckd\u0259 qanuna h\u00f6rm\u0259tsizlik olmaqla, c\u0259miyy\u0259t\u0259 d\u0259 qanunun aliliyinin m\u0259nas\u0131z olmas\u0131 mesaj\u0131n\u0131 verm\u0259kdir. H\u0259mkar\u0131m\u0131z Siyavu\u015f Novruzovun karantin rejimind\u0259 bu toyda i\u015ftirak\u0131n\u0131 he\u00e7&nbsp;anlamaq olmur.<\/p>\n\n\n\n<p>Hesab edir\u0259m ki, ist\u0259r toyu t\u0259\u015fkil ed\u0259nl\u0259r\u0259, ist\u0259rs\u0259 d\u0259 bu toyda i\u015ftirak ed\u0259n v\u0259zif\u0259li \u015f\u0259xsl\u0259r\u0259 adekvat c\u0259za t\u0259tbiq edil\u0259c\u0259k.<\/p>\n\n\n\n<p>Qeyd etm\u0259k ist\u0259rdim ki, bu insanlar\u0131n qanunvericiliy\u0259 uy\u011fun olaraq c\u0259zaland\u0131r\u0131lmas\u0131 ictimaiyy\u0259t t\u0259r\u0259find\u0259n y\u00fcks\u0259k d\u0259y\u0259rl\u0259ndirilir\u201d, &#8212; dey\u0259 mill\u0259t v\u0259kili bildirib.<\/p>\n\n\n\n<p>M.\u0130brahimq\u0131z\u0131 onu da qeyd edib ki, toyda i\u015ftirak ed\u0259n v\u0259 y\u00fcks\u0259k pafosla \u00e7\u0131x\u0131\u015f ed\u0259n Abel M\u0259h\u0259rr\u0259movun fikirl\u0259ri ziyal\u0131 ad\u0131na yara\u015fmaz bir t\u0259rzdir:<\/p>\n\n\n\n<p>\u201cOnun xalq ad\u0131ndan dan\u0131\u015fmas\u0131 v\u0259 \u00f6lk\u0259mizd\u0259 Ulu \u00d6nd\u0259rimizin, el\u0259c\u0259 d\u0259 Prezidentimizin r\u0259hb\u0259rliyi il\u0259 \u0259ld\u0259 edil\u0259n u\u011furlar\u0131n ba\u015fqas\u0131n\u0131n \u00fcnvan\u0131na ba\u011flanmas\u0131 is\u0259 ancaq ac\u0131 t\u0259\u0259ss\u00fcf hiss yarad\u0131r\u201d.<\/p>\n","protected":false},"excerpt":{"rendered":"<p>V\u0259zif\u0259sind\u0259n v\u0259 kimliyind\u0259n as\u0131l\u0131 olmayaraq, ham\u0131 qanunun aliliyini d\u0259rk etm\u0259li v\u0259 ona ba\u015f \u0259ym\u0259lidir. Bunu Modern.az-a Milli M\u0259clisin \u0130ntizam Komissiyas\u0131n\u0131n \u00fczv\u00fc M\u0259lah\u0259t \u0130brahimq\u0131z\u0131 deyib.<\/p>\n","protected":false},"author":2,"featured_media":0,"comment_status":"closed","ping_status":"closed","sticky":false,"template":"","format":"standard","meta":{"footnotes":""},"categories":[1],"tags":[],"class_list":["post-13608","post","type-post","status-publish","format-standard","hentry","category-siyast"],"aioseo_notices":[],"_links":{"self":[{"href":"https:\/\/fedai.az\/index.php?rest_route=\/wp\/v2\/posts\/13608","targetHints":{"allow":["GET"]}}],"collection":[{"href":"https:\/\/fedai.az\/index.php?rest_route=\/wp\/v2\/posts"}],"about":[{"href":"https:\/\/fedai.az\/index.php?rest_route=\/wp\/v2\/types\/post"}],"author":[{"embeddable":true,"href":"https:\/\/fedai.az\/index.php?rest_route=\/wp\/v2\/users\/2"}],"replies":[{"embeddable":true,"href":"https:\/\/fedai.az\/index.php?rest_route=%2Fwp%2Fv2%2Fcomments&post=13608"}],"version-history":[{"count":1,"href":"https:\/\/fedai.az\/index.php?rest_route=\/wp\/v2\/posts\/13608\/revisions"}],"predecessor-version":[{"id":13609,"href":"https:\/\/fedai.az\/index.php?rest_route=\/wp\/v2\/posts\/13608\/revisions\/13609"}],"wp:attachment":[{"href":"https:\/\/fedai.az\/index.php?rest_route=%2Fwp%2Fv2%2Fmedia&parent=13608"}],"wp:term":[{"taxonomy":"category","embeddable":true,"href":"https:\/\/fedai.az\/index.php?rest_route=%2Fwp%2Fv2%2Fcategories&post=13608"},{"taxonomy":"post_tag","embeddable":true,"href":"https:\/\/fedai.az\/index.php?rest_route=%2Fwp%2Fv2%2Ftags&post=13608"}],"curies":[{"name":"wp","href":"https:\/\/api.w.org\/{rel}","templated":true}]}}