{"id":13661,"date":"2020-08-23T04:59:50","date_gmt":"2020-08-23T00:59:50","guid":{"rendered":"http:\/\/fedai.az\/?p=13661"},"modified":"2020-08-23T05:01:55","modified_gmt":"2020-08-23T01:01:55","slug":"erm%c9%99nil%c9%99rd%c9%99n-daha-bir-problem","status":"publish","type":"post","link":"https:\/\/fedai.az\/?p=13661","title":{"rendered":"ERM\u018fN\u0130L\u018fRD\u018fN DAHA B\u0130R PROBLEM"},"content":{"rendered":"\n<p><strong>Ba\u015fq\u0131rd\u0131stan\u0131n ke\u00e7mi\u015f prezidentliy\u0259 namiz\u0259di Ramil\u0259 S\u0259itova \u00e7\u0259tin bir s\u0131naqla \u00fczl\u0259\u015fib. O, Erm\u0259nistan-Az\u0259rbaycan s\u0259rh\u0259dind\u0259 g\u0259rginliyin ya\u015fand\u0131\u011f\u0131 g\u00fcnl\u0259rd\u0259 sosial \u015f\u0259b\u0259k\u0259l\u0259rd\u0259 &#171;Ba\u015fq\u0131rd\u0131stanl\u0131lar me\u015f\u0259 yan\u011f\u0131nlar\u0131n\u0131 s\u00f6nd\u00fcr\u0259rk\u0259n erm\u0259nil\u0259r Ufan\u0131 i\u015f\u011fal edirl\u0259r&#187; ba\u015fl\u0131\u011f\u0131 il\u0259 g\u00fcya ki, anti-erm\u0259ni videosu yay\u0131b. Em\u0259nil\u0259rin iddias\u0131na g\u00f6r\u0259, V\u0130DEONUN q\u0131sa m\u0259zmunu da bel\u0259dir ki, S\u0259itova parkda \u0259yl\u0259n\u0259n b\u0259zi q\u0131zlara yax\u0131nla\u015f\u0131r v\u0259 hans\u0131 mill\u0259t\u0259 m\u0259nsub olduqlar\u0131n\u0131 soru\u015fur. Q\u0131zlar\u0131n&#187;Erm\u0259ni&#187; olduqlar\u0131n\u0131 e\u015fid\u0259nd\u0259 guya S\u0259itova kobud \u015f\u0259kild\u0259 onlara sual verir:  &#171;B\u0259s \u00f6lk\u0259mizd\u0259 n\u0259 edirsiniz? N\u0259y\u0259 g\u00f6r\u0259 UFA \u015f\u0259h\u0259rind\u0259 erm\u0259nil\u0259r bel\u0259 \u00e7oxdur?..&#187;<\/strong><\/p>\n\n\n\n<p><br>S\u0259itovan\u0131n bu h\u0259r\u0259k\u0259tl\u0259rind\u0259n qorxuya d\u00fc\u015f\u0259n yerli erm\u0259ni t\u0259\u015fkilatlar\u0131 h\u00fcquq &#8212; m\u00fchafiz\u0259 orqanlar\u0131na \u015fikay\u0259t ed\u0259r\u0259k, onu ksenofobiyan\u0131 v\u0259 etnik d\u00f6z\u00fcms\u00fczl\u00fcy\u00fc a\u00e7\u0131q &#8212; ayd\u0131n t\u0259bli\u011f etm\u0259kd\u0259 g\u00fcnahland\u0131raraq bar\u0259sind\u0259 cinay\u0259t i\u015finin a\u00e7\u0131lmas\u0131n\u0131 t\u0259l\u0259b edirl\u0259r.<\/p>\n\n\n\n<p><br>Bel\u0259likl\u0259, bu g\u00fcn ke\u00e7mi\u015f siyas\u0259t\u00e7i S\u0259itova add\u0131m ba\u015f\u0131 erm\u0259nil\u0259r t\u0259r\u0259find\u0259n t\u0259qib olundu\u011funa dair minl\u0259rl\u0259 t\u0259hdid m\u0259ktublar\u0131 ald\u0131\u011f\u0131n\u0131 \u0259sasland\u0131rma\u011fa \u00e7al\u0131\u015f\u0131r. X\u00fcsusi diqq\u0259t \u00e7\u0259k\u0259n d\u0259 odur ki, S\u0259itova Ufa v\u0259 Bak\u0131da az\u0259rbaycanl\u0131 icmalar\u0131n\u0131n k\u00f6m\u0259yi il\u0259 m\u00fcdafi\u0259sini t\u0259\u015fkil etm\u0259y\u0259 \u00e7al\u0131\u015f\u0131r.<\/p>\n\n\n\n<p><br>Erm\u0259nil\u0259r is\u0259 utanmadan h\u0259yas\u0131zcas\u0131na Ba\u015fq\u0131rd\u0131stan r\u0259hb\u0259rinin arvad\u0131n\u0131n erm\u0259ni olmas\u0131 say\u0259sind\u0259 \u00f6lk\u0259d\u0259 at oynatd\u0131qlar\u0131 bar\u0259d\u0259 reall\u0131\u011f\u0131 unudaraq bildirirl\u0259r ki, Ramil\u0259 S\u0259itiva Az\u0259rbaycan t\u0259r\u0259find\u0259n erm\u0259nil\u0259r\u0259 qar\u015f\u0131 t\u0259xribatlar yaratma\u011fa c\u0259lb olunur v\u0259 buna d\u00f6r\u0259 d\u0259 maliyy\u0259 yard\u0131mlar\u0131 al\u0131r.<\/p>\n\n\n\n<p> DOSTLAR, xahi\u015f edir\u0259m, \u0259n ba\u015fl\u0131cas\u0131 M\u00dcS\u018fIMAN oldu\u011funa g\u00f6r\u0259, T\u00dcRK xalq\u0131n\u0131n bir f\u0259al \u00fczv\u00fc oldu\u011funag\u00f6r\u0259 g\u0259lin onun V\u0130DEO vasit\u0259sil\u0259 bizl\u0259r\u0259 m\u00fcraci\u0259tini n\u0259z\u0259r\u0259 alaraq ona m\u0259n\u0259vi d\u0259st\u0259yimizi \u0259sirg\u0259m\u0259y\u0259k. Qoymayaq ki, m\u0259nfur erm\u0259nil\u0259r bizl\u0259ri &#8212; M\u00dcS\u018fLMANLARI par\u00e7alara ay\u0131raraq m\u0259hv etm\u0259 planlar\u0131 h\u0259yata ke\u00e7irsinl\u0259r.<\/p>\n\n\n\n<p><br>\u018fn d\u0259h\u015f\u0259tlisi is\u0259 odur ki, Ufa \u015f\u0259h\u0259rind\u0259 \u0259ks\u0259r y\u00fcks\u0259k v\u0259zif\u0259l\u0259ri z\u0259bt etmi\u015f erm\u0259nil\u0259rin &#171;HRAPARAK&#187; erm\u0259ni sayt\u0131nda guya ki, t\u0259hqir olnmalar\u0131 kimi q\u0259l\u0259m\u0259 verm\u0259si v\u0259 bu m\u0259s\u0259l\u0259y\u0259 x\u00fcsusi milli don geydirm\u0259sidir. Ax\u0131, bu q\u0259d\u0259r d\u0259 olmaz&#8230; N\u0259 q\u0259d\u0259r g\u0259miy\u0259 minib g\u0259mi\u00e7i il\u0259 dava etm\u0259k olar? Xahi\u015f edir\u0259m q\u0131sa V\u0130DEOYA ax\u0131racan bax\u0131b \u00f6z fikirl\u0259rinizi bildir\u0259siniz.<br><br><strong>\u0130SMAYIL TANRIVERD\u0130<br>BDU-nun Erm\u0259ni Ara\u015fd\u0131rmalar\u0131 Elmi T\u0259dqiqat v\u0259 T\u0259dris M\u0259rk\u0259zinin B\u00f6y\u00fck elmi i\u015f\u00e7isi<\/strong><\/p>\n\n\n\n<figure class=\"wp-block-embed-youtube wp-block-embed is-type-video is-provider-youtube wp-embed-aspect-16-9 wp-has-aspect-ratio\"><div class=\"wp-block-embed__wrapper\">\n<iframe loading=\"lazy\" title=\"\u0410\u0440\u043c\u044f\u043d\u0435 \u0431\u0443\u0434\u0443\u0442 \u0441\u0443\u0434\u0438\u0442\u044c \u043c\u0435\u043d\u044f \u0437\u0430 \u044d\u043a\u0441\u0442\u0440\u0435\u043c\u0438\u0437\u043c\" width=\"715\" height=\"402\" src=\"https:\/\/www.youtube.com\/embed\/k4-iEUEhSoY?feature=oembed\" frameborder=\"0\" allow=\"accelerometer; autoplay; encrypted-media; gyroscope; picture-in-picture\" allowfullscreen><\/iframe>\n<\/div><\/figure>\n\n\n\n<p><\/p>\n","protected":false},"excerpt":{"rendered":"<p>Ba\u015fq\u0131rd\u0131stan\u0131n ke\u00e7mi\u015f prezidentliy\u0259 namiz\u0259di Ramil\u0259 S\u0259itova \u00e7\u0259tin bir s\u0131naqla \u00fczl\u0259\u015fib. O, Erm\u0259nistan-Az\u0259rbaycan s\u0259rh\u0259dind\u0259 g\u0259rginliyin ya\u015fand\u0131\u011f\u0131 g\u00fcnl\u0259rd\u0259 sosial \u015f\u0259b\u0259k\u0259l\u0259rd\u0259 &#171;Ba\u015fq\u0131rd\u0131stanl\u0131lar me\u015f\u0259 yan\u011f\u0131nlar\u0131n\u0131 s\u00f6nd\u00fcr\u0259rk\u0259n erm\u0259nil\u0259r Ufan\u0131<\/p>\n","protected":false},"author":2,"featured_media":0,"comment_status":"closed","ping_status":"closed","sticky":false,"template":"","format":"standard","meta":{"footnotes":""},"categories":[13],"tags":[],"class_list":["post-13661","post","type-post","status-publish","format-standard","hentry","category-xarici"],"aioseo_notices":[],"_links":{"self":[{"href":"https:\/\/fedai.az\/index.php?rest_route=\/wp\/v2\/posts\/13661","targetHints":{"allow":["GET"]}}],"collection":[{"href":"https:\/\/fedai.az\/index.php?rest_route=\/wp\/v2\/posts"}],"about":[{"href":"https:\/\/fedai.az\/index.php?rest_route=\/wp\/v2\/types\/post"}],"author":[{"embeddable":true,"href":"https:\/\/fedai.az\/index.php?rest_route=\/wp\/v2\/users\/2"}],"replies":[{"embeddable":true,"href":"https:\/\/fedai.az\/index.php?rest_route=%2Fwp%2Fv2%2Fcomments&post=13661"}],"version-history":[{"count":3,"href":"https:\/\/fedai.az\/index.php?rest_route=\/wp\/v2\/posts\/13661\/revisions"}],"predecessor-version":[{"id":13665,"href":"https:\/\/fedai.az\/index.php?rest_route=\/wp\/v2\/posts\/13661\/revisions\/13665"}],"wp:attachment":[{"href":"https:\/\/fedai.az\/index.php?rest_route=%2Fwp%2Fv2%2Fmedia&parent=13661"}],"wp:term":[{"taxonomy":"category","embeddable":true,"href":"https:\/\/fedai.az\/index.php?rest_route=%2Fwp%2Fv2%2Fcategories&post=13661"},{"taxonomy":"post_tag","embeddable":true,"href":"https:\/\/fedai.az\/index.php?rest_route=%2Fwp%2Fv2%2Ftags&post=13661"}],"curies":[{"name":"wp","href":"https:\/\/api.w.org\/{rel}","templated":true}]}}