{"id":13691,"date":"2020-08-23T14:40:02","date_gmt":"2020-08-23T10:40:02","guid":{"rendered":"http:\/\/fedai.az\/?p=13691"},"modified":"2020-08-23T14:40:05","modified_gmt":"2020-08-23T10:40:05","slug":"bu-yasdan-asagi-usaqlara-maska-taxmayin-ust-d%c9%99n-cagiris","status":"publish","type":"post","link":"https:\/\/fedai.az\/?p=13691","title":{"rendered":"Bu ya\u015fdan a\u015fa\u011f\u0131 u\u015faqlara maska taxmay\u0131n! \u2014 \u00dcST-d\u0259n \u00e7a\u011f\u0131r\u0131\u015f"},"content":{"rendered":"\n<p><strong>\u00dcmumd\u00fcnya S\u0259hiyy\u0259 T\u0259\u015fkilat\u0131 (\u00dcST) v\u0259 BMT-nin U\u015faq Fondu (UNICEF) koronavirusa qar\u015f\u0131 tibbi maskalar\u0131n hans\u0131 ya\u015fdan istifad\u0259 olunmas\u0131na dair t\u00f6vsiy\u0259l\u0259r verib.<\/strong><\/p>\n\n\n\n<p>&#171;\u00d6lk\u0259.Az&#187; APA-ya istinad\u0259n x\u0259b\u0259r verir ki, bu bar\u0259d\u0259 \u00dcST-\u00fcn sayt\u0131nda m\u0259lumat yer al\u0131b.<\/p>\n\n\n\n<p>Qeyd olunur ki, t\u0259\u015fkilatlar koronavirus pandemiyas\u0131 il\u0259 \u0259laq\u0259dar 5 ya\u015fdan ki\u00e7ik u\u015faqlardan maska tax\u0131lmas\u0131n\u0131 t\u0259l\u0259b etm\u0259m\u0259yi m\u0259sl\u0259h\u0259t g\u00f6r\u00fcr:<\/p>\n\n\n\n<p>\u201cBu, u\u015fa\u011f\u0131n t\u0259hl\u00fck\u0259sizliyin\u0259 v\u0259 \u00fcmumi maraqlar\u0131na, el\u0259c\u0259 d\u0259 maskan\u0131 minimal yard\u0131mla laz\u0131mi qaydada istifad\u0259 etm\u0259k qabiliyy\u0259tin\u0259 \u0259saslan\u0131r\u201d.<\/p>\n\n\n\n<p>Eyni zamanda, h\u0259r iki t\u0259\u015fkilat 6-11 ya\u015flar\u0131nda olan u\u015faqlar \u00fc\u00e7\u00fcn bir ne\u00e7\u0259 amili n\u0259z\u0259r\u0259 alma\u011f\u0131 t\u00f6vsiy\u0259 edir. Bel\u0259 ki, s\u00f6hb\u0259t onun maskan\u0131 \u200b\u200betibarl\u0131 v\u0259 d\u00fczg\u00fcn istifad\u0259 etm\u0259si, ya\u015fad\u0131\u011f\u0131 yerd\u0259 virusun yay\u0131lmas\u0131 s\u0259viyy\u0259sind\u0259n gedir.<\/p>\n\n\n\n<p>Eyni zamanda, \u00dcST v\u0259 UNICEF \u200b\u200b12 ya\u015fdan yuxar\u0131 u\u015faqlar \u00fc\u00e7\u00fcn maskadan istifad\u0259ni t\u00f6vsiy\u0259 edir.<\/p>\n","protected":false},"excerpt":{"rendered":"<p>\u00dcmumd\u00fcnya S\u0259hiyy\u0259 T\u0259\u015fkilat\u0131 (\u00dcST) v\u0259 BMT-nin U\u015faq Fondu (UNICEF) koronavirusa qar\u015f\u0131 tibbi maskalar\u0131n hans\u0131 ya\u015fdan istifad\u0259 olunmas\u0131na dair t\u00f6vsiy\u0259l\u0259r verib. &#171;\u00d6lk\u0259.Az&#187; APA-ya istinad\u0259n x\u0259b\u0259r<\/p>\n","protected":false},"author":2,"featured_media":13692,"comment_status":"closed","ping_status":"closed","sticky":false,"template":"","format":"standard","meta":{"footnotes":""},"categories":[8],"tags":[],"class_list":["post-13691","post","type-post","status-publish","format-standard","has-post-thumbnail","hentry","category-thsil"],"aioseo_notices":[],"_links":{"self":[{"href":"https:\/\/fedai.az\/index.php?rest_route=\/wp\/v2\/posts\/13691","targetHints":{"allow":["GET"]}}],"collection":[{"href":"https:\/\/fedai.az\/index.php?rest_route=\/wp\/v2\/posts"}],"about":[{"href":"https:\/\/fedai.az\/index.php?rest_route=\/wp\/v2\/types\/post"}],"author":[{"embeddable":true,"href":"https:\/\/fedai.az\/index.php?rest_route=\/wp\/v2\/users\/2"}],"replies":[{"embeddable":true,"href":"https:\/\/fedai.az\/index.php?rest_route=%2Fwp%2Fv2%2Fcomments&post=13691"}],"version-history":[{"count":1,"href":"https:\/\/fedai.az\/index.php?rest_route=\/wp\/v2\/posts\/13691\/revisions"}],"predecessor-version":[{"id":13693,"href":"https:\/\/fedai.az\/index.php?rest_route=\/wp\/v2\/posts\/13691\/revisions\/13693"}],"wp:featuredmedia":[{"embeddable":true,"href":"https:\/\/fedai.az\/index.php?rest_route=\/wp\/v2\/media\/13692"}],"wp:attachment":[{"href":"https:\/\/fedai.az\/index.php?rest_route=%2Fwp%2Fv2%2Fmedia&parent=13691"}],"wp:term":[{"taxonomy":"category","embeddable":true,"href":"https:\/\/fedai.az\/index.php?rest_route=%2Fwp%2Fv2%2Fcategories&post=13691"},{"taxonomy":"post_tag","embeddable":true,"href":"https:\/\/fedai.az\/index.php?rest_route=%2Fwp%2Fv2%2Ftags&post=13691"}],"curies":[{"name":"wp","href":"https:\/\/api.w.org\/{rel}","templated":true}]}}