{"id":13707,"date":"2020-08-23T21:33:28","date_gmt":"2020-08-23T17:33:28","guid":{"rendered":"http:\/\/fedai.az\/?p=13707"},"modified":"2020-08-24T13:32:47","modified_gmt":"2020-08-24T09:32:47","slug":"erm%c9%99nistanin-diversiya-k%c9%99sfiyyat-qrupunun-komandiri-%c9%99sir-goturuldu","status":"publish","type":"post","link":"https:\/\/fedai.az\/?p=13707","title":{"rendered":"Erm\u0259nistan\u0131n diversiya-k\u0259\u015ffiyyat qrupunun komandiri \u0259sir g\u00f6t\u00fcr\u00fcld\u00fc"},"content":{"rendered":"\n<p><strong>Avqustun 23-d\u0259 saat 05:45 rad\u0259l\u0259rind\u0259 c\u0259bh\u0259nin Goranboy rayonu istiqam\u0259tind\u0259 Erm\u0259nistan silahl\u0131 q\u00fcvv\u0259l\u0259rinin diversiya-k\u0259\u015ffiyyat qrupu t\u0259xribat t\u00f6r\u0259tm\u0259y\u0259 c\u0259hd g\u00f6st\u0259rib.<\/strong><\/p>\n\n\n\n<p><br>C\u0259bh\u0259nin bu istiqam\u0259td\u0259 yerl\u0259\u015f\u0259n Az\u0259rbaycan Ordusunun b\u00f6lm\u0259l\u0259ri t\u0259r\u0259find\u0259n g\u00f6r\u00fcl\u0259n q\u0259ti t\u0259dbirl\u0259r n\u0259tic\u0259sind\u0259 d\u00fc\u015fm\u0259n itki ver\u0259r\u0259k geri \u00e7\u0259kilm\u0259y\u0259 m\u0259cbur edilib.<\/p>\n\n\n\n<p>D\u00f6y\u00fc\u015f zaman\u0131 erm\u0259ni diversiya qrupunun komandiri, ilkin dindirm\u0259y\u0259 g\u00f6r\u0259 ba\u015f leytenant Qurgin Alaverdyan, \u0259sir g\u00f6t\u00fcr\u00fcl\u00fcb.<\/p>\n\n\n\n<p>Bir daha bildiririk ki, c\u0259bh\u0259d\u0259 v\u0259ziyy\u0259tin g\u0259rginl\u0259\u015fdirilm\u0259sin\u0259 g\u00f6r\u0259 b\u00fct\u00fcn m\u0259suliyy\u0259t bilavasit\u0259 Erm\u0259nistan\u0131n h\u0259rbi-siyasi r\u0259hb\u0259rliyinin \u00fcz\u0259rin\u0259 d\u00fc\u015f\u00fcr.<\/p>\n\n\n\n<p>P.S. <strong>Goranboy, Da\u015fk\u0259s\u0259n v\u0259 ba\u015fqa ucqar da\u011fl\u0131q \u0259razil\u0259r\u0259 qar ya\u011f\u0131b.<\/strong><\/p>\n\n\n\n<p>\u00abReport\u00bbun Q\u0259rb M\u0259rk\u0259zinin m\u0259lumat\u0131na g\u00f6r\u0259, son g\u00fcnl\u0259r \u00f6lk\u0259 \u0259razisind\u0259 hava \u015f\u0259raiti k\u0259skin d\u0259yi\u015fib v\u0259 ya\u011f\u0131nt\u0131l\u0131 hava \u015f\u0259raiti il\u0259 yana\u015f\u0131 temperatur a\u015fa\u011f\u0131 d\u00fc\u015f\u00fcb. Q\u0259rb b\u00f6lg\u0259sind\u0259 Goranboy, Da\u015fk\u0259s\u0259n v\u0259 b\u0259zi ucqar da\u011fl\u0131q \u0259razil\u0259r\u0259 qar ya\u011f\u0131b.<\/p>\n\n\n\n<p>Qeyd ed\u0259k ki, ya\u011f\u0131nt\u0131l\u0131 hava \u015f\u0259raiti b\u0259zi rayonlarda f\u0259sadlar t\u00f6r\u0259dib. Leysan ya\u011f\u0131\u015f s\u0259b\u0259bind\u0259n \u0259kin sah\u0259l\u0259rin\u0259 v\u0259 t\u0259s\u0259rr\u00fcfata qism\u0259n z\u0259r\u0259r d\u0259yib.<\/p>\n\n\n\n<p><strong>T\u00fcrkay Xaqan<\/strong><\/p>\n\n\n\n<figure class=\"wp-block-embed-youtube wp-block-embed is-type-video is-provider-youtube wp-embed-aspect-4-3 wp-has-aspect-ratio\"><div class=\"wp-block-embed__wrapper\">\n<iframe loading=\"lazy\" title=\"Erm\u0259ni zabit \u0259sir al\u0131nd\u0131\" width=\"715\" height=\"536\" src=\"https:\/\/www.youtube.com\/embed\/bnDjWW7ukDI?feature=oembed\" frameborder=\"0\" allow=\"accelerometer; autoplay; encrypted-media; gyroscope; picture-in-picture\" allowfullscreen><\/iframe>\n<\/div><\/figure>\n","protected":false},"excerpt":{"rendered":"<p>Avqustun 23-d\u0259 saat 05:45 rad\u0259l\u0259rind\u0259 c\u0259bh\u0259nin Goranboy rayonu istiqam\u0259tind\u0259 Erm\u0259nistan silahl\u0131 q\u00fcvv\u0259l\u0259rinin diversiya-k\u0259\u015ffiyyat qrupu t\u0259xribat t\u00f6r\u0259tm\u0259y\u0259 c\u0259hd g\u00f6st\u0259rib. C\u0259bh\u0259nin bu istiqam\u0259td\u0259 yerl\u0259\u015f\u0259n Az\u0259rbaycan Ordusunun<\/p>\n","protected":false},"author":2,"featured_media":0,"comment_status":"closed","ping_status":"closed","sticky":false,"template":"","format":"standard","meta":{"footnotes":""},"categories":[4],"tags":[],"class_list":["post-13707","post","type-post","status-publish","format-standard","hentry","category-qarabag"],"aioseo_notices":[],"_links":{"self":[{"href":"https:\/\/fedai.az\/index.php?rest_route=\/wp\/v2\/posts\/13707","targetHints":{"allow":["GET"]}}],"collection":[{"href":"https:\/\/fedai.az\/index.php?rest_route=\/wp\/v2\/posts"}],"about":[{"href":"https:\/\/fedai.az\/index.php?rest_route=\/wp\/v2\/types\/post"}],"author":[{"embeddable":true,"href":"https:\/\/fedai.az\/index.php?rest_route=\/wp\/v2\/users\/2"}],"replies":[{"embeddable":true,"href":"https:\/\/fedai.az\/index.php?rest_route=%2Fwp%2Fv2%2Fcomments&post=13707"}],"version-history":[{"count":4,"href":"https:\/\/fedai.az\/index.php?rest_route=\/wp\/v2\/posts\/13707\/revisions"}],"predecessor-version":[{"id":13778,"href":"https:\/\/fedai.az\/index.php?rest_route=\/wp\/v2\/posts\/13707\/revisions\/13778"}],"wp:attachment":[{"href":"https:\/\/fedai.az\/index.php?rest_route=%2Fwp%2Fv2%2Fmedia&parent=13707"}],"wp:term":[{"taxonomy":"category","embeddable":true,"href":"https:\/\/fedai.az\/index.php?rest_route=%2Fwp%2Fv2%2Fcategories&post=13707"},{"taxonomy":"post_tag","embeddable":true,"href":"https:\/\/fedai.az\/index.php?rest_route=%2Fwp%2Fv2%2Ftags&post=13707"}],"curies":[{"name":"wp","href":"https:\/\/api.w.org\/{rel}","templated":true}]}}