{"id":13723,"date":"2020-08-24T00:49:29","date_gmt":"2020-08-23T20:49:29","guid":{"rendered":"http:\/\/fedai.az\/?p=13723"},"modified":"2020-08-24T00:49:56","modified_gmt":"2020-08-23T20:49:56","slug":"ukrayna-turk-surasina-musahid%c9%99ci-uzv-olmaq-ist%c9%99yir","status":"publish","type":"post","link":"https:\/\/fedai.az\/?p=13723","title":{"rendered":"Ukrayna T\u00fcrk \u015euras\u0131na m\u00fc\u015fahid\u0259\u00e7i \u00fczv olmaq ist\u0259yir"},"content":{"rendered":"\n<p><strong>Ukrayna T\u00fcrkdilli D\u00f6vl\u0259tl\u0259rin \u018fm\u0259kda\u015fl\u0131q \u015euras\u0131nda (T\u00fcrk \u015euras\u0131) m\u00fc\u015fahid\u0259\u00e7i \u00fczv olmaq ist\u0259dikl\u0259rini b\u0259yan edib.<\/strong><\/p>\n\n\n\n<p>T\u00fcrkiy\u0259 K\u0130V-l\u0259rinin verdiyi x\u0259b\u0259r\u0259 g\u00f6r\u0259, Ukraynan\u0131n xarici i\u015fl\u0259r nazirinin birinci m\u00fcavini \u018fmin\u0259 Cabbarova bu bar\u0259d\u0259 m\u0259lumat verib. <em><strong>O, m\u00fc\u015fahid\u0259\u00e7i \u00fczvl\u00fckl\u0259 Kr\u0131m\u0131n ilhaq\u0131 m\u0259s\u0259l\u0259sini T\u00fcrk \u015euras\u0131nda g\u00fcnd\u0259m\u0259 g\u0259tirm\u0259k niyy\u0259tind\u0259 olduqlar\u0131n\u0131 vur\u011fulay\u0131b.<\/strong><\/em><\/p>\n\n\n\n<p>Qeyd ed\u0259k ki, T\u00fcrkdilli D\u00f6vl\u0259tl\u0259rin \u018fm\u0259kda\u015fl\u0131q \u015euras\u0131n\u0131n f\u0259aliyy\u0259tinin \u0259sas m\u0259qs\u0259di t\u00fcrkdilli \u00f6lk\u0259l\u0259r aras\u0131nda h\u0259rt\u0259r\u0259fli \u0259m\u0259kda\u015fl\u0131\u011fa yard\u0131m etm\u0259k olan beyn\u0259lxalq h\u00f6kum\u0259tl\u0259raras\u0131 t\u0259\u015fkilatd\u0131r. T\u0259\u015fkilat t\u00fcrkdilli \u00f6lk\u0259l\u0259rin d\u00f6vl\u0259t ba\u015f\u00e7\u0131lar\u0131n\u0131n 3 oktyabr 2009-cu il tarixind\u0259 Nax\u00e7\u0131van \u015f\u0259h\u0259rind\u0259 ke\u00e7iril\u0259n Zirv\u0259 g\u00f6r\u00fc\u015f\u00fcnd\u0259 imzalanm\u0131\u015f Nax\u00e7\u0131van Sazi\u015fin\u0259 \u0259sas\u0259n yarad\u0131l\u0131b.<\/p>\n\n\n\n<p>Az\u0259rbaycan, Qazax\u0131stan, Q\u0131r\u011f\u0131z\u0131stan, T\u00fcrkiy\u0259 v\u0259 \u00d6zb\u0259kistan t\u0259\u015fkilat\u0131n \u00fczvl\u0259ri, Macar\u0131stan is\u0259 m\u00fc\u015fahid\u0259\u00e7i d\u00f6vl\u0259tdir.\/Teleqraf.com\/<\/p>\n","protected":false},"excerpt":{"rendered":"<p>Ukrayna T\u00fcrkdilli D\u00f6vl\u0259tl\u0259rin \u018fm\u0259kda\u015fl\u0131q \u015euras\u0131nda (T\u00fcrk \u015euras\u0131) m\u00fc\u015fahid\u0259\u00e7i \u00fczv olmaq ist\u0259dikl\u0259rini b\u0259yan edib. T\u00fcrkiy\u0259 K\u0130V-l\u0259rinin verdiyi x\u0259b\u0259r\u0259 g\u00f6r\u0259, Ukraynan\u0131n xarici i\u015fl\u0259r nazirinin birinci m\u00fcavini<\/p>\n","protected":false},"author":2,"featured_media":0,"comment_status":"closed","ping_status":"closed","sticky":false,"template":"","format":"standard","meta":{"footnotes":""},"categories":[3],"tags":[],"class_list":["post-13723","post","type-post","status-publish","format-standard","hentry","category-gundm"],"aioseo_notices":[],"_links":{"self":[{"href":"https:\/\/fedai.az\/index.php?rest_route=\/wp\/v2\/posts\/13723","targetHints":{"allow":["GET"]}}],"collection":[{"href":"https:\/\/fedai.az\/index.php?rest_route=\/wp\/v2\/posts"}],"about":[{"href":"https:\/\/fedai.az\/index.php?rest_route=\/wp\/v2\/types\/post"}],"author":[{"embeddable":true,"href":"https:\/\/fedai.az\/index.php?rest_route=\/wp\/v2\/users\/2"}],"replies":[{"embeddable":true,"href":"https:\/\/fedai.az\/index.php?rest_route=%2Fwp%2Fv2%2Fcomments&post=13723"}],"version-history":[{"count":1,"href":"https:\/\/fedai.az\/index.php?rest_route=\/wp\/v2\/posts\/13723\/revisions"}],"predecessor-version":[{"id":13725,"href":"https:\/\/fedai.az\/index.php?rest_route=\/wp\/v2\/posts\/13723\/revisions\/13725"}],"wp:attachment":[{"href":"https:\/\/fedai.az\/index.php?rest_route=%2Fwp%2Fv2%2Fmedia&parent=13723"}],"wp:term":[{"taxonomy":"category","embeddable":true,"href":"https:\/\/fedai.az\/index.php?rest_route=%2Fwp%2Fv2%2Fcategories&post=13723"},{"taxonomy":"post_tag","embeddable":true,"href":"https:\/\/fedai.az\/index.php?rest_route=%2Fwp%2Fv2%2Ftags&post=13723"}],"curies":[{"name":"wp","href":"https:\/\/api.w.org\/{rel}","templated":true}]}}