{"id":13726,"date":"2020-08-24T00:54:02","date_gmt":"2020-08-23T20:54:02","guid":{"rendered":"http:\/\/fedai.az\/?p=13726"},"modified":"2020-08-24T03:36:22","modified_gmt":"2020-08-23T23:36:22","slug":"lukasenko-istiqlaliyy%c9%99t-sarayina-%c9%99lind%c9%99-avtomatla-g%c9%99lib-video","status":"publish","type":"post","link":"https:\/\/fedai.az\/?p=13726","title":{"rendered":"Luka\u015fenko \u0130stiqlaliyy\u0259t Saray\u0131na \u0259lind\u0259 avtomatla g\u0259lib &#8212; V\u0130DEO"},"content":{"rendered":"\n<p><strong>Belarus Prezidenti Aleksandr Luka\u015fenko vertolyotla m\u00fcxalif\u0259tin etiraz aksiyas\u0131 ke\u00e7irdiyi \u0259raziy\u0259 &#8212; \u0130stiqlaliyy\u0259t Saray\u0131n\u0131n qar\u015f\u0131s\u0131na g\u0259lib.<\/strong><\/p>\n\n\n\n<p><a href=\"https:\/\/apa.az\/\" target=\"_blank\" rel=\"noreferrer noopener\">APA<\/a>&nbsp;R\u0130A Novosti-y\u0259 istinad\u0259n x\u0259b\u0259r verir ki, prezidentin \u0259lind\u0259 avtomat olub.&nbsp;<\/p>\n\n\n\n<p>Luka\u015fenkonun \u0259lind\u0259ki silah\u0131n \u00fcst\u00fcnd\u0259 dara\u011f\u0131n olmad\u0131\u011f\u0131 diqq\u0259t \u00e7\u0259kib.&nbsp;<\/p>\n\n\n\n<p>Qeyd ed\u0259k ki, prezidenti x\u00fcsusi \u00e7evik polis q\u00fcvv\u0259l\u0259ri m\u00fc\u015fayi\u0259t edib.<\/p>\n\n\n\n<p><strong>P.S. Luka\u015fenkonun bu c\u00fcr t\u00f6vr almas\u0131 he\u00e7 d\u0259 daxili etirazlarla ba\u011fl\u0131 olmad\u0131\u011f\u0131 deyilir. NATO-nun Belorusla s\u0259rh\u0259d Pol\u015fa \u0259razil\u0259rin\u0259 v\u0259 Litvaya ordu birlikl\u0259ri y\u0131\u011fmas\u0131yla \u0259laq\u0259dard\u0131r. \u00d6lk\u0259d\u0259 komendant saat\u0131 t\u0259tbiq edil\u0259c\u0259yi g\u00f6zl\u0259nilir.<\/strong><\/p>\n\n\n\n<figure class=\"wp-block-embed-youtube wp-block-embed is-type-video is-provider-youtube wp-embed-aspect-16-9 wp-has-aspect-ratio\"><div class=\"wp-block-embed__wrapper\">\n<iframe loading=\"lazy\" title=\"\u0421\u0440\u043e\u0447\u043d\u043e! \u041b\u0443\u043a\u0430\u0448\u0435\u043d\u043a\u043e \u0432\u043e\u043e\u0440\u0443\u0436\u0435\u043d\u043d\u044b\u0439 \u0430\u0432\u0442\u043e\u043c\u0430\u0442\u043e\u043c &quot;\u041a\u0430\u043b\u0430\u0448\u043d\u0438\u043a\u043e\u0432\u0430&quot; \u043f\u0440\u0438\u043b\u0435\u0442\u0435\u043b \u0432\u043e \u0414\u0432\u043e\u0440\u0435\u0446 \u043d\u0435\u0437\u0430\u0432\u0438\u0441\u0438\u043c\u043e\u0441\u0442\u0438!!\" width=\"715\" height=\"402\" src=\"https:\/\/www.youtube.com\/embed\/r1Xy3o1GSLg?feature=oembed\" frameborder=\"0\" allow=\"accelerometer; autoplay; encrypted-media; gyroscope; picture-in-picture\" allowfullscreen><\/iframe>\n<\/div><\/figure>\n","protected":false},"excerpt":{"rendered":"<p>Belarus Prezidenti Aleksandr Luka\u015fenko vertolyotla m\u00fcxalif\u0259tin etiraz aksiyas\u0131 ke\u00e7irdiyi \u0259raziy\u0259 &#8212; \u0130stiqlaliyy\u0259t Saray\u0131n\u0131n qar\u015f\u0131s\u0131na g\u0259lib. APA&nbsp;R\u0130A Novosti-y\u0259 istinad\u0259n x\u0259b\u0259r verir ki, prezidentin \u0259lind\u0259 avtomat<\/p>\n","protected":false},"author":2,"featured_media":13727,"comment_status":"closed","ping_status":"closed","sticky":false,"template":"","format":"standard","meta":{"footnotes":""},"categories":[13],"tags":[],"class_list":["post-13726","post","type-post","status-publish","format-standard","has-post-thumbnail","hentry","category-xarici"],"aioseo_notices":[],"_links":{"self":[{"href":"https:\/\/fedai.az\/index.php?rest_route=\/wp\/v2\/posts\/13726","targetHints":{"allow":["GET"]}}],"collection":[{"href":"https:\/\/fedai.az\/index.php?rest_route=\/wp\/v2\/posts"}],"about":[{"href":"https:\/\/fedai.az\/index.php?rest_route=\/wp\/v2\/types\/post"}],"author":[{"embeddable":true,"href":"https:\/\/fedai.az\/index.php?rest_route=\/wp\/v2\/users\/2"}],"replies":[{"embeddable":true,"href":"https:\/\/fedai.az\/index.php?rest_route=%2Fwp%2Fv2%2Fcomments&post=13726"}],"version-history":[{"count":2,"href":"https:\/\/fedai.az\/index.php?rest_route=\/wp\/v2\/posts\/13726\/revisions"}],"predecessor-version":[{"id":13757,"href":"https:\/\/fedai.az\/index.php?rest_route=\/wp\/v2\/posts\/13726\/revisions\/13757"}],"wp:featuredmedia":[{"embeddable":true,"href":"https:\/\/fedai.az\/index.php?rest_route=\/wp\/v2\/media\/13727"}],"wp:attachment":[{"href":"https:\/\/fedai.az\/index.php?rest_route=%2Fwp%2Fv2%2Fmedia&parent=13726"}],"wp:term":[{"taxonomy":"category","embeddable":true,"href":"https:\/\/fedai.az\/index.php?rest_route=%2Fwp%2Fv2%2Fcategories&post=13726"},{"taxonomy":"post_tag","embeddable":true,"href":"https:\/\/fedai.az\/index.php?rest_route=%2Fwp%2Fv2%2Ftags&post=13726"}],"curies":[{"name":"wp","href":"https:\/\/api.w.org\/{rel}","templated":true}]}}