{"id":13734,"date":"2020-08-24T01:40:08","date_gmt":"2020-08-23T21:40:08","guid":{"rendered":"http:\/\/fedai.az\/?p=13734"},"modified":"2020-08-24T01:40:10","modified_gmt":"2020-08-23T21:40:10","slug":"m%c9%99shur-vokalci-d%c9%99fn-edildi","status":"publish","type":"post","link":"https:\/\/fedai.az\/?p=13734","title":{"rendered":"M\u0259\u015fhur vokal\u00e7\u0131 d\u0259fn edildi"},"content":{"rendered":"\n<p><strong>\u0130taliyada v\u0259fat etmi\u015f m\u0259\u015fhur az\u0259rbaycanl\u0131 vokal\u00e7\u0131, b\u00f6y\u00fck istedad\u0131, b\u0259nz\u0259rsiz s\u0259si il\u0259 d\u00fcnya opera s\u0259hn\u0259l\u0259rini f\u0259th etmi\u015f Eldar \u018fliyev avqustun 23-d\u0259 Bak\u0131 \u015f\u0259h\u0259rind\u0259ki \u201cQurd qap\u0131s\u0131\u201d q\u0259biristanl\u0131\u011f\u0131nda torpa\u011fa tap\u015f\u0131r\u0131l\u0131b.<\/strong><\/p>\n\n\n\n<p>M\u0259d\u0259niyy\u0259t Nazirliyind\u0259n&nbsp;<a target=\"_blank\" href=\"http:\/\/axar.az\/news\/kult\/\" rel=\"noreferrer noopener\">Kult.az<\/a>-a bildiribl\u0259r ki, d\u00fcnya \u015f\u00f6hr\u0259tli opera m\u00fc\u011f\u0259nnisinin n\u0259\u015fi Az\u0259rbaycan v\u0259 \u0130taliya h\u00f6kum\u0259tl\u0259rinin birg\u0259 \u0259m\u0259kda\u015fl\u0131\u011f\u0131, \u00f6lk\u0259mizin \u0130taliyadak\u0131 s\u0259firliyinin d\u0259st\u0259yi il\u0259 V\u0259t\u0259n\u0259 g\u0259tirilib.<\/p>\n\n\n\n<p>Vida m\u0259rasimind\u0259 Az\u0259rbaycan\u0131n M\u0259d\u0259niyy\u0259t nazirinin birinci m\u00fcavini Vaqif \u018fliyev, Bak\u0131 \u015e\u0259h\u0259r M\u0259d\u0259niyy\u0259t Ba\u015f \u0130dar\u0259sinin r\u0259isi C\u0259lil M\u0259likov, m\u0259d\u0259niyy\u0259t v\u0259 inc\u0259s\u0259n\u0259t xadiml\u0259ri, m\u0259rhumun ail\u0259 dostlar\u0131 i\u015ftirak edibl\u0259r.<\/p>\n","protected":false},"excerpt":{"rendered":"<p>\u0130taliyada v\u0259fat etmi\u015f m\u0259\u015fhur az\u0259rbaycanl\u0131 vokal\u00e7\u0131, b\u00f6y\u00fck istedad\u0131, b\u0259nz\u0259rsiz s\u0259si il\u0259 d\u00fcnya opera s\u0259hn\u0259l\u0259rini f\u0259th etmi\u015f Eldar \u018fliyev avqustun 23-d\u0259 Bak\u0131 \u015f\u0259h\u0259rind\u0259ki \u201cQurd qap\u0131s\u0131\u201d<\/p>\n","protected":false},"author":2,"featured_media":0,"comment_status":"closed","ping_status":"closed","sticky":false,"template":"","format":"standard","meta":{"footnotes":""},"categories":[3],"tags":[],"class_list":["post-13734","post","type-post","status-publish","format-standard","hentry","category-gundm"],"aioseo_notices":[],"_links":{"self":[{"href":"https:\/\/fedai.az\/index.php?rest_route=\/wp\/v2\/posts\/13734","targetHints":{"allow":["GET"]}}],"collection":[{"href":"https:\/\/fedai.az\/index.php?rest_route=\/wp\/v2\/posts"}],"about":[{"href":"https:\/\/fedai.az\/index.php?rest_route=\/wp\/v2\/types\/post"}],"author":[{"embeddable":true,"href":"https:\/\/fedai.az\/index.php?rest_route=\/wp\/v2\/users\/2"}],"replies":[{"embeddable":true,"href":"https:\/\/fedai.az\/index.php?rest_route=%2Fwp%2Fv2%2Fcomments&post=13734"}],"version-history":[{"count":1,"href":"https:\/\/fedai.az\/index.php?rest_route=\/wp\/v2\/posts\/13734\/revisions"}],"predecessor-version":[{"id":13736,"href":"https:\/\/fedai.az\/index.php?rest_route=\/wp\/v2\/posts\/13734\/revisions\/13736"}],"wp:attachment":[{"href":"https:\/\/fedai.az\/index.php?rest_route=%2Fwp%2Fv2%2Fmedia&parent=13734"}],"wp:term":[{"taxonomy":"category","embeddable":true,"href":"https:\/\/fedai.az\/index.php?rest_route=%2Fwp%2Fv2%2Fcategories&post=13734"},{"taxonomy":"post_tag","embeddable":true,"href":"https:\/\/fedai.az\/index.php?rest_route=%2Fwp%2Fv2%2Ftags&post=13734"}],"curies":[{"name":"wp","href":"https:\/\/api.w.org\/{rel}","templated":true}]}}