{"id":13751,"date":"2020-08-24T03:00:35","date_gmt":"2020-08-23T23:00:35","guid":{"rendered":"http:\/\/fedai.az\/?p=13751"},"modified":"2020-08-24T03:01:44","modified_gmt":"2020-08-23T23:01:44","slug":"soyqu-tonayani-q%c9%99bul-edib","status":"publish","type":"post","link":"https:\/\/fedai.az\/?p=13751","title":{"rendered":"\u015eoyqu Tonoyan\u0131 q\u0259bul edib"},"content":{"rendered":"\n<p><strong>TASS \/ Sentyabr\u0131n \u0259vv\u0259lind\u0259 Moskvada MDB, \u015e\u018fT v\u0259 KTMT \u00f6lk\u0259l\u0259rinin m\u00fcdafi\u0259 idar\u0259l\u0259ri r\u0259hb\u0259rl\u0259rinin birg\u0259 iclas\u0131 ke\u00e7iril\u0259c\u0259k.<\/strong><\/p>\n\n\n\n<p>Fedai.az x\u0259b\u0259r verir ki, bu bar\u0259d\u0259 bazar g\u00fcn\u00fc Rusiyan\u0131n M\u00fcdafi\u0259 naziri general-mayor Sergey \u015eoyqu &#171;Ordu-2020&#187; Beyn\u0259lxalq H\u0259rbi-Texniki Forumu \u00e7\u0259r\u00e7iv\u0259sind\u0259 erm\u0259ni h\u0259mkar\u0131 David Tonoyan il\u0259 g\u00f6r\u00fc\u015fd\u0259 a\u00e7\u0131qlama verib.<\/p>\n\n\n\n<p>Onun s\u00f6zl\u0259rin\u0259 g\u00f6r\u0259, iki \u00f6lk\u0259 aras\u0131nda h\u0259rbi \u0259m\u0259kda\u015fl\u0131q h\u0259m ikit\u0259r\u0259fli formatda, h\u0259m d\u0259 beyn\u0259lxalq strukturlar, ilk n\u00f6vb\u0259d\u0259 KTMT \u00e7\u0259r\u00e7iv\u0259sind\u0259 inki\u015faf edir.<\/p>\n\n\n\n<p>&#171;Sentyabr\u0131n \u0259vv\u0259lind\u0259 Moskvada MDB \u00fczv\u00fc olan d\u00f6vl\u0259tl\u0259rin, \u015e\u018fT v\u0259 KTMT \u00fczv\u00fc olan \u00f6lk\u0259l\u0259rin m\u00fcdafi\u0259 idar\u0259l\u0259ri r\u0259hb\u0259rl\u0259rinin ortaq iclas\u0131nda sizi g\u00f6rm\u0259kd\u0259n m\u0259mnun qalaca\u011fam&#187;- dey\u0259 \u015eoyqu s\u00f6zl\u0259rini tamamlay\u0131b.<\/p>\n\n\n\n<p>\u0130yunun 24-d\u0259 Q\u0131rm\u0131z\u0131 Meydanda Q\u0259l\u0259b\u0259 Parad\u0131nda erm\u0259ni h\u0259rb\u00e7il\u0259rinin i\u015ftirak etdiyin\u0259 g\u00f6r\u0259 h\u0259mkar\u0131na t\u0259\u015f\u0259kk\u00fcr etdi v\u0259 haz\u0131rl\u0131qlar\u0131n\u0131n y\u00fcks\u0259k s\u0259viyy\u0259d\u0259 oldu\u011funu qeyd etdi. &#171;Bu, ham\u0131m\u0131z \u00fc\u00e7\u00fcn b\u00f6y\u00fck, \u0259lam\u0259tdar bir hadis\u0259dir. Bu, bizim \u00fcmumi bayram\u0131m\u0131zd\u0131r. Faktiki olaraq bir xalq\u0131n bayram\u0131d\u0131r&#187; dey\u0259 rusiyal\u0131 nazir vur\u011fulay\u0131b.<\/p>\n\n\n\n<p>RF M\u00fcdafi\u0259 Nazirliyi r\u0259hb\u0259rinin s\u00f6zl\u0259rin\u0259 g\u00f6r\u0259, dostluq, mehriban qon\u015fuluq v\u0259 \u0259m\u0259kda\u015fl\u0131q m\u00fcnasib\u0259tl\u0259ri babalar\u0131n v\u0259 atalar\u0131n b\u00f6y\u00fck i\u015fl\u0259rinin xatir\u0259si kimi n\u0259sild\u0259n-n\u0259sl\u0259 \u00f6t\u00fcr\u00fclm\u0259lidir v\u0259 h\u0259r il m\u00f6hk\u0259ml\u0259nm\u0259lidir.<\/p>\n\n\n\n<p>\u015eoyqu, Beyn\u0259lxalq Ordu Oyunlar\u0131nda Erm\u0259nistan komandalar\u0131na q\u0259l\u0259b\u0259 arzulayaraq h\u0259mkar\u0131n\u0131 h\u0259rbi sah\u0259d\u0259 ikit\u0259r\u0259fli \u0259m\u0259kda\u015fl\u0131\u011f\u0131n aktual probleml\u0259rini m\u00fczakir\u0259 etm\u0259y\u0259 d\u0259v\u0259t etdi.<\/p>\n\n\n\n<p>Erm\u0259nistan\u0131n m\u00fcdafi\u0259 naziri David Tonoyan, \u0130r\u0259van\u0131n h\u0259yata ke\u00e7irdiyi Suriyadak\u0131 humanitar missiyada Rusiya ordusunun k\u00f6m\u0259yini y\u00fcks\u0259k qiym\u0259tl\u0259ndirdi v\u0259 respublikan\u0131n bu proqram\u0131 davam etdir\u0259c\u0259yini s\u00f6yl\u0259di.<\/p>\n\n\n\n<p>&#171;G\u00f6r\u00fc\u015f\u00fcn \u0259vv\u0259lind\u0259 Suriyadak\u0131 humanitar missiyam\u0131za g\u00f6st\u0259ril\u0259n k\u00f6m\u0259y\u0259 g\u00f6r\u0259 minn\u0259tdarl\u0131\u011f\u0131m\u0131 bildirm\u0259k ist\u0259yir\u0259m. Bu proqram \u00e7ox vacibdir v\u0259 biz onu davam etdirm\u0259k niyy\u0259tind\u0259yik&#187;- dey\u0259 Tonoyan Rusiya M\u00fcdafi\u0259 Naziri Ordunun Ba\u015f\u00e7\u0131s\u0131 Sergey \u015eoyqu il\u0259 g\u00f6r\u00fc\u015fd\u0259 bildirdi.<\/p>\n\n\n\n<p>O, h\u0259m\u00e7inin virusa qar\u015f\u0131 m\u00fcbariz\u0259d\u0259 Rusiya h\u0259rbi h\u0259kiml\u0259rinin Erm\u0259nistana g\u00f6st\u0259rdiyi k\u00f6m\u0259y\u0259 g\u00f6r\u0259 \u00f6z minn\u0259tdarl\u0131\u011f\u0131n\u0131 bildirdi.<\/p>\n\n\n\n<p>&#171;Bu, h\u0259rbi h\u0259kiml\u0259rinizin g\u00f6st\u0259rdiyi h\u0259qiq\u0259t\u0259n q\u0259hr\u0259manl\u0131qd\u0131r. \u00c7ox minn\u0259tdar\u0131q&#187; &#8212; Erm\u0259nistan M\u00fcdafi\u0259 naziri dedi.<\/p>\n\n\n\n<figure class=\"wp-block-embed-facebook wp-block-embed is-type-video is-provider-facebook\"><div class=\"wp-block-embed__wrapper\">\n<div id=\"fb-root\"><\/div><script async=\"1\" defer=\"1\" crossorigin=\"anonymous\" src=\"https:\/\/connect.facebook.net\/en_GB\/sdk.js#xfbml=1&amp;version=v8.0\" nonce=\"Oo8HYkCr\"><\/script><div class=\"fb-video\" data-href=\"https:\/\/www.facebook.com\/shushanstepanyan\/videos\/3167542296615242\/?t=2\" data-width=\"715\"><blockquote cite=\"https:\/\/www.facebook.com\/shushanstepanyan\/videos\/3167542296615242\/\" class=\"fb-xfbml-parse-ignore\"><a href=\"https:\/\/www.facebook.com\/shushanstepanyan\/videos\/3167542296615242\/\"><\/a><p><\/p>Posted by <a href=\"#\" role=\"button\">Shushan Stepanyan<\/a> on Sunday, 23 August 2020<\/blockquote><\/div>\n<\/div><\/figure>\n\n\n\n<figure class=\"wp-block-image size-large\"><img loading=\"lazy\" decoding=\"async\" width=\"960\" height=\"640\" src=\"http:\/\/fedai.az\/wp-content\/uploads\/2020\/08\/118356569_3167542753281863_4968366894604653823_n.jpg\" alt=\"\" class=\"wp-image-13752\" srcset=\"https:\/\/fedai.az\/wp-content\/uploads\/2020\/08\/118356569_3167542753281863_4968366894604653823_n.jpg 960w, https:\/\/fedai.az\/wp-content\/uploads\/2020\/08\/118356569_3167542753281863_4968366894604653823_n-300x200.jpg 300w, https:\/\/fedai.az\/wp-content\/uploads\/2020\/08\/118356569_3167542753281863_4968366894604653823_n-150x100.jpg 150w, https:\/\/fedai.az\/wp-content\/uploads\/2020\/08\/118356569_3167542753281863_4968366894604653823_n-768x512.jpg 768w\" sizes=\"auto, (max-width: 960px) 100vw, 960px\" \/><\/figure>\n","protected":false},"excerpt":{"rendered":"<p>TASS \/ Sentyabr\u0131n \u0259vv\u0259lind\u0259 Moskvada MDB, \u015e\u018fT v\u0259 KTMT \u00f6lk\u0259l\u0259rinin m\u00fcdafi\u0259 idar\u0259l\u0259ri r\u0259hb\u0259rl\u0259rinin birg\u0259 iclas\u0131 ke\u00e7iril\u0259c\u0259k. Fedai.az x\u0259b\u0259r verir ki, bu bar\u0259d\u0259 bazar g\u00fcn\u00fc<\/p>\n","protected":false},"author":2,"featured_media":13753,"comment_status":"closed","ping_status":"closed","sticky":false,"template":"","format":"standard","meta":{"footnotes":""},"categories":[13],"tags":[],"class_list":["post-13751","post","type-post","status-publish","format-standard","has-post-thumbnail","hentry","category-xarici"],"aioseo_notices":[],"_links":{"self":[{"href":"https:\/\/fedai.az\/index.php?rest_route=\/wp\/v2\/posts\/13751","targetHints":{"allow":["GET"]}}],"collection":[{"href":"https:\/\/fedai.az\/index.php?rest_route=\/wp\/v2\/posts"}],"about":[{"href":"https:\/\/fedai.az\/index.php?rest_route=\/wp\/v2\/types\/post"}],"author":[{"embeddable":true,"href":"https:\/\/fedai.az\/index.php?rest_route=\/wp\/v2\/users\/2"}],"replies":[{"embeddable":true,"href":"https:\/\/fedai.az\/index.php?rest_route=%2Fwp%2Fv2%2Fcomments&post=13751"}],"version-history":[{"count":2,"href":"https:\/\/fedai.az\/index.php?rest_route=\/wp\/v2\/posts\/13751\/revisions"}],"predecessor-version":[{"id":13755,"href":"https:\/\/fedai.az\/index.php?rest_route=\/wp\/v2\/posts\/13751\/revisions\/13755"}],"wp:featuredmedia":[{"embeddable":true,"href":"https:\/\/fedai.az\/index.php?rest_route=\/wp\/v2\/media\/13753"}],"wp:attachment":[{"href":"https:\/\/fedai.az\/index.php?rest_route=%2Fwp%2Fv2%2Fmedia&parent=13751"}],"wp:term":[{"taxonomy":"category","embeddable":true,"href":"https:\/\/fedai.az\/index.php?rest_route=%2Fwp%2Fv2%2Fcategories&post=13751"},{"taxonomy":"post_tag","embeddable":true,"href":"https:\/\/fedai.az\/index.php?rest_route=%2Fwp%2Fv2%2Ftags&post=13751"}],"curies":[{"name":"wp","href":"https:\/\/api.w.org\/{rel}","templated":true}]}}