{"id":13771,"date":"2020-08-24T11:54:58","date_gmt":"2020-08-24T07:54:58","guid":{"rendered":"http:\/\/fedai.az\/?p=13771"},"modified":"2020-08-24T15:30:00","modified_gmt":"2020-08-24T11:30:00","slug":"ramiz-mehdiyev-m%c9%99zuniyy%c9%99t%c9%99-siyavus-novruzov-istefaya-getdi","status":"publish","type":"post","link":"https:\/\/fedai.az\/?p=13771","title":{"rendered":"Ramiz Mehdiyev m\u0259zuniyy\u0259t\u0259, Siyavu\u015f Novruzov istefaya GETD\u0130"},"content":{"rendered":"\n<p><strong>Az\u0259rbaycan Milli Elml\u0259r Akademiyas\u0131n\u0131n (AMEA) prezidenti Ramiz Mehdiyev m\u0259zuniyy\u0259t\u0259 \u00e7\u0131x\u0131b.<\/strong><\/p>\n\n\n\n<p> \u201cReport\u201dun \u0259ld\u0259 etdiyi m\u0259lumata g\u00f6r\u0259, o, ke\u00e7\u0259n h\u0259ft\u0259nin sonu xidm\u0259ti m\u0259zuniyy\u0259t\u0259 gedib.<\/p>\n\n\n\n<p>AMEA-n\u0131n i\u015f\u00e7il\u0259ri is\u0259 \u201cReport\u201da bildirib ki, R.Mehdiyev r\u0259smi qaydada m\u0259zuniyy\u0259t\u0259 \u00e7\u0131xmas\u0131na baxmayaraq haz\u0131rda i\u015fd\u0259dir.<\/p>\n\n\n\n<p>AMEA-n\u0131n \u0130ctimaiyy\u0259tl\u0259 \u0259laq\u0259l\u0259r, m\u0259tbuat v\u0259 informasiya \u015f\u00f6b\u0259si is\u0259 m\u0259s\u0259l\u0259 il\u0259 ba\u011fl\u0131 daha sonra bu \u015f\u0259kild\u0259 a\u00e7\u0131qlama verib.<\/p>\n\n\n\n<p>A\u00e7\u0131qlamada qeyd edilir: &#171;Bildirm\u0259k ist\u0259yirik ki, AMEA-n\u0131n ictimaiyy\u0259tl\u0259 v\u0259 K\u0130V-l\u0259 \u0259laq\u0259l\u0259rini R\u0259yas\u0259t Hey\u0259ti aparat\u0131n\u0131n \u0130ctimaiyy\u0259tl\u0259 \u0259laq\u0259l\u0259r, m\u0259tbuat v\u0259 informasiya \u015f\u00f6b\u0259si h\u0259yata ke\u00e7irir v\u0259 bizim t\u0259r\u0259fimizd\u0259n bu bar\u0259d\u0259 he\u00e7 bir r\u0259smi m\u0259lumat yay\u0131lmay\u0131b.<\/p>\n\n\n\n<p>Bildiririk ki, akademik Ramiz Mehdiyev m\u0259zuniyy\u0259td\u0259 deyil v\u0259 \u00f6z i\u015f f\u0259aliyy\u0259tini davam etdirir&#187;.<\/p>\n\n\n\n<p>******<\/p>\n\n\n\n<p><strong>Yeni Az\u0259rbaycan Partiyas\u0131 (YAP) \u0130cra katibinin m\u00fcavini Siyavu\u015f Novruzov partiyan\u0131n S\u0259dri \u0130lham \u018fliyev\u0259 m\u00fcraci\u0259t ed\u0259r\u0259k onu partiyada tutdu\u011fu v\u0259zif\u0259d\u0259n azad etm\u0259k bar\u0259d\u0259 xahi\u015f edib.<\/strong><\/p>\n\n\n\n<p><br>Bu bar\u0259d\u0259 YAP-\u0131n M\u0259tbuat xidm\u0259tind\u0259n m\u0259lumat verilib.<\/p>\n","protected":false},"excerpt":{"rendered":"<p>Az\u0259rbaycan Milli Elml\u0259r Akademiyas\u0131n\u0131n (AMEA) prezidenti Ramiz Mehdiyev m\u0259zuniyy\u0259t\u0259 \u00e7\u0131x\u0131b. \u201cReport\u201dun \u0259ld\u0259 etdiyi m\u0259lumata g\u00f6r\u0259, o, ke\u00e7\u0259n h\u0259ft\u0259nin sonu xidm\u0259ti m\u0259zuniyy\u0259t\u0259 gedib. AMEA-n\u0131n i\u015f\u00e7il\u0259ri<\/p>\n","protected":false},"author":2,"featured_media":13678,"comment_status":"closed","ping_status":"closed","sticky":false,"template":"","format":"standard","meta":{"footnotes":""},"categories":[3],"tags":[],"class_list":["post-13771","post","type-post","status-publish","format-standard","has-post-thumbnail","hentry","category-gundm"],"aioseo_notices":[],"_links":{"self":[{"href":"https:\/\/fedai.az\/index.php?rest_route=\/wp\/v2\/posts\/13771","targetHints":{"allow":["GET"]}}],"collection":[{"href":"https:\/\/fedai.az\/index.php?rest_route=\/wp\/v2\/posts"}],"about":[{"href":"https:\/\/fedai.az\/index.php?rest_route=\/wp\/v2\/types\/post"}],"author":[{"embeddable":true,"href":"https:\/\/fedai.az\/index.php?rest_route=\/wp\/v2\/users\/2"}],"replies":[{"embeddable":true,"href":"https:\/\/fedai.az\/index.php?rest_route=%2Fwp%2Fv2%2Fcomments&post=13771"}],"version-history":[{"count":2,"href":"https:\/\/fedai.az\/index.php?rest_route=\/wp\/v2\/posts\/13771\/revisions"}],"predecessor-version":[{"id":13785,"href":"https:\/\/fedai.az\/index.php?rest_route=\/wp\/v2\/posts\/13771\/revisions\/13785"}],"wp:featuredmedia":[{"embeddable":true,"href":"https:\/\/fedai.az\/index.php?rest_route=\/wp\/v2\/media\/13678"}],"wp:attachment":[{"href":"https:\/\/fedai.az\/index.php?rest_route=%2Fwp%2Fv2%2Fmedia&parent=13771"}],"wp:term":[{"taxonomy":"category","embeddable":true,"href":"https:\/\/fedai.az\/index.php?rest_route=%2Fwp%2Fv2%2Fcategories&post=13771"},{"taxonomy":"post_tag","embeddable":true,"href":"https:\/\/fedai.az\/index.php?rest_route=%2Fwp%2Fv2%2Ftags&post=13771"}],"curies":[{"name":"wp","href":"https:\/\/api.w.org\/{rel}","templated":true}]}}