{"id":13779,"date":"2020-08-24T14:21:17","date_gmt":"2020-08-24T10:21:17","guid":{"rendered":"http:\/\/fedai.az\/?p=13779"},"modified":"2020-08-24T14:21:18","modified_gmt":"2020-08-24T10:21:18","slug":"ilham-%c9%99liyev-butun-dovl%c9%99t-m%c9%99murlari-xalqin-xidm%c9%99tcil%c9%99ridir","status":"publish","type":"post","link":"https:\/\/fedai.az\/?p=13779","title":{"rendered":"\u0130lham \u018fliyev: &#171;B\u00fct\u00fcn d\u00f6vl\u0259t m\u0259murlar\u0131 xalq\u0131n xidm\u0259t\u00e7il\u0259ridir&#187;"},"content":{"rendered":"\n<p><strong>\u201cM\u0259n d\u0259f\u0259l\u0259rl\u0259 demi\u015f\u0259m ki, Prezident ba\u015fda olmaqla b\u00fct\u00fcn d\u00f6vl\u0259t m\u0259murlar\u0131 xalq\u0131n xidm\u0259t\u00e7il\u0259ridir. M\u0259hz buna g\u00f6r\u0259 biz bu v\u0259zif\u0259d\u0259yik. Buna g\u00f6r\u0259 xalq m\u0259n\u0259 etibar g\u00f6st\u0259rib v\u0259 m\u0259n b\u00fct\u00fcn t\u0259yin etdiyim kadrlardan bunu t\u0259l\u0259b edir\u0259m\u201d.<\/strong><\/p>\n\n\n\n<p><br> Az\u0259rbaycan Respublikas\u0131n\u0131n Prezidenti \u0130lham \u018fliyev avqustun 24-d\u0259 Faiq Q\u00fcrb\u0259tovu Bil\u0259suvar Rayon \u0130cra Hakimiyy\u0259tinin, Elmir Ba\u011f\u0131rovu is\u0259 Saatl\u0131 Rayon \u0130cra Hakimiyy\u0259tinin ba\u015f\u00e7\u0131s\u0131 v\u0259zif\u0259l\u0259rin\u0259 t\u0259yin olunmalar\u0131 il\u0259 \u0259laq\u0259dar videoformatda q\u0259bul ed\u0259n zaman bu s\u00f6zl\u0259ri deyib.<\/p>\n\n\n\n<p><br>\u201cR\u0259hb\u0259rin t\u0259vaz\u00f6karl\u0131\u011f\u0131 r\u0259hb\u0259rin yara\u015f\u0131\u011f\u0131d\u0131r. R\u0259hb\u0259rin m\u0259n\u0259vi haqq\u0131 olmal\u0131d\u0131r ki, \u00f6z tabeliyind\u0259ki insanlardan n\u0259yis\u0259 t\u0259l\u0259b etsin. \u018fg\u0259r bu m\u0259n\u0259vi haqq yoxdursa, n\u0259 ist\u0259yirsiniz deyin, n\u0259 ist\u0259yirsiniz edin, siz\u0259 n\u0259 h\u00f6rm\u0259t, n\u0259 d\u0259 ki r\u0259\u011fb\u0259t olacaq\u201d, &#8212; d\u00f6vl\u0259t ba\u015f\u00e7\u0131s\u0131 \u0259lav\u0259 edib.<\/p>\n\n\n\n<p><br>O, vur\u011fulay\u0131b ki, kadr siyas\u0259tind\u0259 g\u0259r\u0259k d\u00fczg\u00fcn add\u0131mlar at\u0131ls\u0131n:<\/p>\n\n\n\n<p><br>&#171;B\u0259zi hallarda r\u0259hb\u0259rl\u0259r \u00f6zl\u0259rin\u0259 yax\u0131n olan, \u00f6zl\u0259rin\u0259 sadiq say\u0131lan kadrlar\u0131 \u00f6n\u0259 \u00e7\u0259kirl\u0259r v\u0259 o kadrlar\u0131n dig\u0259r x\u00fcsusiyy\u0259tl\u0259ri n\u0259z\u0259r\u0259 al\u0131nm\u0131r. \u0130lk n\u00f6vb\u0259d\u0259, hans\u0131sa m\u0259mura yox, d\u00f6vl\u0259t\u0259 s\u0259daq\u0259tli insanlar, V\u0259t\u0259n\u0259 s\u0259daq\u0259tli insanlar \u00f6n\u0259 \u00e7\u0259kilm\u0259lidir. M\u00fcst\u0259qilliyi, m\u00fcst\u0259qil h\u0259yat\u0131m\u0131z\u0131 h\u0259r \u015feyd\u0259n \u00fcst\u00fcn tutan insanlar \u00f6n\u0259 \u00e7\u0259kilm\u0259lidir, v\u0259t\u0259np\u0259rv\u0259r, milli ruhda, milli d\u0259y\u0259rl\u0259r \u0259sas\u0131nda t\u0259rbiy\u0259 alan insanlar \u00f6n\u0259 \u00e7\u0259kilm\u0259lidir v\u0259 \u0259lb\u0259tt\u0259 ki, bu insanlar\u0131n pe\u015f\u0259karl\u0131\u011f\u0131 da y\u00fcks\u0259k s\u0259viyy\u0259d\u0259 olmal\u0131d\u0131r. Ona g\u00f6r\u0259 kadr siyas\u0259ti bu prinsipl\u0259r \u0259sas\u0131nda qurulmal\u0131d\u0131r\u201d.<\/p>\n","protected":false},"excerpt":{"rendered":"<p>\u201cM\u0259n d\u0259f\u0259l\u0259rl\u0259 demi\u015f\u0259m ki, Prezident ba\u015fda olmaqla b\u00fct\u00fcn d\u00f6vl\u0259t m\u0259murlar\u0131 xalq\u0131n xidm\u0259t\u00e7il\u0259ridir. M\u0259hz buna g\u00f6r\u0259 biz bu v\u0259zif\u0259d\u0259yik. Buna g\u00f6r\u0259 xalq m\u0259n\u0259 etibar g\u00f6st\u0259rib<\/p>\n","protected":false},"author":2,"featured_media":10948,"comment_status":"closed","ping_status":"closed","sticky":false,"template":"","format":"standard","meta":{"footnotes":""},"categories":[3],"tags":[],"class_list":["post-13779","post","type-post","status-publish","format-standard","has-post-thumbnail","hentry","category-gundm"],"aioseo_notices":[],"_links":{"self":[{"href":"https:\/\/fedai.az\/index.php?rest_route=\/wp\/v2\/posts\/13779","targetHints":{"allow":["GET"]}}],"collection":[{"href":"https:\/\/fedai.az\/index.php?rest_route=\/wp\/v2\/posts"}],"about":[{"href":"https:\/\/fedai.az\/index.php?rest_route=\/wp\/v2\/types\/post"}],"author":[{"embeddable":true,"href":"https:\/\/fedai.az\/index.php?rest_route=\/wp\/v2\/users\/2"}],"replies":[{"embeddable":true,"href":"https:\/\/fedai.az\/index.php?rest_route=%2Fwp%2Fv2%2Fcomments&post=13779"}],"version-history":[{"count":1,"href":"https:\/\/fedai.az\/index.php?rest_route=\/wp\/v2\/posts\/13779\/revisions"}],"predecessor-version":[{"id":13780,"href":"https:\/\/fedai.az\/index.php?rest_route=\/wp\/v2\/posts\/13779\/revisions\/13780"}],"wp:featuredmedia":[{"embeddable":true,"href":"https:\/\/fedai.az\/index.php?rest_route=\/wp\/v2\/media\/10948"}],"wp:attachment":[{"href":"https:\/\/fedai.az\/index.php?rest_route=%2Fwp%2Fv2%2Fmedia&parent=13779"}],"wp:term":[{"taxonomy":"category","embeddable":true,"href":"https:\/\/fedai.az\/index.php?rest_route=%2Fwp%2Fv2%2Fcategories&post=13779"},{"taxonomy":"post_tag","embeddable":true,"href":"https:\/\/fedai.az\/index.php?rest_route=%2Fwp%2Fv2%2Ftags&post=13779"}],"curies":[{"name":"wp","href":"https:\/\/api.w.org\/{rel}","templated":true}]}}