{"id":13793,"date":"2020-08-25T00:09:31","date_gmt":"2020-08-24T20:09:31","guid":{"rendered":"http:\/\/fedai.az\/?p=13793"},"modified":"2020-08-25T00:09:32","modified_gmt":"2020-08-24T20:09:32","slug":"hacibala-abutalibov-ramiz-mehdiyevi-v%c9%99sf-etdi-%c9%99fi-ilan-d%c9%99risind%c9%99-surun%c9%99n-riyakar","status":"publish","type":"post","link":"https:\/\/fedai.az\/?p=13793","title":{"rendered":"Hac\u0131bala Abutal\u0131bov Ramiz Mehdiyevi &#171;v\u0259sf&#187; etdi: \u201c\u018ffi ilan d\u0259risind\u0259 s\u00fcr\u00fcn\u0259n riyakar\u201d"},"content":{"rendered":"\n<p><strong>Bak\u0131n\u0131n sabiq icra ba\u015f\u00e7\u0131s\u0131 Hac\u0131bala Abutal\u0131bov AMEA-n\u0131n prezidenti Ramiz Mehdiyevi k\u0259skin \u015f\u0259kild\u0259 t\u0259nqid edib. Buna s\u0259b\u0259b pandemiya d\u00f6vr\u00fcnd\u0259 R. Mehdiyevin n\u0259v\u0259sinin toy m\u0259rasiminin ke\u00e7irilm\u0259si olub.<\/strong><\/p>\n\n\n\n<p>Sabiq icra ba\u015f\u00e7\u0131s\u0131n\u0131n m\u00f6vzu il\u0259 ba\u011fl\u0131 m\u0259qal\u0259si APA-da yay\u0131mlan\u0131b.<\/p>\n\n\n\n<p><strong>M\u0259qal\u0259ni t\u0259qdim edirik:<\/strong><\/p>\n\n\n\n<p>\u201cM\u00fcasir d\u00fcnyan\u0131, h\u0259m\u00e7inin Az\u0259rbaycan\u0131 b\u00fcr\u00fcy\u0259n qlobal transformasiyalar v\u0259 neqativ \u00e7a\u011f\u0131r\u0131\u015flar d\u00f6vr\u00fcnd\u0259, eyni zamanda pandemiyan\u0131n t\u00fc\u011fyan etdiyi bir \u015f\u0259raitd\u0259 ciddi karantin rejiminin t\u0259tbiq edilm\u0259sin\u0259 baxmayaraq, b\u0259zi y\u00fcks\u0259k r\u00fctb\u0259li m\u0259murlar, o c\u00fcml\u0259d\u0259n Az\u0259rbaycan Respublikas\u0131 Prezident Administrasiyas\u0131n\u0131n ke\u00e7mi\u015f r\u0259hb\u0259ri Ramiz Mehdiyev tutduqlar\u0131 v\u0259zif\u0259l\u0259rd\u0259n sui-istifad\u0259 ed\u0259r\u0259k, qanunlar\u0131n aliliyin\u0259 m\u0259h\u0259l qoymur, onlar\u0131 ist\u0259dikl\u0259ri kimi tapdalay\u0131r v\u0259 pozurlar.<\/p>\n\n\n\n<p>Buna misal olaraq Ramiz Mehdiyevin bu yax\u0131n g\u00fcnl\u0259rd\u0259 karantin qaydalar\u0131na zidd olaraq d\u0259bd\u0259b\u0259li v\u0259 t\u0259mt\u0259raql\u0131 \u015f\u0259raitd\u0259 bir \u00e7ox v\u0259zif\u0259li, el\u0259c\u0259 d\u0259 v\u0259zif\u0259d\u0259n uzaqla\u015fd\u0131r\u0131lm\u0131\u015f ke\u00e7mi\u015f m\u0259murlar\u0131n i\u015ftirak\u0131 il\u0259 n\u0259v\u0259sin\u0259 toy etm\u0259si hadis\u0259sin\u0259 m\u00fcnasib\u0259t bildirm\u0259yimizi bir v\u0259t\u0259nda\u015f olaraq \u00f6z\u00fcm\u00fcz\u0259 borc bilirik. A\u00e7\u0131\u011f\u0131, k\u00fctl\u0259vi informasiya vasit\u0259l\u0259rind\u0259 bu xo\u015fag\u0259lm\u0259z hadis\u0259nin i\u015f\u0131qland\u0131r\u0131lmas\u0131 Az\u0259rbaycan v\u0259t\u0259nda\u015flar\u0131n\u0131n \u0259ks\u0259r t\u0259b\u0259q\u0259l\u0259rind\u0259 Ramiz Mehdiyev\u0259 qar\u015f\u0131 d\u0259rin nifr\u0259t v\u0259 ikrah hissini oyadaraq, xalq\u0131n b\u00f6y\u00fck \u0259ks\u0259riyy\u0259tinin q\u0259z\u0259bin\u0259 s\u0259b\u0259b oldu.<\/p>\n\n\n\n<p>D\u00fcnya praktikas\u0131nda q\u0259bul olunmu\u015f etik davran\u0131\u015f qaydalar\u0131na g\u00f6r\u0259 ist\u0259nil\u0259n y\u00fcks\u0259k r\u00fctb\u0259li v\u0259zif\u0259 sahibl\u0259ri ba\u015fqalar\u0131na \u00f6z \u0259m\u0259li f\u0259aliyy\u0259ti il\u0259 n\u00fcmun\u0259 olmal\u0131, \u015f\u0259xsi m\u0259n\u0259vi v\u0259 \u0259xlaq\u0131 keyfiyy\u0259tl\u0259ri il\u0259 i\u015fl\u0259diyi sferada qanunun aliliyini t\u0259min etm\u0259lidirl\u0259r. T\u0259\u0259ss\u00fcf hissi il\u0259 d\u0259 olsa, qeyd etm\u0259liyik ki, Ramiz Mehdiyevin v\u0259 onun \u0259traf\u0131n\u0131n bu qanuna zidd olan h\u0259r\u0259k\u0259tl\u0259ri n\u0259inki milli h\u0259mr\u0259yliyin, insanlar aras\u0131ndak\u0131 sosial b\u0259rab\u0259rliyin m\u00f6hk\u0259ml\u0259nm\u0259sin\u0259 xidm\u0259t etmir, \u0259ksin\u0259, hakimiyy\u0259t iyerarxiyas\u0131nda t\u0259msil olunan m\u0259murlar\u0131n \u00f6zba\u015f\u0131nal\u0131\u011f\u0131, xalqdan ayr\u0131 d\u00fc\u015fm\u0259si kimi m\u0259nfi t\u0259s\u0259vv\u00fcrl\u0259r yarad\u0131r. Bu is\u0259 son n\u0259tic\u0259d\u0259 \u0259sas\u0131 Ulu \u00d6nd\u0259r Heyd\u0259r \u018fliyev t\u0259r\u0259find\u0259n qoyulan v\u0259 bu g\u00fcn d\u0259 \u00f6lk\u0259 ba\u015f\u00e7\u0131m\u0131z c\u0259nab \u0130lham \u018fliyev t\u0259r\u0259find\u0259n ictimai h\u0259yat\u0131m\u0131z\u0131n b\u00fct\u00fcn istiqam\u0259tl\u0259ri \u00fczr\u0259 u\u011furla apar\u0131lan d\u00f6vl\u0259t\u00e7ilik m\u0259fkur\u0259sinin, m\u00fcst\u0259qil daxili v\u0259 xarici siyas\u0259timizin, Az\u0259rbaycan Respublikas\u0131n\u0131n Birinci vitse-prezidenti, d\u0259rin z\u0259ka sahibi Mehriban xan\u0131m\u0131n g\u0259l\u0259c\u0259k xo\u015fb\u0259xt Az\u0259rbaycan d\u00f6vl\u0259t\u00e7iliyinin yaranmas\u0131 \u00fc\u00e7\u00fcn apard\u0131\u011f\u0131 yorulmaz s\u0259yl\u0259rinin, Qaraba\u011f m\u00fcharib\u0259si fonunda milli bar\u0131\u015f\u0131\u011fa, el\u0259c\u0259 d\u0259 h\u0259mr\u0259yliyin b\u0259rq\u0259rar olmas\u0131na b\u00f6y\u00fck z\u0259rb\u0259 vuran bir add\u0131m kimi qiym\u0259tl\u0259ndirilm\u0259lidir.<\/p>\n\n\n\n<p><strong>C\u0259miyy\u0259timizd\u0259 ba\u015f ver\u0259n b\u00fct\u00fcn bu deyil\u0259nl\u0259ri v\u0259 ac\u0131 h\u0259qiq\u0259tl\u0259ri m\u0259ntiqi ard\u0131c\u0131ll\u0131qla t\u0259hlil s\u00fczg\u0259cind\u0259n ke\u00e7ir\u0259rk\u0259n bug\u00fcnk\u00fc g\u00fcn\u00fcm\u00fcz v\u0259 g\u0259l\u0259c\u0259k inki\u015faf\u0131m\u0131z namin\u0259 q\u0259tiyy\u0259tl\u0259 bildirm\u0259liyik ki, milli m\u00fcst\u0259qilliyimizi, el\u0259c\u0259 d\u0259 d\u00f6vl\u0259t\u00e7iliyimizi qorumaqdan \u00f6tr\u00fc ayr\u0131-ayr\u0131 kimliyind\u0259n, m\u0259nliyind\u0259n, tutdu\u011fu v\u0259zif\u0259sind\u0259n v\u0259 partiya m\u0259nsubiyy\u0259tind\u0259n as\u0131l\u0131 olmayaraq, xalqa, mill\u0259t\u0259 qar\u015f\u0131 say\u011f\u0131s\u0131zl\u0131q, h\u00f6rm\u0259tsizlik ed\u0259n iki\u00fczl\u00fc, insan libas\u0131nda g\u0259z\u0259n, \u0259fi ilan d\u0259risind\u0259 s\u00fcr\u00fcn\u0259n riyakar adamlar t\u0259r\u0259find\u0259n at\u0131lan q\u0259r\u0259zli, m\u0259krli add\u0131mlar\u0131n qar\u015f\u0131s\u0131 birm\u0259nal\u0131 \u015f\u0259kild\u0259 al\u0131nmal\u0131d\u0131r.<\/strong><\/p>\n\n\n\n<p>T\u0259\u0259ss\u00fcf hissi il\u0259 d\u0259 olsa, g\u00f6st\u0259rm\u0259liyik ki, b\u0259zi m\u0259murlar y\u00fcks\u0259k v\u0259zif\u0259l\u0259rd\u0259 i\u015fl\u0259y\u0259rk\u0259n d\u00f6vl\u0259tin onlara etibar etdiyi s\u0259lahiyy\u0259tl\u0259rd\u0259n sui-istifad\u0259 ed\u0259r\u0259k, xalqla d\u00f6vl\u0259t aras\u0131nda u\u00e7urum yarad\u0131r. Bu, h\u0259m d\u0259 t\u0259bii olaraq sad\u0259 insanlarda m\u0259murlara qar\u015f\u0131 istehza v\u0259 nifr\u0259t hissl\u0259rini g\u00fccl\u0259ndirir. H\u0259min m\u0259murlar\u0131n \u00e7irkin \u0259m\u0259ll\u0259ri say\u0259sind\u0259 qeyri-qanuni yollarla \u0259ld\u0259 etdikl\u0259ri maddi-m\u0259n\u0259vi s\u0259rv\u0259tl\u0259r v\u0259 titullar d\u00f6vl\u0259t t\u0259r\u0259find\u0259n ara\u015fd\u0131r\u0131laraq \u00f6z h\u00fcquqi qiym\u0259tini almal\u0131d\u0131r. \u015e\u00fcbh\u0259 etmirik ki, xalq\u0131n s\u0259br kasas\u0131n\u0131 da\u015f\u0131ran bu tip adamlar \u00f6z layiqli c\u0259zalar\u0131n\u0131 alacaqlar. \u018fks halda, \u0259ld\u0259 etdiyimiz u\u011furlar t\u0259r\u0259qqiy\u0259 deyil, t\u0259n\u0259zz\u00fcl\u0259 do\u011fru yuvarlana bil\u0259r. Bu m\u0259nada q\u0259dim yunan filosofu Platonun t\u0259birinc\u0259 des\u0259k, \u201cD\u00f6vl\u0259ti s\u0131rt\u0131q u\u015faqlar v\u0259 h\u0259yas\u0131z qocalar idar\u0259 ed\u0259nd\u0259 haqq-\u0259dal\u0259t, \u015f\u0259r\u0259f v\u0259 l\u0259yaq\u0259t t\u0259r\u0259zisi pozulur\u201d v\u0259 g\u00f6rk\u0259mli Az\u0259rbaycan \u015fairi B\u0259xtiyar Vahabzad\u0259nin \u201cQorxuram d\u00fcnyaya bir zaman g\u0259l\u0259, insanlar ya\u015faya, insanl\u0131q \u00f6l\u0259\u201d k\u0259lamlar\u0131 bu g\u00fcn\u00fcm\u00fcz\u00fcn ac\u0131 h\u0259qiq\u0259tl\u0259ri il\u0259 h\u0259mah\u0259ng s\u0259sl\u0259nir\u201d.<\/p>\n\n\n\n<p><strong>P.S. M\u0259n nankorlu\u011fu l\u0259n\u0259tl\u0259y\u0259rk\u0259n, yax\u015f\u0131 tan\u0131d\u0131\u011f\u0131m insanlar\u0131 h\u0259r g\u00fcn tan\u0131maq ist\u0259yir\u0259m. Nankor insanlar\u0131n s\u0259lahiyy\u0259t k\u00fcrs\u00fcs\u00fcnd\u0259 bir da\u015f\u0131 artd\u0131qca, ki\u015filik k\u00fcrs\u00fcs\u00fcnd\u0259n bir da\u015f a\u015fa\u011f\u0131 d\u00fc\u015f\u00fcr\u201d.<\/strong><\/p>\n","protected":false},"excerpt":{"rendered":"<p>Bak\u0131n\u0131n sabiq icra ba\u015f\u00e7\u0131s\u0131 Hac\u0131bala Abutal\u0131bov AMEA-n\u0131n prezidenti Ramiz Mehdiyevi k\u0259skin \u015f\u0259kild\u0259 t\u0259nqid edib. Buna s\u0259b\u0259b pandemiya d\u00f6vr\u00fcnd\u0259 R. Mehdiyevin n\u0259v\u0259sinin toy m\u0259rasiminin ke\u00e7irilm\u0259si<\/p>\n","protected":false},"author":2,"featured_media":0,"comment_status":"closed","ping_status":"closed","sticky":false,"template":"","format":"standard","meta":{"footnotes":""},"categories":[15],"tags":[],"class_list":["post-13793","post","type-post","status-publish","format-standard","hentry","category-atmaca"],"aioseo_notices":[],"_links":{"self":[{"href":"https:\/\/fedai.az\/index.php?rest_route=\/wp\/v2\/posts\/13793","targetHints":{"allow":["GET"]}}],"collection":[{"href":"https:\/\/fedai.az\/index.php?rest_route=\/wp\/v2\/posts"}],"about":[{"href":"https:\/\/fedai.az\/index.php?rest_route=\/wp\/v2\/types\/post"}],"author":[{"embeddable":true,"href":"https:\/\/fedai.az\/index.php?rest_route=\/wp\/v2\/users\/2"}],"replies":[{"embeddable":true,"href":"https:\/\/fedai.az\/index.php?rest_route=%2Fwp%2Fv2%2Fcomments&post=13793"}],"version-history":[{"count":1,"href":"https:\/\/fedai.az\/index.php?rest_route=\/wp\/v2\/posts\/13793\/revisions"}],"predecessor-version":[{"id":13795,"href":"https:\/\/fedai.az\/index.php?rest_route=\/wp\/v2\/posts\/13793\/revisions\/13795"}],"wp:attachment":[{"href":"https:\/\/fedai.az\/index.php?rest_route=%2Fwp%2Fv2%2Fmedia&parent=13793"}],"wp:term":[{"taxonomy":"category","embeddable":true,"href":"https:\/\/fedai.az\/index.php?rest_route=%2Fwp%2Fv2%2Fcategories&post=13793"},{"taxonomy":"post_tag","embeddable":true,"href":"https:\/\/fedai.az\/index.php?rest_route=%2Fwp%2Fv2%2Ftags&post=13793"}],"curies":[{"name":"wp","href":"https:\/\/api.w.org\/{rel}","templated":true}]}}