{"id":13799,"date":"2020-08-25T00:49:37","date_gmt":"2020-08-24T20:49:37","guid":{"rendered":"http:\/\/fedai.az\/?p=13799"},"modified":"2020-08-25T00:49:38","modified_gmt":"2020-08-24T20:49:38","slug":"kim-cen-in-yenid%c9%99n-ol%c9%99-bil%c9%99r","status":"publish","type":"post","link":"https:\/\/fedai.az\/?p=13799","title":{"rendered":"Kim \u00c7en \u0130n yenid\u0259n \u00f6l\u0259 &#171;bil\u0259r&#187;"},"content":{"rendered":"\n<p><strong>\u00d6t\u0259n aylarda \u00f6ld\u00fcy\u00fc iddia edil\u0259n \u015eimali Koreya lideri Kim \u00c7en \u0130n\u0131n yenid\u0259n h\u0259yat\u0131na t\u0259hl\u00fck\u0259 yarand\u0131\u011f\u0131 v\u0259 komaya d\u00fc\u015fd\u00fcy\u00fc x\u0259b\u0259ri yay\u0131l\u0131b. D\u00fcnyan\u0131 t\u0259siri alt\u0131na alan yeni tip koronavirus pandemiyas\u0131 d\u00f6vr\u00fcnd\u0259 Kim \u00c7en \u0130n\u0131n komaya d\u00fc\u015fd\u00fcy\u00fc v\u0259 hakimiyy\u0259td\u0259n getdiyi iddia olunur.\u00a0<\/strong><\/p>\n\n\n\n<p>Bu bar\u0259d\u0259 C\u0259nubi Koreya m\u0259tbuat\u0131nda x\u0259b\u0259rl\u0259r yay\u0131l\u0131b. M\u0259lumatlarda qeyd olunur ki, Kim \u00c7en \u0130n komaya d\u00fc\u015f\u00fcb, lakin h\u0259yatdad\u0131r. \u00d6lk\u0259 m\u0259tbuat\u0131 \u015eimali Koreya liderinin media t\u0259msil\u00e7il\u0259ri qar\u015f\u0131s\u0131na \u00e7ox \u00e7\u0131xmamas\u0131n\u0131 s\u0259hh\u0259tind\u0259 yaranan probleml\u0259rl\u0259 \u0259laq\u0259li oldu\u011funu yaz\u0131b.<\/p>\n\n\n\n<p>M\u0259lumatlarda \u00f6lk\u0259ni Kim \u00c7en \u0130n\u0131n qarda\u015f\u0131 Kim Yo Conun idar\u0259 etdiyi bildirilir.\u00a0<\/p>\n","protected":false},"excerpt":{"rendered":"<p>\u00d6t\u0259n aylarda \u00f6ld\u00fcy\u00fc iddia edil\u0259n \u015eimali Koreya lideri Kim \u00c7en \u0130n\u0131n yenid\u0259n h\u0259yat\u0131na t\u0259hl\u00fck\u0259 yarand\u0131\u011f\u0131 v\u0259 komaya d\u00fc\u015fd\u00fcy\u00fc x\u0259b\u0259ri yay\u0131l\u0131b. D\u00fcnyan\u0131 t\u0259siri alt\u0131na alan<\/p>\n","protected":false},"author":2,"featured_media":0,"comment_status":"closed","ping_status":"closed","sticky":false,"template":"","format":"standard","meta":{"footnotes":""},"categories":[13],"tags":[],"class_list":["post-13799","post","type-post","status-publish","format-standard","hentry","category-xarici"],"aioseo_notices":[],"_links":{"self":[{"href":"https:\/\/fedai.az\/index.php?rest_route=\/wp\/v2\/posts\/13799","targetHints":{"allow":["GET"]}}],"collection":[{"href":"https:\/\/fedai.az\/index.php?rest_route=\/wp\/v2\/posts"}],"about":[{"href":"https:\/\/fedai.az\/index.php?rest_route=\/wp\/v2\/types\/post"}],"author":[{"embeddable":true,"href":"https:\/\/fedai.az\/index.php?rest_route=\/wp\/v2\/users\/2"}],"replies":[{"embeddable":true,"href":"https:\/\/fedai.az\/index.php?rest_route=%2Fwp%2Fv2%2Fcomments&post=13799"}],"version-history":[{"count":1,"href":"https:\/\/fedai.az\/index.php?rest_route=\/wp\/v2\/posts\/13799\/revisions"}],"predecessor-version":[{"id":13801,"href":"https:\/\/fedai.az\/index.php?rest_route=\/wp\/v2\/posts\/13799\/revisions\/13801"}],"wp:attachment":[{"href":"https:\/\/fedai.az\/index.php?rest_route=%2Fwp%2Fv2%2Fmedia&parent=13799"}],"wp:term":[{"taxonomy":"category","embeddable":true,"href":"https:\/\/fedai.az\/index.php?rest_route=%2Fwp%2Fv2%2Fcategories&post=13799"},{"taxonomy":"post_tag","embeddable":true,"href":"https:\/\/fedai.az\/index.php?rest_route=%2Fwp%2Fv2%2Ftags&post=13799"}],"curies":[{"name":"wp","href":"https:\/\/api.w.org\/{rel}","templated":true}]}}