{"id":13802,"date":"2020-08-25T00:52:35","date_gmt":"2020-08-24T20:52:35","guid":{"rendered":"http:\/\/fedai.az\/?p=13802"},"modified":"2020-08-25T00:52:36","modified_gmt":"2020-08-24T20:52:36","slug":"erm%c9%99nil%c9%99r-gurcustanda-az%c9%99rbaycanlilara-hucum-etdi","status":"publish","type":"post","link":"https:\/\/fedai.az\/?p=13802","title":{"rendered":"Erm\u0259nil\u0259r G\u00fcrc\u00fcstanda az\u0259rbaycanl\u0131lara h\u00fccum etdi"},"content":{"rendered":"\n<p><strong>G\u00fcrc\u00fcstan\u0131n Nonitsminda munsipalitetinin Toriya k\u0259ndind\u0259 az\u0259rbaycanl\u0131lar v\u0259 erm\u0259nil\u0259r aras\u0131nda k\u00fctl\u0259vi dava olub.<\/strong><\/p>\n\n\n\n<p>Yerli median\u0131n m\u0259lumat\u0131na g\u00f6r\u0259, istinad\u0259n x\u0259b\u0259r verir ki, davaya s\u0259b\u0259b mal-qaran\u0131n qon\u015fu \u00f6r\u00fc\u015f sah\u0259sin\u0259 girm\u0259si, torpaq sahibl\u0259rinin is\u0259 heyvanlar\u0131 qovmas\u0131na g\u00f6r\u0259 ba\u015flay\u0131b.<\/p>\n\n\n\n<p>Toriuya k\u0259ndind\u0259ki \u00f6r\u00fc\u015fd\u0259n mal-qaralar\u0131n\u0131 aparma\u011fa g\u0259l\u0259n az\u0259rbaycanl\u0131lar h\u00fccuma m\u0259ruz qal\u0131b. Hadis\u0259 i\u015ftirak\u00e7\u0131lar\u0131ndan biri armenpress.am sayt\u0131na a\u00e7\u0131qlamas\u0131nda az\u0259rbaycanl\u0131lara h\u00fccum etdikl\u0259rini t\u0259sdiql\u0259yib.&nbsp;<\/p>\n\n\n\n<p>&nbsp;&#171;Az\u0259rbaycanl\u0131lar 3-4 ma\u015f\u0131nda g\u0259ldil\u0259r. Biz onlardan \u00e7ox idik v\u0259 davaya ba\u015flad\u0131q. Bizd\u0259n 3 n\u0259f\u0259ri tutublar&#187;-dey\u0259 o dan\u0131\u015f\u0131b.<\/p>\n\n\n\n<p>G\u00fcrc\u00fcstan polisi faktla ba\u011fl\u0131 11 n\u0259f\u0259ri saxlay\u0131b. Onlar\u0131n \u0259ks\u0259riyy\u0259tinin erm\u0259ni oldu\u011fu bildirilir. Bir ne\u00e7\u0259 saatdan sonra onlar\u0131n ham\u0131s\u0131 azadl\u0131\u011fa burax\u0131l\u0131blar. G\u00fcrc\u00fcstan polisi 2 madd\u0259 il\u0259 cinay\u0259t i\u015fi a\u00e7\u0131b.\u00a0<strong>(Modern.az)<\/strong><\/p>\n","protected":false},"excerpt":{"rendered":"<p>G\u00fcrc\u00fcstan\u0131n Nonitsminda munsipalitetinin Toriya k\u0259ndind\u0259 az\u0259rbaycanl\u0131lar v\u0259 erm\u0259nil\u0259r aras\u0131nda k\u00fctl\u0259vi dava olub. Yerli median\u0131n m\u0259lumat\u0131na g\u00f6r\u0259, istinad\u0259n x\u0259b\u0259r verir ki, davaya s\u0259b\u0259b mal-qaran\u0131n qon\u015fu<\/p>\n","protected":false},"author":2,"featured_media":0,"comment_status":"closed","ping_status":"closed","sticky":false,"template":"","format":"standard","meta":{"footnotes":""},"categories":[3],"tags":[],"class_list":["post-13802","post","type-post","status-publish","format-standard","hentry","category-gundm"],"aioseo_notices":[],"_links":{"self":[{"href":"https:\/\/fedai.az\/index.php?rest_route=\/wp\/v2\/posts\/13802","targetHints":{"allow":["GET"]}}],"collection":[{"href":"https:\/\/fedai.az\/index.php?rest_route=\/wp\/v2\/posts"}],"about":[{"href":"https:\/\/fedai.az\/index.php?rest_route=\/wp\/v2\/types\/post"}],"author":[{"embeddable":true,"href":"https:\/\/fedai.az\/index.php?rest_route=\/wp\/v2\/users\/2"}],"replies":[{"embeddable":true,"href":"https:\/\/fedai.az\/index.php?rest_route=%2Fwp%2Fv2%2Fcomments&post=13802"}],"version-history":[{"count":1,"href":"https:\/\/fedai.az\/index.php?rest_route=\/wp\/v2\/posts\/13802\/revisions"}],"predecessor-version":[{"id":13804,"href":"https:\/\/fedai.az\/index.php?rest_route=\/wp\/v2\/posts\/13802\/revisions\/13804"}],"wp:attachment":[{"href":"https:\/\/fedai.az\/index.php?rest_route=%2Fwp%2Fv2%2Fmedia&parent=13802"}],"wp:term":[{"taxonomy":"category","embeddable":true,"href":"https:\/\/fedai.az\/index.php?rest_route=%2Fwp%2Fv2%2Fcategories&post=13802"},{"taxonomy":"post_tag","embeddable":true,"href":"https:\/\/fedai.az\/index.php?rest_route=%2Fwp%2Fv2%2Ftags&post=13802"}],"curies":[{"name":"wp","href":"https:\/\/api.w.org\/{rel}","templated":true}]}}