{"id":13805,"date":"2020-08-25T01:00:16","date_gmt":"2020-08-24T21:00:16","guid":{"rendered":"http:\/\/fedai.az\/?p=13805"},"modified":"2020-08-25T01:00:34","modified_gmt":"2020-08-24T21:00:34","slug":"lukasenko-vertolyotdan-baxib-etirazcilari-sicovul-adlandirdi-video","status":"publish","type":"post","link":"https:\/\/fedai.az\/?p=13805","title":{"rendered":"Luka\u015fenko vertolyotdan bax\u0131b etiraz\u00e7\u0131lar\u0131 \u201csi\u00e7ovul\u201d adland\u0131rd\u0131 \u2013 Video"},"content":{"rendered":"\n<p><strong>Belarus prezidenti Aleksandr Luka\u015fenko \u00f6t\u0259n g\u00fcn ax\u015fam, m\u00fcxalif\u0259t t\u0259r\u0259fdarlar\u0131n\u0131n izdihaml\u0131 aksiyas\u0131n\u0131n ke\u00e7irildiyi saatlarda vertolyotla Minskd\u0259ki iqam\u0259tgah\u0131na ged\u0259rk\u0259n etiraz\u00e7\u0131lar\u0131 \u201csi\u00e7ovul\u201d adland\u0131r\u0131b. Luka\u015fenkonun vertolyotundan videonu \u015f\u0259rhl\u0259 BELTA agentliyi \u00f6z\u00fcn\u00fcn Telegram-kanal\u0131nda yerl\u0259\u015fdirib.<\/strong><\/p>\n\n\n\n<p>Videoyaz\u0131da e\u015fidilir ki, Luka\u015fenko vertolyotla Minskin \u00fcz\u0259rind\u0259n u\u00e7ark\u0259n pilotlardan M\u00fcst\u0259qillik Saray\u0131 qar\u015f\u0131s\u0131ndak\u0131 prospekt\u0259 yax\u0131n u\u00e7ma\u011f\u0131 xahi\u015f edir. Cavab\u0131nda onu m\u00fc\u015faiy\u0259t ed\u0259nl\u0259rd\u0259n biri n\u00fcmayi\u015f\u00e7il\u0259rin harada oldu\u011funu soru\u015fur, d\u00f6vl\u0259t ba\u015f\u00e7\u0131s\u0131 is\u0259 deyir ki, onlar \u201cs\u0259rt cavab haqda e\u015fid\u0259r\u0259k si\u00e7ovul kimi qa\u00e7d\u0131lar\u201d.<\/p>\n\n\n\n<figure class=\"wp-block-image size-large is-resized\"><img loading=\"lazy\" decoding=\"async\" src=\"http:\/\/fedai.az\/wp-content\/uploads\/2020\/08\/image.jpg\" alt=\"\" class=\"wp-image-13806\" width=\"916\" height=\"481\" srcset=\"https:\/\/fedai.az\/wp-content\/uploads\/2020\/08\/image.jpg 600w, https:\/\/fedai.az\/wp-content\/uploads\/2020\/08\/image-300x158.jpg 300w, https:\/\/fedai.az\/wp-content\/uploads\/2020\/08\/image-150x79.jpg 150w\" sizes=\"auto, (max-width: 916px) 100vw, 916px\" \/><\/figure>\n\n\n\n<p>Xat\u0131rladaq ki, Luka\u015fenko iqam\u0259tgah\u0131na vertolyotla u\u00e7ub v\u0259 h\u0259m \u00f6z\u00fcn\u00fcn, h\u0259m o\u011flu Kolyan\u0131n \u0259lind\u0259 avtomat olub. Zirehli g\u00f6d\u0259kc\u0259 geyin\u0259n Luka\u015fenko iqam\u0259tgah\u0131 qoruyan OMON-\u00e7ulara yax\u0131nla\u015faraq onlar\u0131 t\u0259rifl\u0259yib. Cavab\u0131nda OMON-\u00e7ular onu alq\u0131\u015flay\u0131blar v\u0259 \u201cax\u0131ra q\u0259d\u0259r m\u00fcdafi\u0259 ed\u0259c\u0259kl\u0259rini\u201d deyibl\u0259r.(Virtualaz.org)<\/p>\n\n\n\n<figure class=\"wp-block-embed-youtube wp-block-embed is-type-video is-provider-youtube wp-embed-aspect-16-9 wp-has-aspect-ratio\"><div class=\"wp-block-embed__wrapper\">\n<iframe loading=\"lazy\" title=\"&quot;\u041a\u0430\u043a \u043a\u0440\u044b\u0441\u044b \u0420\u0410\u0417\u0411\u0415\u0416\u0410\u041b\u0418\u0421\u042c!&quot; \u041f\u043e\u044f\u0432\u0438\u043b\u0438\u0441\u044c \u043a\u0430\u0434\u0440\u044b, \u043a\u0430\u043a \u041b\u0443\u043a\u0430\u0448\u0435\u043d\u043a\u043e \u0441 \u0441\u044b\u043d\u043e\u043c \u043b\u0435\u0442\u044f\u0442 \u043d\u0430 \u0432\u0435\u0440\u0442\u043e\u043b\u0435\u0442\u0435 \u043d\u0430\u0434 \u041c\u0438\u043d\u0441\u043a\u043e\u043c!\" width=\"715\" height=\"402\" src=\"https:\/\/www.youtube.com\/embed\/qF8zMBAB-js?feature=oembed\" frameborder=\"0\" allow=\"accelerometer; autoplay; encrypted-media; gyroscope; picture-in-picture\" allowfullscreen><\/iframe>\n<\/div><\/figure>\n","protected":false},"excerpt":{"rendered":"<p>Belarus prezidenti Aleksandr Luka\u015fenko \u00f6t\u0259n g\u00fcn ax\u015fam, m\u00fcxalif\u0259t t\u0259r\u0259fdarlar\u0131n\u0131n izdihaml\u0131 aksiyas\u0131n\u0131n ke\u00e7irildiyi saatlarda vertolyotla Minskd\u0259ki iqam\u0259tgah\u0131na ged\u0259rk\u0259n etiraz\u00e7\u0131lar\u0131 \u201csi\u00e7ovul\u201d adland\u0131r\u0131b. Luka\u015fenkonun vertolyotundan videonu \u015f\u0259rhl\u0259<\/p>\n","protected":false},"author":2,"featured_media":13807,"comment_status":"closed","ping_status":"closed","sticky":false,"template":"","format":"standard","meta":{"footnotes":""},"categories":[13],"tags":[],"class_list":["post-13805","post","type-post","status-publish","format-standard","has-post-thumbnail","hentry","category-xarici"],"aioseo_notices":[],"_links":{"self":[{"href":"https:\/\/fedai.az\/index.php?rest_route=\/wp\/v2\/posts\/13805","targetHints":{"allow":["GET"]}}],"collection":[{"href":"https:\/\/fedai.az\/index.php?rest_route=\/wp\/v2\/posts"}],"about":[{"href":"https:\/\/fedai.az\/index.php?rest_route=\/wp\/v2\/types\/post"}],"author":[{"embeddable":true,"href":"https:\/\/fedai.az\/index.php?rest_route=\/wp\/v2\/users\/2"}],"replies":[{"embeddable":true,"href":"https:\/\/fedai.az\/index.php?rest_route=%2Fwp%2Fv2%2Fcomments&post=13805"}],"version-history":[{"count":1,"href":"https:\/\/fedai.az\/index.php?rest_route=\/wp\/v2\/posts\/13805\/revisions"}],"predecessor-version":[{"id":13808,"href":"https:\/\/fedai.az\/index.php?rest_route=\/wp\/v2\/posts\/13805\/revisions\/13808"}],"wp:featuredmedia":[{"embeddable":true,"href":"https:\/\/fedai.az\/index.php?rest_route=\/wp\/v2\/media\/13807"}],"wp:attachment":[{"href":"https:\/\/fedai.az\/index.php?rest_route=%2Fwp%2Fv2%2Fmedia&parent=13805"}],"wp:term":[{"taxonomy":"category","embeddable":true,"href":"https:\/\/fedai.az\/index.php?rest_route=%2Fwp%2Fv2%2Fcategories&post=13805"},{"taxonomy":"post_tag","embeddable":true,"href":"https:\/\/fedai.az\/index.php?rest_route=%2Fwp%2Fv2%2Ftags&post=13805"}],"curies":[{"name":"wp","href":"https:\/\/api.w.org\/{rel}","templated":true}]}}