{"id":13814,"date":"2020-08-25T01:31:41","date_gmt":"2020-08-24T21:31:41","guid":{"rendered":"http:\/\/fedai.az\/?p=13814"},"modified":"2020-08-25T01:31:42","modified_gmt":"2020-08-24T21:31:42","slug":"nizamnam%c9%99y%c9%99-%c9%99m%c9%99l-etm%c9%99y%c9%99nl%c9%99r-t%c9%99skilatdan-uzaqlasdirilacaqlar","status":"publish","type":"post","link":"https:\/\/fedai.az\/?p=13814","title":{"rendered":"Nizamnam\u0259y\u0259 \u0259m\u0259l etm\u0259y\u0259nl\u0259r t\u0259\u015fkilatdan uzaqla\u015fd\u0131r\u0131lacaqlar"},"content":{"rendered":"\n<p><strong>Son zamanlar Az\u0259rbaycan V\u0259t\u0259n M\u00fcharib\u0259si Veteranlar\u0131 \u0130ctimai Birliyi \u015eamax\u0131 rayon \u015f\u00f6b\u0259si \u0259traf\u0131nda bir qrup m\u00fcharib\u0259 veteran\u0131n\u0131n veteran ad\u0131na yara\u015fmayan h\u0259r\u0259k\u0259tl\u0259ri \u0130dar\u0259 Hey\u0259ti \u00fczvl\u0259rinin v\u0259 Birlik r\u0259hb\u0259rliyinin ciddi naraz\u0131l\u0131\u011f\u0131na s\u0259b\u0259b olub. N\u0259tic\u0259d\u0259 bu pozuculuq i\u015fl\u0259ri il\u0259 m\u0259\u015f\u011ful olan m\u00fcharib\u0259 veteranlar\u0131 t\u0259\u015fkilat\u0131n \u00fczvl\u00fcy\u00fcnd\u0259n xaric edilibl\u0259r. M\u0259s\u0259l\u0259 il\u0259 ba\u011fl\u0131 AVMV\u0130B s\u0259drinin t\u0259\u015fkilati i\u015fl\u0259r \u00fczr\u0259 m\u00fcavini Vahid Abdur\u0259hmanova m\u00fcraci\u0259t etdik.<\/strong><\/p>\n\n\n\n<figure class=\"wp-block-image size-large is-resized\"><img loading=\"lazy\" decoding=\"async\" src=\"http:\/\/fedai.az\/wp-content\/uploads\/2020\/08\/96380864_2599305820327354_3550676938508992512_n-715x400-1.jpg\" alt=\"\" class=\"wp-image-13815\" width=\"370\" height=\"207\" srcset=\"https:\/\/fedai.az\/wp-content\/uploads\/2020\/08\/96380864_2599305820327354_3550676938508992512_n-715x400-1.jpg 715w, https:\/\/fedai.az\/wp-content\/uploads\/2020\/08\/96380864_2599305820327354_3550676938508992512_n-715x400-1-300x168.jpg 300w, https:\/\/fedai.az\/wp-content\/uploads\/2020\/08\/96380864_2599305820327354_3550676938508992512_n-715x400-1-150x84.jpg 150w\" sizes=\"auto, (max-width: 370px) 100vw, 370px\" \/><\/figure>\n\n\n\n<p><strong>AVMV\u0130B s\u0259drinin t\u0259\u015fkilati i\u015fl\u0259r \u00fczr\u0259 m\u00fcavini Vahid Abdur\u0259hmanov m\u0259s\u0259l\u0259y\u0259 m\u00fcnasib\u0259t bildir\u0259r\u0259k dedi:<\/strong> &#171;\u015eamax\u0131da bel\u0259 bir analoqsuz hal ba\u015f verib. \u00d6z aralar\u0131nda s\u00f6vd\u0259l\u0259\u015fib, AVMV\u0130B Nizamn\u0259m\u0259sini v\u0259 &#171;\u0130ctimai Birlikl\u0259r haqq\u0131nda&#187; Respublika Qanununu he\u00e7\u0259 sayaraq R\u0259hb\u0259rlik ad\u0131ndan q\u0259rarlar q\u0259bul etmi\u015fl\u0259r. Bu yanl\u0131\u015f yana\u015fmad\u0131r v\u0259 bizim t\u0259r\u0259fimizd\u0259n q\u0259buledilm\u0259z say\u0131l\u0131r. \u00c7\u00fcnki AVMV\u0130B r\u0259hb\u0259rliyi bel\u0259 bir s\u0259lahiyy\u0259ti, t\u0259msil\u00e7ilik h\u00fcququnu, yaln\u0131z AVMV\u0130B \u015eamax\u0131 rayon \u015f\u00f6b\u0259sinin s\u0259dri Fuad \u015e\u0259miyev\u0259 vermi\u015fik v\u0259 o Birliyi rayonda t\u0259msil ed\u0259 bil\u0259r. Etiraz\u00e7\u0131lar\u0131n he\u00e7 d\u0259 ham\u0131s\u0131 AVMV\u0130B-nin f\u0259allar\u0131 olmay\u0131blar. \u018fg\u0259r iddias\u0131z olaraq birliyin inki\u015faf\u0131n\u0131 ist\u0259s\u0259ydil\u0259r, bu ist\u0259y\u0259 adekvat olmayan add\u0131mlar atmazd\u0131lar. M\u00f6vcud qanunvericilik akt\u0131n\u0131, \u0130B-in Nizamnam\u0259sini he\u00e7\u0259 sayanlarla bir arada ola bilm\u0259rik. Nizamnam\u0259y\u0259 \u0259m\u0259l etm\u0259y\u0259nl\u0259r t\u0259\u015fkilatdan uzaqla\u015fd\u0131r\u0131lacaqlar. Bu, bizim q\u0259ti q\u0259rar\u0131m\u0131zd\u0131r v\u0259 bunu t\u0259\u015fkilatla daim \u00fcns\u00fcyy\u0259td\u0259 olan \u00fczvl\u0259rimiz yax\u015f\u0131 bilirl\u0259r. Biz h\u00fcquqi d\u00f6vl\u0259td\u0259 ya\u015fay\u0131r v\u0259 onun qanunlar\u0131n\u0131n m\u00fc\u0259yy\u0259n etdiyi qaydalar\u0131 t\u0259tbiq edirik. Bir veteran t\u0259\u015fkilat\u0131 olaraq, bu naraz\u0131 qrupu dinl\u0259dik v\u0259 t\u0259\u015fkilat r\u0259hb\u0259rliyinin 3 n\u0259f\u0259r y\u00fcks\u0259k v\u0259zif\u0259li t\u0259msil\u00e7isi pandemiyaya karantini bel\u0259 g\u00f6z\u0259 alaraq rayonda ezamiyy\u0259td\u0259 oldular. Lakin r\u0259hb\u0259rliyin pandemiya il\u0259 ba\u011fl\u0131 yaln\u0131z iki n\u0259f\u0259r olmaqla q\u0259bul t\u0259klifin\u0259 h\u00f6rm\u0259tsizc\u0259sin\u0259 yana\u015fmalar\u0131, n\u0259inki t\u0259\u015fkilat \u00fczv\u00fcn\u0259, h\u0259tta \u00fczv\u00fcm\u00fcz olmayan h\u0259r bir d\u00f6y\u00fc\u015f\u00e7\u00fcy\u0259 yara\u015fmayan bir h\u0259r\u0259k\u0259t kimi d\u0259y\u0259rl\u0259ndirildi. Biz r\u0259hb\u0259rlik ad\u0131na Nizamnam\u0259y\u0259 uy\u011fun b\u00fct\u00fcn add\u0131mlar\u0131 art\u0131qlamas\u0131 il\u0259 atd\u0131q, lakin \u0259ks t\u0259r\u0259fd\u0259 \u00f6z Nizamnam\u0259 v\u0259zif\u0259l\u0259rin\u0259 etinas\u0131zl\u0131q v\u0259 h\u00f6rm\u0259tsizlik g\u00f6rd\u00fck. M\u0259hz buna g\u00f6r\u0259 d\u0259 yollar\u0131m\u0131z\u0131 ay\u0131rmaq q\u0259rar\u0131n\u0131 yekdillikl\u0259 verdik.<\/p>\n\n\n\n<p>H\u00fcquqi bax\u0131mdan bu n\u00fcanslar d\u0259f\u0259l\u0259rl\u0259 izah edilm\u0259sin\u0259 r\u0259\u011fm\u0259n s\u0131ravi \u00fczvl\u0259rin iddialar\u0131 Nizamnam\u0259n il\u0259 ciddi sur\u0259td\u0259 ziddiyy\u0259t t\u0259\u015fkil edir. &#171;\u0130ctimai Birlikl\u0259r haqq\u0131nda&#187; Respublika Qanunun &#171;Madd\u0259 7. Qeyri-h\u00f6kum\u0259t t\u0259\u015fkilat\u0131n\u0131n filial v\u0259 n\u00fcmay\u0259nd\u0259likl\u0259ri&#187; madd\u0259sind\u0259 a\u015fkar g\u00f6st\u0259rilir: &#171;7.5. Filial v\u0259 n\u00fcmay\u0259nd\u0259liyin r\u0259hb\u0259rl\u0259ri qeyri-h\u00f6kum\u0259t t\u0259\u015fkilat\u0131 t\u0259r\u0259find\u0259n t\u0259yin edilir v\u0259 qeyri-h\u00f6kum\u0259t t\u0259\u015fkilat\u0131 t\u0259r\u0259find\u0259n veril\u0259n s\u0259lahiyy\u0259t dair\u0259sind\u0259 f\u0259aliyy\u0259t g\u00f6st\u0259rir. \u018fcn\u0259bi v\u0259 ya v\u0259t\u0259nda\u015fl\u0131\u011f\u0131 olmayan \u015f\u0259xsl\u0259r, habel\u0259 xarici h\u00fcquqi \u015f\u0259xsl\u0259r t\u0259r\u0259find\u0259n t\u0259sis edilmi\u015f qeyri-h\u00f6kum\u0259t t\u0259\u015fkilatlar\u0131n\u0131n, el\u0259c\u0259 d\u0259 xarici d\u00f6vl\u0259tl\u0259rin qeyri-h\u00f6kum\u0259t t\u0259\u015fkilatlar\u0131n\u0131n filial v\u0259 n\u00fcmay\u0259nd\u0259likl\u0259rinin r\u0259hb\u0259rl\u0259rinin m\u00fcavinl\u0259ri Az\u0259rbaycan Respublikas\u0131n\u0131n v\u0259t\u0259nda\u015flar\u0131 olmal\u0131d\u0131rlar. Xarici d\u00f6vl\u0259tin qeyri-h\u00f6kum\u0259t t\u0259\u015fkilat\u0131n\u0131n filial\u0131n\u0131n v\u0259 n\u00fcmay\u0259nd\u0259liyinin r\u0259hb\u0259rinin t\u0259yin edilm\u0259si bar\u0259d\u0259 s\u0259n\u0259dd\u0259 onun s\u0259lahiyy\u0259t m\u00fcdd\u0259ti g\u00f6st\u0259rilm\u0259lidir.&#187; Eyni m\u00fcdd\u0259a Qanunun verdiyi t\u0259l\u0259bl\u0259r\u0259 uy\u011fun \u015f\u0259kild\u0259 AVMV\u0130B Nizamnam\u0259sind\u0259 \u00f6z \u0259ksini tap\u0131b. H\u0259m\u00e7inin rayon \u015f\u00f6b\u0259sinin \u018fsasnam\u0259sind\u0259 d\u0259 ayd\u0131n \u015f\u0259kild\u0259 yaz\u0131l\u0131b: &#171;4.3 \u015e\u00f6b\u0259 s\u0259dri:<\/p>\n\n\n\n<p>\u2013\u015f\u00f6b\u0259nin s\u0259dri AVMV\u0130B s\u0259dri t\u0259r\u0259find\u0259n t\u0259yin edilir:<\/p>\n\n\n\n<p>-\u015f\u00f6b\u0259nin qar\u015f\u0131s\u0131nda duran v\u0259zif\u0259l\u0259rin icras\u0131n\u0131 t\u0259\u015fkil edir.<\/p>\n\n\n\n<p>\u00d6z\u0259k s\u0259dirl\u0259rini t\u0259sdiq edir.&#187;<\/p>\n\n\n\n<p>AVMV\u0130B \u0130dar\u0259 Hey\u0259ti v\u0259 NTK bu m\u0259s\u0259l\u0259y\u0259 3 d\u0259f\u0259 baxm\u0131\u015f v\u0259 n\u0259hay\u0259td\u0259 \u00f6z q\u0259rarlar\u0131n\u0131 vermi\u015fl\u0259r. Edil\u0259n m\u00fcraci\u0259tl\u0259r, sad\u0259c\u0259 \u0259sasland\u0131r\u0131lmam\u0131\u015f c\u0131\u011fall\u0131q kimi qiym\u0259tl\u0259ndirilmi\u015fdir. T\u00f6vsiyy\u0259 edir\u0259m ki, \u00f6lk\u0259d\u0259 100-d\u0259n art\u0131q m\u00fcharib\u0259 il\u0259 ba\u011fl\u0131 t\u0259\u015fkilat m\u00f6vcuddur. Bizim Nizamnam\u0259y\u0259 tabe olmaq ist\u0259m\u0259y\u0259nl\u0259r qeyri t\u0259\u015fkilatlarda \u00f6z f\u0259aliyy\u0259tl\u0259rini davam etdir\u0259 bil\u0259rl\u0259r. H\u0259m AVMV\u0130B Nizamnam\u0259sind\u0259, h\u0259m d\u0259 rayon \u015f\u00f6b\u0259l\u0259rinin \u018fsasnam\u0259l\u0259rind\u0259 \u00fczvl\u00fckd\u0259n azad edilm\u0259 bar\u0259d\u0259 yaz\u0131l\u0131b:<\/p>\n\n\n\n<p>AVMV\u0130B \u00fczvl\u0259ri a\u015fa\u011f\u0131dak\u0131 hallarda \u00fczvl\u00fckd\u0259n azad edilir:<\/p>\n\n\n\n<p>a) bu \u018fsasnam\u0259y\u0259 v\u0259 t\u0259\u015fkilat\u0131n r\u0259hb\u0259r orqanlar\u0131n\u0131n q\u0259rar v\u0259 g\u00f6st\u0259ri\u015fl\u0259rin\u0259<\/p>\n\n\n\n<p>\u0259m\u0259l etm\u0259dikd\u0259:<\/p>\n\n\n\n<p>b) \u00fczvl\u00fck haqq\u0131n\u0131n \u00fcz\u00fcrl\u00fc s\u0259b\u0259b olmadan 6 ay m\u00fcdd\u0259tin\u0259 ard\u0131c\u0131l \u00f6d\u0259nilm\u0259dikd\u0259:<\/p>\n\n\n\n<p>c) AVMV\u0130B \u00fczv\u00fcl\u00fcy\u00fc istisna ed\u0259n hallar yarand\u0131qda :<\/p>\n\n\n\n<p>d) AVMV\u0130B-nin ad\u0131na l\u0259k\u0259 g\u0259tir\u0259 bil\u0259c\u0259k hallara yol verildikd\u0259.<\/p>\n\n\n\n<p><strong>Bu g\u00fcn, m\u0259n AVMV\u0130B \u00fczv\u00fcy\u0259m deyib yaxa c\u0131ranlardan kim, bu t\u0259l\u0259bl\u0259rin \u0259ksin\u0259 f\u0259aliyy\u0259t g\u00f6st\u0259rib? \u018fsasnam\u0259y\u0259 v\u0259 t\u0259\u015fkilat r\u0259hb\u0259rliyinin g\u00f6st\u0259ri\u015fl\u0259rin\u0259 zidd h\u0259r\u0259k\u0259t g\u00f6st\u0259r\u0259nl\u0259r\u0259, 6 ay deyil, ill\u0259rc\u0259 \u00fczvl\u00fck haqq\u0131 verm\u0259y\u0259nl\u0259r\u0259 v\u0259 \u0259n n\u0259hay\u0259t AVMV\u0130B ad\u0131na l\u0259k\u0259 g\u0259tir\u0259n, \u0259n az\u0131 t\u0259hqiramiz \u015f\u0259kild\u0259 \u015f\u00f6b\u0259nin ad\u0131 \u0259ks olunmu\u015f trafaretin o\u011furlanmas\u0131na siz \u00f6z\u00fcn\u00fcz hans\u0131 c\u0259zan\u0131 ver\u0259rdinizs\u0259, biz d\u0259 el\u0259 o c\u0259zan\u0131 veririk.&#187;<\/strong><\/p>\n\n\n\n<figure class=\"wp-block-image size-large is-resized\"><img loading=\"lazy\" decoding=\"async\" src=\"http:\/\/fedai.az\/wp-content\/uploads\/2020\/08\/JG95IR-715x400-1.jpg\" alt=\"\" class=\"wp-image-13816\" width=\"361\" height=\"202\" srcset=\"https:\/\/fedai.az\/wp-content\/uploads\/2020\/08\/JG95IR-715x400-1.jpg 715w, https:\/\/fedai.az\/wp-content\/uploads\/2020\/08\/JG95IR-715x400-1-300x168.jpg 300w, https:\/\/fedai.az\/wp-content\/uploads\/2020\/08\/JG95IR-715x400-1-150x84.jpg 150w\" sizes=\"auto, (max-width: 361px) 100vw, 361px\" \/><\/figure>\n\n\n\n<p>Ba\u015f ver\u0259n olaylarla ba\u011fl\u0131 <strong>AVMV\u0130B s\u0259drinin sosial v\u0259 h\u00fcquqi m\u0259s\u0259l\u0259l\u0259r \u00fczr\u0259 m\u00fcavini Abbas H\u00fcseynli<\/strong> d\u0259 \u00f6z m\u00fcnasib\u0259tini bildirdi: &#187; Do\u011frusu bu c\u00fcr neqativ hallar\u0131n olmas\u0131n\u0131 ist\u0259m\u0259zdik. Amma m\u0259s\u0259l\u0259nin k\u00f6k\u00fcnd\u0259 t\u0259\u015fkilat\u0131n hesab\u0131na \u00f6z\u00fcn\u0259 g\u00fcn-g\u00fczaran quran birisinin olmas\u0131n\u0131 da art\u0131q ayd\u0131nla\u015fd\u0131rm\u0131\u015f\u0131q. Birincisi, m\u00fcharib\u0259d\u0259 i\u015ftirak etmi\u015f \u015f\u0259xsl\u0259r bir-birin\u0259 qar\u015f\u0131 bu c\u00fcr q\u0259r\u0259zli olmamal\u0131d\u0131rlar. Ola bilirl\u0259rs\u0259, n\u0259s\u0259 \u015f\u00fcbh\u0259li m\u0259qam m\u00f6vcuddur. X\u00fcsus\u0259n AVMV\u0130B r\u0259hb\u0259rliyind\u0259 t\u0259msil olan \u015f\u0259xsl\u0259r\u0259, AVMV\u0130B s\u0259drinin I m\u00fcavini Kamil \u015eirinov, AVMV\u0130B s\u0259drinin ictimaiyy\u0259tl\u0259 \u0259laq\u0259l\u0259r \u00fczr\u0259 m\u00fcavini \u0130slam S\u0259f\u0259rov v\u0259 AVMV\u0130B NTK s\u0259dri Niyazi Quliyev\u0259 qar\u015f\u0131 g\u00f6st\u0259rdikl\u0259ri h\u00f6rm\u0259tsizlikl\u0259ri k\u0259skin \u015f\u00e7\u0259kild\u0259 q\u0131nay\u0131r v\u0259 bu insanlar\u0131n bizim t\u0259\u015fkilat\u0131n prinsipl\u0259rin\u0259 say\u011f\u0131s\u0131z yana\u015fmalar\u0131n\u0131 pisl\u0259yir\u0259m. \u00dcst\u0259lik ara\u015fd\u0131rmalar zaman\u0131 yerli rayon \u015f\u00f6b\u0259si r\u0259hb\u0259rliyin\u0259, \u015f\u00f6b\u0259nin f\u0259aliyy\u0259tin\u0259 qar\u015f\u0131 t\u0259xribatlar yaradan bu qrupun \u0259m\u0259ll\u0259ri cinay\u0259t t\u0259rkiblidir v\u0259 a\u015fa\u011f\u0131dak\u0131 madd\u0259l\u0259rl\u0259 t\u00f6vsif oluna bil\u0259r<\/p>\n\n\n\n<p>Madd\u0259 233. \u0130ctimai qaydan\u0131n pozulmas\u0131na s\u0259b\u0259b olan h\u0259r\u0259k\u0259tl\u0259ri t\u0259\u015fkil etm\u0259 v\u0259 ya bu c\u00fcr h\u0259r\u0259k\u0259tl\u0259rd\u0259 f\u0259al i\u015ftirak etm\u0259<\/p>\n\n\n\n<p>\u0130ctimai qaydan\u0131 kobud sur\u0259td\u0259 pozan v\u0259 ya hakimiyy\u0259t n\u00fcmay\u0259nd\u0259sinin qanuni t\u0259l\u0259bl\u0259rin\u0259 tabe olmamaqla \u0259laq\u0259dar olan, yaxud n\u0259qliyyat\u0131n, m\u00fc\u0259ssis\u0259, idar\u0259 v\u0259 t\u0259\u015fkilat\u0131n normal f\u0259aliyy\u0259tinin pozulmas\u0131na s\u0259b\u0259b olan h\u0259r\u0259k\u0259tl\u0259rin bir qrup \u015f\u0259xs t\u0259r\u0259find\u0259n t\u00f6r\u0259dilm\u0259sini t\u0259\u015fkil etm\u0259 v\u0259 ya bu c\u00fcr h\u0259r\u0259k\u0259tl\u0259rd\u0259 f\u0259al i\u015ftirak etm\u0259<\/p>\n\n\n\n<p>&#8212; be\u015f min manatdan s\u0259kkiz min manatad\u0259k miqdarda c\u0259rim\u0259 v\u0259 ya iki il\u0259d\u0259k m\u00fcdd\u0259t\u0259 islah i\u015fl\u0259ri v\u0259 ya eyni m\u00fcdd\u0259t\u0259 azadl\u0131\u011f\u0131n m\u0259hdudla\u015fd\u0131r\u0131lmas\u0131 v\u0259 ya \u00fc\u00e7 il\u0259d\u0259k m\u00fcdd\u0259t\u0259 azadl\u0131qdan m\u0259hrum etm\u0259 il\u0259 c\u0259zaland\u0131r\u0131l\u0131r.<\/p>\n\n\n\n<p>&#171;\u0130nzibati X\u0259talar M\u0259c\u0259ll\u0259sinin&#187; t\u0259l\u0259bl\u0259rin\u0259 g\u00f6r\u0259, Madd\u0259 211. Epidemiya \u0259leyhin\u0259 rejimin, sanitariya-gigiyena v\u0259 karantin rejiml\u0259rinin pozulmas\u0131<\/p>\n\n\n\n<p>V\u0259 yaxud AZ\u018fRBAYCAN RESPUBL\u0130KASININ \u0130NZ\u0130BAT\u0130 X\u018fTALAR M\u018fC\u018fLL\u018fS\u0130N\u0130N 211.1 Epidemiya \u0259leyhin\u0259 rejimin, sanitariya-gigiyena v\u0259 karantin rejiml\u0259rinin pozulmas\u0131na g\u00f6r\u0259<\/p>\n\n\n\n<p>&#8212; fiziki \u015f\u0259xsl\u0259r iki y\u00fcz manatdan d\u00f6rd y\u00fcz manatad\u0259k m\u0259bl\u0259\u011fd\u0259, v\u0259zif\u0259li \u015f\u0259xsl\u0259r \u00fc\u00e7 min manatdan d\u00f6rd min manatad\u0259k m\u0259bl\u0259\u011fd\u0259 c\u0259rim\u0259 edilir, yaxud i\u015fin hallar\u0131na g\u00f6r\u0259, x\u0259tan\u0131 t\u00f6r\u0259d\u0259nin \u015f\u0259xsiyy\u0259ti n\u0259z\u0259r\u0259 al\u0131nmaqla, bir ayad\u0259k m\u00fcdd\u0259t\u0259 inzibati h\u0259bs t\u0259tbiq olunur, h\u00fcquqi \u015f\u0259xsl\u0259r d\u00f6rd min manatdan on min manatad\u0259k m\u0259bl\u0259\u011fd\u0259 c\u0259rim\u0259 edilir.<\/p>\n\n\n\n<p>211.2. Epidemiya \u0259leyhin\u0259 rejim, sanitariya-gigiyena v\u0259 karantin rejiml\u0259ri d\u00f6vr\u00fcnd\u0259 f\u0259rdi qoruyucu vasit\u0259l\u0259rd\u0259n istifad\u0259 il\u0259 ba\u011fl\u0131 m\u00fcvafiq icra hakimiyy\u0259ti orqan\u0131 t\u0259r\u0259find\u0259n m\u00fc\u0259yy\u0259n edil\u0259n t\u0259l\u0259bl\u0259rin pozulmas\u0131na, habel\u0259 v\u0259zif\u0259li \u015f\u0259xsl\u0259r v\u0259 h\u00fcquqi \u015f\u0259xsl\u0259r t\u0259r\u0259find\u0259n h\u0259min t\u0259l\u0259bl\u0259rin pozulmas\u0131n\u0131n qar\u015f\u0131s\u0131n\u0131n al\u0131nmamas\u0131na g\u00f6r\u0259<\/p>\n\n\n\n<p>&#8212; fiziki \u015f\u0259xsl\u0259r y\u00fcz manat m\u0259bl\u0259\u011find\u0259, v\u0259zif\u0259li \u015f\u0259xsl\u0259r iki y\u00fcz manat m\u0259bl\u0259\u011find\u0259, h\u00fcquqi \u015f\u0259xsl\u0259r d\u00f6rd y\u00fcz manat m\u0259bl\u0259\u011find\u0259 c\u0259rim\u0259 edilir.<\/p>\n\n\n\n<p>211.3. Bu M\u0259c\u0259ll\u0259nin 211.2-ci madd\u0259sind\u0259 n\u0259z\u0259rd\u0259 tutulmu\u015f x\u0259tan\u0131n inzibati t\u0259nbeh alm\u0131\u015f \u015f\u0259xs t\u0259r\u0259find\u0259n inzibati t\u0259nbeh verm\u0259 haqq\u0131nda q\u0259rar q\u00fcvv\u0259y\u0259 mindiyi g\u00fcnd\u0259n bir il \u0259rzind\u0259 t\u0259krar t\u00f6r\u0259dilm\u0259sin\u0259 g\u00f6r\u0259<\/p>\n\n\n\n<p>&#8212; fiziki \u015f\u0259xsl\u0259r iki y\u00fcz manat m\u0259bl\u0259\u011find\u0259, v\u0259zif\u0259li \u015f\u0259xsl\u0259r d\u00f6rd y\u00fcz manat m\u0259bl\u0259\u011find\u0259, h\u00fcquqi \u015f\u0259xsl\u0259r s\u0259kkiz y\u00fcz manat m\u0259bl\u0259\u011find\u0259 c\u0259rim\u0259 edilir<\/p>\n\n\n\n<p>AZ\u018fRBAYCAN RESPUBL\u0130KASININ C\u0130NAY\u018fT M\u018fC\u018fLL\u018fS\u0130nd\u0259 g\u00f6st\u0259ril\u0259n bu x\u00fcsuslar\u0131n da \u0259lam\u0259tl\u0259ri var.<\/p>\n\n\n\n<p>Madd\u0259 158. H\u00fcquqi \u015f\u0259xsl\u0259rin binalar\u0131n\u0131n (otaqlar\u0131n\u0131n) toxunulmazl\u0131\u011f\u0131n\u0131 pozma<\/p>\n\n\n\n<p>158.1. Az\u0259rbaycan Respublikas\u0131n\u0131n qanunlar\u0131 il\u0259 m\u00fc\u0259yy\u0259n edilmi\u015f \u0259saslar olmadan h\u00fcquqi \u015f\u0259xsl\u0259rin m\u00fclkiyy\u0259tind\u0259 v\u0259 ya icar\u0259sind\u0259 olan binalara (otaqlara) daxil olma<\/p>\n\n\n\n<p>\u2014 y\u00fcz manatdan be\u015f y\u00fcz manatad\u0259k miqdarda c\u0259rim\u0259 v\u0259 ya y\u00fcz s\u0259ks\u0259n saatdan iki y\u00fcz q\u0131rx saatad\u0259k ictimai i\u015fl\u0259r v\u0259 ya bir il\u0259d\u0259k m\u00fcdd\u0259t\u0259 islah i\u015fl\u0259ri il\u0259 c\u0259zaland\u0131r\u0131l\u0131r.<\/p>\n\n\n\n<p>158.2. Eyni \u0259m\u0259ll\u0259r zor t\u0259tbiq etm\u0259kl\u0259 v\u0259 ya zor t\u0259tbiq etm\u0259 h\u0259d\u0259si il\u0259 t\u00f6r\u0259dildikd\u0259<\/p>\n\n\n\n<p>\u2014 iki il\u0259d\u0259k m\u00fcdd\u0259t\u0259 islah i\u015fl\u0259ri v\u0259 ya eyni m\u00fcdd\u0259t\u0259 azadl\u0131qdan m\u0259hrum etm\u0259 il\u0259 c\u0259zaland\u0131r\u0131l\u0131r.&#187;<\/p>\n\n\n\n<p><strong>AVMV\u0130B s\u0259drinin sosial v\u0259 h\u00fcquqi m\u0259s\u0259l\u0259l\u0259r \u00fczr\u0259 m\u00fcavini Abbas H\u00fcseynli d\u0259 h\u0259r bir t\u0259\u015fkilat \u00fczv\u00fc olan m\u00fcharib\u0259 veteran\u0131n\u0131 t\u0259\u015fkilat\u0131n Nizamnam\u0259sin\u0259 \u0259m\u0259l etm\u0259y\u0259 \u00e7a\u011f\u0131rd\u0131.<\/strong><\/p>\n\n\n\n<p><strong>Elnur S\u0259lim<\/strong><\/p>\n","protected":false},"excerpt":{"rendered":"<p>Son zamanlar Az\u0259rbaycan V\u0259t\u0259n M\u00fcharib\u0259si Veteranlar\u0131 \u0130ctimai Birliyi \u015eamax\u0131 rayon \u015f\u00f6b\u0259si \u0259traf\u0131nda bir qrup m\u00fcharib\u0259 veteran\u0131n\u0131n veteran ad\u0131na yara\u015fmayan h\u0259r\u0259k\u0259tl\u0259ri \u0130dar\u0259 Hey\u0259ti \u00fczvl\u0259rinin v\u0259<\/p>\n","protected":false},"author":2,"featured_media":12528,"comment_status":"closed","ping_status":"closed","sticky":false,"template":"","format":"standard","meta":{"footnotes":""},"categories":[5],"tags":[],"class_list":["post-13814","post","type-post","status-publish","format-standard","has-post-thumbnail","hentry","category-veteran"],"aioseo_notices":[],"_links":{"self":[{"href":"https:\/\/fedai.az\/index.php?rest_route=\/wp\/v2\/posts\/13814","targetHints":{"allow":["GET"]}}],"collection":[{"href":"https:\/\/fedai.az\/index.php?rest_route=\/wp\/v2\/posts"}],"about":[{"href":"https:\/\/fedai.az\/index.php?rest_route=\/wp\/v2\/types\/post"}],"author":[{"embeddable":true,"href":"https:\/\/fedai.az\/index.php?rest_route=\/wp\/v2\/users\/2"}],"replies":[{"embeddable":true,"href":"https:\/\/fedai.az\/index.php?rest_route=%2Fwp%2Fv2%2Fcomments&post=13814"}],"version-history":[{"count":1,"href":"https:\/\/fedai.az\/index.php?rest_route=\/wp\/v2\/posts\/13814\/revisions"}],"predecessor-version":[{"id":13817,"href":"https:\/\/fedai.az\/index.php?rest_route=\/wp\/v2\/posts\/13814\/revisions\/13817"}],"wp:featuredmedia":[{"embeddable":true,"href":"https:\/\/fedai.az\/index.php?rest_route=\/wp\/v2\/media\/12528"}],"wp:attachment":[{"href":"https:\/\/fedai.az\/index.php?rest_route=%2Fwp%2Fv2%2Fmedia&parent=13814"}],"wp:term":[{"taxonomy":"category","embeddable":true,"href":"https:\/\/fedai.az\/index.php?rest_route=%2Fwp%2Fv2%2Fcategories&post=13814"},{"taxonomy":"post_tag","embeddable":true,"href":"https:\/\/fedai.az\/index.php?rest_route=%2Fwp%2Fv2%2Ftags&post=13814"}],"curies":[{"name":"wp","href":"https:\/\/api.w.org\/{rel}","templated":true}]}}