{"id":13823,"date":"2020-08-25T02:26:26","date_gmt":"2020-08-24T22:26:26","guid":{"rendered":"http:\/\/fedai.az\/?p=13823"},"modified":"2020-08-25T02:28:35","modified_gmt":"2020-08-24T22:28:35","slug":"l%c9%99zgi-m%c9%99s%c9%99l%c9%99sinin-yenid%c9%99n-gund%c9%99ml%c9%99sdirilm%c9%99si-n%c9%99y%c9%99-xidm%c9%99t-edir","status":"publish","type":"post","link":"https:\/\/fedai.az\/?p=13823","title":{"rendered":"\u201cL\u018fZG\u0130 M\u018fS\u018fL\u018fS\u0130\u201dnin YEN\u0130D\u018fN G\u00dcND\u018fML\u018f\u015eD\u0130R\u0130LM\u018fS\u0130 N\u018fY\u018f X\u0130DM\u018fT ED\u0130R?"},"content":{"rendered":"\n<p><strong>\u201cYANDEKS\u201dsayt\u0131nda seperat\u00e7\u0131lar yenid\u0259n \u201cl\u0259zgi m\u0259s\u0259l\u0259sini\u201dg\u00fcnd\u0259m\u0259 g\u0259tir\u0259r\u0259k \u201cAz\u0259rbaycan\u0131n Quba rayonundak\u0131 l\u0259zgi k\u0259ndl\u0259ri m\u0259s\u0259l\u0259si haqda\u201d (R.R\u00fcst\u0259mov) ba\u015fl\u0131ql\u0131 m\u0259qal\u0259 il\u0259 \u00e7\u0131x\u0131\u015f edibl\u0259r. 16 avqust 2020-ci il tarixli bu m\u0259qal\u0259d\u0259 Quban\u0131n 25 k\u0259ndinin (\u00dc\u00e7g\u00fcn, Q\u0131m\u0131l, K\u00fcsn\u0259t, Digah, Qonaqk\u0259nd, Q\u0131m\u0131l Qazma, K\u00fcsn\u0259t Qazma, Alemid Kuba (\u018fl\u0259mm\u0259d Oba), Yelenovka, Q\u0131m\u0131l Palasa, \u0130spik, \u0130lisu(?), Amsar, K\u00fcp\u00e7al, Q\u0259l\u0259d\u00fcz, Q\u0259\u00e7r\u0259\u015f, Susay, Uzunme\u015f\u0259, Zizik, K\u00fcrk\u00fcn, \u00dc\u00e7g\u00fcn, Alpan, M\u00f6h\u00fcc, Yenik\u0259nd) l\u0259zgil\u0259r\u0259 m\u0259xsus oldu\u011funu ir\u0259li s\u00fcr\u00fcbl\u0259r. Bu m\u0259qal\u0259d\u0259 yaz\u0131lanlar ya tarixi bilm\u0259m\u0259kd\u0259n,ya da q\u0259sd\u0259n seperat\u00e7\u0131l\u0131q etm\u0259k niyy\u0259tind\u0259n qaynaqlan\u0131r.Odur ki,\u0259sl h\u0259qiq\u0259ti bilm\u0259k \u00fc\u00e7\u00fcn tarix\u0259 ekskursiya ed\u0259k.<\/strong><\/p>\n\n\n\n<p><br><strong>M\u00fc\u0259llif: Z.B. Babayev<\/strong><\/p>\n\n\n\n<p><strong>Quba tarixinin ilk yazar\u0131, t\u0259dqiqat\u00e7\u0131-tarix\u00e7i<\/strong><\/p>\n\n\n\n<p><br><strong>AZ\u018fRBAYCANIN \u015e\u0130MAL B\u00d6LG\u018fS\u0130N\u0130N TAR\u0130X\u0130 XRON\u0130KASI<\/strong><\/p>\n\n\n\n<p><br>Mezolit d\u00f6vr\u00fcnd\u0259 son buzla\u015fma sona yetdiyi d\u00f6vrd\u0259 insanlar \u015eahda\u011f massivi t\u0259p\u0259likl\u0259rind\u0259 ya\u015fay\u0131rd\u0131lar. \u00c7\u00fcnki \u00e7\u00f6k\u0259k \u0259razil\u0259ri su basm\u0131\u015fd\u0131. \u018frimi\u015f buzlaq sular\u0131 \u00e7\u0259kildikd\u0259n sonra t\u0259p\u0259likl\u0259rd\u0259 ya\u015fayan insanlar daha \u0259lveri\u015fl\u0131 \u00e7ay v\u0259 d\u0259niz\u0259traf\u0131 \u0259razil\u0259r\u0259 k\u00f6\u00e7 etdil\u0259r.\u00c7ola v\u0259 D\u0259rb\u0259nd kimi ya\u015fay\u0131\u015f m\u0259sk\u0259nl\u0259ri meydana g\u0259ldi.Alban tayfas\u0131n\u0131n m\u0259skunla\u015fd\u0131\u011f\u0131 D\u0259rb\u0259nd \u201cAlban qap\u0131lar\u0131\u201d ad\u0131n\u0131 da\u015f\u0131d\u0131. D\u0259rb\u0259ndd\u0259n \u015fimalda, indiki Da\u011f\u0131stan \u0259razisind\u0259 leql\u0259r (l\u0259zgil\u0259r), gell\u0259r, udinl\u0259r v\u0259 s. ya\u015fay\u0131rd\u0131lar (Bax. <strong>O\u00e7erki \u0130storii Dagestana.Tom I.Maxaind\u0259k\u00e7kala.1957.s\u0259h.23.). <\/strong><\/p>\n\n\n\n<p>E.\u0259.I minillikd\u0259 t\u00fcrk Alban tayfas\u0131 Da\u011f\u0131stan \u0259razisind\u0259ki gell\u0259ri,legl\u0259ri,udinl\u0259ri v\u0259 s. birl\u0259\u015fdir\u0259r\u0259k onlar\u0131 alban tayfa ittifa\u011f\u0131na daxil etdi. N\u0259tic\u0259d\u0259,Albaniyan\u0131n \u015fimal s\u0259rh\u0259di Sulak \u00e7ay\u0131na q\u0259d\u0259r uzand\u0131 (Bax; <strong>A.A. Kudryavtsev, Drevniy Derbent. Moskva 1982.s\u0259h.63.<\/strong>).<\/p>\n\n\n\n<p>Bu tayfa ittifa\u011f\u0131n\u0131n yarad\u0131lmas\u0131ndan sonra Da\u011f\u0131stan \u0259razisind\u0259 ya\u015fayan tayfalar\u0131n bir qismi Albaniyan\u0131n m\u00fc\u0259yy\u0259n yerl\u0259rin\u0259 t\u0259dric\u0259n yay\u0131ld\u0131lar. O c\u00fcml\u0259d\u0259n d\u0259 l\u0259zgil\u0259r Samur \u00e7ay\u0131 boyu torpaqlarda, udinl\u0259r is\u0259 Q\u0259b\u0259l\u0259\u0259traf\u0131 \u0259razid\u0259 m\u0259skunla\u015fd\u0131lar. E.\u0259.IV \u0259srd\u0259 Terek \u00e7ay\u0131na kimi olan \u0259razil\u0259r Atropaten d\u00f6vl\u0259tin\u0259 qat\u0131ld\u0131 v\u0259 e.\u0259. III \u0259srd\u0259 h\u00f6kmdar Artabazan t\u0259r\u0259find\u0259n idar\u0259 edildi (Polibi). H\u0259min d\u00f6vrd\u0259 albanlar Rion \u00e7ay\u0131 vasit\u0259sil\u0259 Qara d\u0259niz\u0259 \u00e7\u0131x\u0131rd\u0131lar. Atropatenin \u015fimal s\u0259rh\u0259di Fasisd\u0259n(Rion \u00e7ayi)Girkana(X\u0259z\u0259r d\u0259nizi)q\u0259d\u0259r uzan\u0131rd\u0131 (Polibi).<\/p>\n\n\n\n<figure class=\"wp-block-image size-large is-resized\"><img loading=\"lazy\" decoding=\"async\" src=\"http:\/\/fedai.az\/wp-content\/uploads\/2020\/08\/\u0437\u0430\u0433\u0440\u0443\u0436\u0435\u043d\u043e-1-3.jpg\" alt=\"\" class=\"wp-image-13824\" width=\"882\" height=\"499\"\/><\/figure>\n\n\n\n<p><br>E.\u0259.III \u0259srin 20-ci ill\u0259rind\u0259 Selevkil\u0259r Atropateni \u00f6zl\u0259rin\u0259 tabe etdil\u0259r v\u0259 III Antioxun \u00f6l\u00fcm\u00fcn\u0259 q\u0259d\u0259r bu \u0259razi Selebkil\u0259rin tabe\u00e7iliyi alt\u0131nda qald\u0131. III Antiox \u00f6ld\u00fckd\u0259n sonra(e.\u0259.183-c\u00fc il) Selevki strategl\u0259ri(s\u0259rk\u0259rd\u0259l\u0259ri) Arta\u015fes v\u0259 Zariadr K\u00fcr-Araz aras\u0131 \u0259razini tuturlar. Bu zaman alban tayfalar\u0131 K\u00fcr v\u0259 Sulak aras\u0131 \u0259razid\u0259 \u00f6z m\u00fcst\u0259qil Alban d\u00f6vl\u0259tl\u0259rini yarad\u0131rlar. E.\u0259.164-c\u00fc ild\u0259 Selevkil\u0259r Arta\u015fes v\u0259 Zariadr\u0131n hakimiyy\u0259tini l\u0259v edib fars m\u0259n\u015f\u0259li Valar\u015f\u0131 strateg t\u0259yin edirl\u0259r.Atropaten d\u00f6vl\u0259ti K\u00fcr-Araz aras\u0131 \u0259razini yenid\u0259n \u00f6z\u00fcn\u0259 qat\u0131r. Albanlar is\u0259 K\u00fcr v\u0259 S\u00fclak aras\u0131 \u0259razid\u0259 h\u00f6kmdarl\u0131qlar\u0131n\u0131 davam etdirirl\u0259r.<\/p>\n\n\n\n<p><br>E.\u0259.I \u0259srd\u0259 romal\u0131lar\u0131n \u00d6n Asiyaya ekspansiyas\u0131 geni\u015fl\u0259nir v\u0259 bu zaman albanlar \u00f6z \u0259razil\u0259rini Araz \u00e7ay\u0131na q\u0259d\u0259r geni\u015fl\u0259ndirirl\u0259r. E.\u0259.I \u0259srin sonlar\u0131nda sarmatlar da \u015fimaldan D\u0259rb\u0259nd\u0259 q\u0259d\u0259r olan \u0259razil\u0259ri tuturlar. Albaniya \u0259razisi Arazdan D\u0259rb\u0259ndin \u015fimal\u0131na q\u0259d\u0259r olan \u0259razil\u0259 m\u0259hdudla\u015fm\u0131\u015f olur (Bax; <strong>A.A. Kudryavtsev.Drevniy Derbent.s\u0259h.63.)<\/strong>. I \u0259srin sonlar\u0131nda \u015fimalda sarmatlar t\u0259r\u0259find\u0259n s\u0131x\u0131\u015fd\u0131r\u0131lan massagetl\u0259r D\u0259rb\u0259nd\u0259 do\u011fru g\u0259l\u0259r\u0259k \u00c7ola v\u0259 D\u0259rb\u0259nd aras\u0131nda \u00f6z feodall\u0131qlar\u0131n\u0131 yarad\u0131rlar. Bu zaman l\u0259zgil\u0259r Samur boyunda Maskat feodall\u0131\u011f\u0131 t\u0259rkibind\u0259 qal\u0131rlar. Alban Maskat feodall\u0131\u011f\u0131n\u0131n \u0259razisi IV \u0259srd\u0259 Sanatrukun \u00e7arl\u0131\u011f\u0131 d\u00f6vr\u00fcnd\u0259 (330-342) Araz \u00e7ay\u0131na q\u0259d\u0259r geni\u015fl\u0259nir.<\/p>\n\n\n\n<p><br>Maskat \u00e7ar\u0131 Sanatruk Albaniyan\u0131n \u00e7ar\u0131 olur. 510-cu ild\u0259 Albaniyada \u00e7arl\u0131q l\u0259\u011fv edilib s\u0259p\u0259hbudluq v\u0259 m\u0259rzbanl\u0131q yarad\u0131l\u0131r. Bu zaman \u015eabranla D\u0259rb\u0259nd aras\u0131nda Maskat feodall\u0131\u011f\u0131, \u015eabrandan K\u00fcr\u0259 q\u0259d\u0259r is\u0259 \u015eirvan feodal \u0259yal\u0259ti yarad\u0131l\u0131r. Albaniyan\u0131n dig\u0259r \u0259razil\u0259rind\u0259 X\u0259z\u0259r sahili boyu Kaspiana, K\u00fcr-Araz aras\u0131nda Balasakan (Beyl\u0259qan), Otena (Uti), Arsax, K\u00fcrd\u0259n \u015fimalda Lipina (Q\u0259b\u0259l\u0259) v\u0259 Kurtivan(Girdiman)kimi feodall\u0131qlar formala\u015f\u0131r. \u0130X \u0259srd\u0259 \u015eirvan\u015fahl\u0131q D\u0259rb\u0259ndd\u0259n K\u00fcr\u0259 kimi olan \u0259razini \u0259hat\u0259 edir. D\u0259rb\u0259nd ayr\u0131ca \u0259mirliy\u0259 \u00e7evrilir.<\/p>\n\n\n\n<p><br>IX \u0259srin 60-c\u0131 ill\u0259rin\u0259 q\u0259d\u0259r bu feodall\u0131qlar Xilaf\u0259t hakiml\u0259rin\u0259 tabe idil\u0259r. Xilaf\u0259t s\u00fcqut etdikd\u0259n sonra D\u0259rb\u0259nd \u0259mirliyi 988-ci il\u0259 kimi \u015eabrana kimi olan \u0259razil\u0259ri \u0259hat\u0259 edirdi. Bu d\u00f6vrd\u0259 D\u0259rb\u0259nd \u0259mirliyi t\u0259rkibind\u0259 olan Samurboyu \u0259razid\u0259ki l\u0259zgil\u0259rin bir qismi D\u0259rb\u0259ndl\u0259 \u015eabran aras\u0131ndak\u0131 \u0259razil\u0259r\u0259,o c\u00fcml\u0259d\u0259n d\u0259 Quba \u0259razisin\u0259 g\u0259lirl\u0259r. Quban\u0131n indiki Digah k\u0259ndind\u0259 ilk l\u0259zgi m\u0259n\u015f\u0259lil\u0259r m\u0259skunla\u015f\u0131rlar. 988-ci id\u0259 \u015eirvan\u015fahlar D\u0259rb\u0259nd v\u0259 D\u0259rb\u0259nd\u0259traf\u0131 \u0259razil\u0259ri tuturlar. Bundan sonrak\u0131 d\u00f6vrl\u0259rd\u0259 D\u0259rb\u0259nd \u015eirvan\u015fahlardan ay\u0131r\u0131lma\u011fa c\u0259hd ets\u0259 d\u0259 n\u0259tic\u0259d\u0259, buna nail ola bilmir.1538-ci ild\u0259 S\u0259f\u0259vil\u0259r \u015eirvan\u015fahlar d\u00f6vl\u0259tin\u0259 son qoyurlar. 1578-ci ild\u0259 t\u00fcrkl\u0259r \u015eirvan\u0131 tutub Osman pa\u015fan\u0131 ora hakim t\u0259yin edirl\u0259r. T\u00fcrkl\u0259r \u015eirvan\u0131 \u015eamax\u0131 v\u0259 D\u0259rb\u0259nd b\u0259yl\u0259rb\u0259ylikl\u0259rin\u0259 b\u00f6l\u00fcrl\u0259r. D\u0259rb\u0259nd b\u0259yl\u0259rb\u0259yliyin\u0259 8 sancaql\u0131q (mahal) daxil olur. Bunlardan da biri Quba idi. Bu d\u00f6vrd\u0259 Da\u011f\u0131stan \u0259razisind\u0259 t\u00fcrk m\u0259n\u015f\u0259li t\u0259r\u0259k\u0259m\u0259l\u0259rin say\u0131 artd\u0131. D\u0259rb\u0259ndin t\u00fcrkl\u0259rin tabe\u00e7iliyi alt\u0131nda qalmas\u0131na I \u015eah Abbas (1587-1629) 1603-1639-cu ill\u0259r aras\u0131nda son qoyur. \u0130nzibati b\u00f6lg\u00fc kimi b\u0259yl\u0259rb\u0259ylikl\u0259r saxlan\u0131l\u0131r v\u0259 Quba D\u0259rb\u0259nd b\u0259yl\u0259rb\u0259yliyinin mahal\u0131 olaraq qal\u0131r.<\/p>\n\n\n\n<p><br>I \u015eah Abbas\u0131n tabe\u00e7iliyi d\u00f6vr\u00fcnd\u0259 Da\u011f\u0131stan \u0259razisind\u0259ki \u0259halinin iqtisadi v\u0259ziyy\u0259ti a\u011f\u0131rla\u015f\u0131r. Bu zaman h\u0259m Da\u011f\u0131stan \u0259razisind\u0259ki t\u0259r\u0259k\u0259m\u0259l\u0259r, h\u0259m d\u0259 l\u0259zgi m\u0259n\u015f\u0259li xalq Az\u0259rbaycan \u0259razil\u0259rin\u0259 k\u00f6\u00e7 edirl\u0259r. XVII \u0259srd\u0259 geni\u015fl\u0259n\u0259n bu prosesd\u0259n b\u0259hs ed\u0259n avropal\u0131 s\u0259yyah Adam Oleari Da\u011f\u0131standan ac-yalavac adamlar\u0131n \u00f6z q\u0131z u\u015faqlar\u0131n\u0131 pula satmaq \u00fc\u00e7\u00fcn \u015e\u0259ki bazar\u0131na g\u0259tirdiyini yaz\u0131rd\u0131. M\u0259hz h\u0259min v\u0259ziyy\u0259tl\u0259 ba\u011fl\u0131 olaraq XVI \u0259srin sonu,XVII \u0259srin \u0259vv\u0259ll\u0259rind\u0259 Da\u011f\u0131standak\u0131 t\u0259r\u0259k\u0259m\u0259l\u0259rd\u0259n olan t\u00fcrk ispikl\u0259r v\u0259 iqriql\u0259r Rutul v\u0259 Axt\u0131 \u0259traf\u0131 \u0259razil\u0259rd\u0259n Quba \u0259razisin\u0259 k\u00f6\u00e7d\u00fcl\u0259r. Qubada \u0130spik v\u0259 \u0130qriq t\u00fcrk k\u0259ndl\u0259ri yarand\u0131. Quba \u0259razisin\u0259 ax\u0131\u015fan l\u0259zgil\u0259r Digah, Zizik, Q\u0131m\u0131l, \u00dc\u00e7g\u00fcn, K\u00fcsn\u0259t, Uzunme\u015f\u0259 \u0259razil\u0259rind\u0259 m\u0259skunla\u015f\u0131b yerli b\u0259yl\u0259rin t\u0259b\u0259l\u0259rin\u0259 \u00e7evrildil\u0259r. Bunlardan uzunme\u015f\u0259lil\u0259r assimliasiya n\u0259tic\u0259sind\u0259 t\u00fcrkl\u0259\u015fdil\u0259r. H\u0259min k\u0259ndl\u0259r\u0259 XVIII-XX \u0259srl\u0259r aras\u0131nda da l\u0259zgi \u0259halinin k\u00f6\u00e7\u00fc davam etmi\u015fdi. Seperat\u00e7\u0131lar\u0131n l\u0259zgi k\u0259ndl\u0259ri kimi t\u0259qdim etdikl\u0259ri dig\u0259r k\u0259ndl\u0259r is\u0259 yerli t\u00fcrk m\u0259n\u015f\u0259lil\u0259r\u0259 v\u0259 III-IV \u0259srl\u0259rd\u0259 Az\u0259rbaycanda m\u0259skunla\u015fm\u0131\u015f tatlara m\u0259xsus k\u0259ndl\u0259rdir. O c\u00fcml\u0259d\u0259n d\u0259 Qonaqk\u0259nd \u0259sas\u0259n tatlardan ibar\u0259t bir ne\u00e7\u0259 k\u0259ndi \u0259hat\u0259 edir.<\/p>\n\n\n\n<figure class=\"wp-block-image size-large is-resized\"><img loading=\"lazy\" decoding=\"async\" src=\"http:\/\/fedai.az\/wp-content\/uploads\/2020\/08\/quba1.jpg\" alt=\"\" class=\"wp-image-13825\" width=\"863\" height=\"1151\"\/><\/figure>\n\n\n\n<p><br>Alpan v\u0259 Susay k\u0259ndl\u0259ri is\u0259 \u00e7ox q\u0259dim tarix\u0259 malik olan aborigen t\u00fcrk k\u0259ndl\u0259ridir. \u201dAlpan\u201d ifad\u0259si Alban ad\u0131n\u0131n meydana g\u0259lm\u0259sin\u0259 s\u0259b\u0259b olan \u0259sas m\u00fc\u0259yy\u0259nedici ifad\u0259dir. Bu ifad\u0259ni l\u0259zgil\u0259r d\u0259 \u00f6zl\u0259ri \u00fc\u00e7\u00fcn ilahil\u0259\u015fdiribl\u0259r. Bu ilahil\u0259\u015fdirm\u0259 Albaniya d\u00f6vl\u0259tind\u0259 onlara olan qay\u011f\u0131l\u0131 m\u00fcnasib\u0259td\u0259n ir\u0259li g\u0259lmi\u015fdir. Onlar \u015fim\u015f\u0259yi \u201cAlpan\u201d ad\u0131 il\u0259 \u00f6z allahlar\u0131 olaraq q\u0259bul edirl\u0259r.<\/p>\n\n\n\n<p><br>Alban tayfas\u0131 t\u00fcrk-massaget m\u0259n\u015f\u0259lidir (Dion Kssi). \u201dSusay\u201d toponimi d\u0259 t\u00fcrk m\u0259n\u015f\u0259li Su tayfas\u0131 il\u0259 \u0259laq\u0259lidir. N.A.Aristov v\u0259 Y.O.Qrum-Qrijjimaylo Say, Se, Su soylar\u0131n\u0131n t\u00fcrk olduqlar\u0131n\u0131 yaz\u0131rd\u0131lar.<\/p>\n\n\n\n<p><br>Q\u0259l\u0259d\u00fcz, Q\u0259\u00e7r\u0259\u015f d\u0259 l\u0259zgi k\u0259ndl\u0259ri kimi siyah\u0131da sadalanan dig\u0259r k\u0259ndl\u0259r d\u0259 t\u00fcrk \u0259haliy\u0259 m\u0259nsub k\u0259ndl\u0259r olub, onlar\u0131n l\u0259zgil\u0259r\u0259 he\u00e7 bir m\u0259xsusluu yoxdur. Quban\u0131n b\u00fct\u00fcn k\u0259ndl\u0259rind\u0259 az sayda l\u0259zgi m\u0259n\u015f\u0259lil\u0259r var ki, bunlar da tarixin ayr\u0131-ayr\u0131 d\u00f6vrl\u0259rind\u0259 ail\u0259 qurma, i\u015f, dolan\u0131\u015f\u0131q yerin\u0259 yiy\u0259l\u0259nm\u0259 v\u0259 s. il\u0259 \u0259laq\u0259dar buralara g\u0259lib m\u0259skunla\u015fanlard\u0131r. Odur ki, seperat\u00e7\u0131 niyy\u0259tl\u0259 Az\u0259rbaycan\u0131n \u015fimal b\u00f6lg\u0259sind\u0259 l\u0259zgi m\u0259s\u0259l\u0259sini vaxta\u015f\u0131r\u0131 g\u00fcnd\u0259m\u0259 g\u0259tirm\u0259yin he\u00e7 bir tarixi istinad\u0131 yoxdur. Quba t\u0259k l\u0259zgil\u0259ri yox, t\u00fcrkl\u0259rl\u0259 b\u0259rab\u0259r b\u00fct\u00fcn \u015eahdaq dil qrupuna daxil olan etnoslar\u0131 da \u00f6z qoynunda ya\u015fadan xalqlar dostlu\u011fu diyar\u0131d\u0131r!<\/p>\n","protected":false},"excerpt":{"rendered":"<p>\u201cYANDEKS\u201dsayt\u0131nda seperat\u00e7\u0131lar yenid\u0259n \u201cl\u0259zgi m\u0259s\u0259l\u0259sini\u201dg\u00fcnd\u0259m\u0259 g\u0259tir\u0259r\u0259k \u201cAz\u0259rbaycan\u0131n Quba rayonundak\u0131 l\u0259zgi k\u0259ndl\u0259ri m\u0259s\u0259l\u0259si haqda\u201d (R.R\u00fcst\u0259mov) ba\u015fl\u0131ql\u0131 m\u0259qal\u0259 il\u0259 \u00e7\u0131x\u0131\u015f edibl\u0259r. 16 avqust 2020-ci il tarixli<\/p>\n","protected":false},"author":2,"featured_media":13828,"comment_status":"closed","ping_status":"closed","sticky":false,"template":"","format":"standard","meta":{"footnotes":""},"categories":[7],"tags":[],"class_list":["post-13823","post","type-post","status-publish","format-standard","has-post-thumbnail","hentry","category-tarix"],"aioseo_notices":[],"_links":{"self":[{"href":"https:\/\/fedai.az\/index.php?rest_route=\/wp\/v2\/posts\/13823","targetHints":{"allow":["GET"]}}],"collection":[{"href":"https:\/\/fedai.az\/index.php?rest_route=\/wp\/v2\/posts"}],"about":[{"href":"https:\/\/fedai.az\/index.php?rest_route=\/wp\/v2\/types\/post"}],"author":[{"embeddable":true,"href":"https:\/\/fedai.az\/index.php?rest_route=\/wp\/v2\/users\/2"}],"replies":[{"embeddable":true,"href":"https:\/\/fedai.az\/index.php?rest_route=%2Fwp%2Fv2%2Fcomments&post=13823"}],"version-history":[{"count":1,"href":"https:\/\/fedai.az\/index.php?rest_route=\/wp\/v2\/posts\/13823\/revisions"}],"predecessor-version":[{"id":13827,"href":"https:\/\/fedai.az\/index.php?rest_route=\/wp\/v2\/posts\/13823\/revisions\/13827"}],"wp:featuredmedia":[{"embeddable":true,"href":"https:\/\/fedai.az\/index.php?rest_route=\/wp\/v2\/media\/13828"}],"wp:attachment":[{"href":"https:\/\/fedai.az\/index.php?rest_route=%2Fwp%2Fv2%2Fmedia&parent=13823"}],"wp:term":[{"taxonomy":"category","embeddable":true,"href":"https:\/\/fedai.az\/index.php?rest_route=%2Fwp%2Fv2%2Fcategories&post=13823"},{"taxonomy":"post_tag","embeddable":true,"href":"https:\/\/fedai.az\/index.php?rest_route=%2Fwp%2Fv2%2Ftags&post=13823"}],"curies":[{"name":"wp","href":"https:\/\/api.w.org\/{rel}","templated":true}]}}