{"id":13831,"date":"2020-08-25T04:26:55","date_gmt":"2020-08-25T00:26:55","guid":{"rendered":"http:\/\/fedai.az\/?p=13831"},"modified":"2020-08-25T11:01:46","modified_gmt":"2020-08-25T07:01:46","slug":"bu-olk%c9%99d%c9%99-torpaq-qorumaga-ged%c9%99n-veteranin-m%c9%99nzil-tikm%c9%99y%c9%99-torpaq-vermirl%c9%99r","status":"publish","type":"post","link":"https:\/\/fedai.az\/?p=13831","title":{"rendered":"Bu \u00f6lk\u0259d\u0259 torpaq qoruma\u011fa ged\u0259n veteran\u0131n m\u0259nzil tikm\u0259y\u0259 d\u0259 torpa\u011f\u0131 yoxdur"},"content":{"rendered":"\n<p><strong>\u201cM\u0259n d\u0259f\u0259l\u0259rl\u0259 demi\u015f\u0259m ki, Prezident ba\u015fda olmaqla b\u00fct\u00fcn d\u00f6vl\u0259t m\u0259murlar\u0131 xalq\u0131n xidm\u0259t\u00e7il\u0259ridir. M\u0259hz buna g\u00f6r\u0259 biz bu v\u0259zif\u0259d\u0259yik. Buna g\u00f6r\u0259 xalq m\u0259n\u0259 etibar g\u00f6st\u0259rib v\u0259 m\u0259n b\u00fct\u00fcn t\u0259yin etdiyim kadrlardan bunu t\u0259l\u0259b edir\u0259m\u201d.Biz d\u0259f\u0259l\u0259rl\u0259 m\u00fcharib\u0259 veteranlar\u0131n\u0131n c\u0259miyy\u0259td\u0259 h\u00fcquqlar\u0131 \u0259n az qorunan sosial t\u0259b\u0259q\u0259 oldu\u011funu yazmaqday\u0131q. Xidm\u0259t zaman\u0131 ald\u0131qlar\u0131 travmalar\u0131n zamanla s\u0259ng\u0259r x\u0259st\u0259liyin\u0259 \u00e7evrilm\u0259si, imkans\u0131zl\u0131q bax\u0131m\u0131ndan vaxt\u0131nda m\u00fcalic\u0259 ala bilm\u0259m\u0259l\u0259ri m\u00fcharib\u0259 veteranlar\u0131n\u0131n vaxts\u0131z v\u0259fat\u0131na s\u0259b\u0259b olub.<\/strong><\/p>\n\n\n\n<p>H\u0259r g\u00fcn onlarla m\u00fcraci\u0259t v\u0259 \u015fikay\u0259t m\u0259ktublar\u0131 al\u0131r\u0131q. \u00d6nc\u0259 bildir\u0259k ki, qald\u0131rd\u0131\u011f\u0131m\u0131z probleml\u0259rin dem\u0259k olar ki, 90 faizi \u00f6z m\u00fcsb\u0259t h\u0259llini tap\u0131b. Buna g\u00f6r\u0259 \u00f6lk\u0259 prezidenti, c\u0259nab \u0130lham \u018fliyev\u0259 v\u0259 x\u00fcsus\u0259n d\u0259 Heyd\u0259r \u018fliyev Fonduna veteranlar ad\u0131ndan \u00f6z minn\u0259tdarl\u0131\u011f\u0131m\u0131z\u0131 bildiririk. Yerl\u0259rd\u0259 &#171;Veteranlar haqq\u0131nda&#187; Az\u0259rbaycan Respublikas\u0131 Qanununun m\u00fcdd\u0259alar\u0131n\u0131 yerli icra orqanlar\u0131 yerin\u0259 yetirs\u0259ydil\u0259r bunca probleml\u0259r y\u0131\u011f\u0131l\u0131b qalmaz v\u0259 bizl\u0259r d\u0259 min bir \u0259ziyy\u0259tl\u0259 bel\u0259 probleml\u0259ri ictimail\u0259\u015fdir\u0259r\u0259k vaxt itirm\u0259zdik. Amma v\u0259 lakin&#8230;<\/p>\n\n\n\n<p>Sabirabad rayonu R\u00fcst\u0259mli k\u0259nd sakini, Qaraba\u011f u\u011frunda d\u00f6y\u00fc\u015fl\u0259rin i\u015ftirak\u00e7\u0131s\u0131, \u018fv\u0259zov Faiq Allahqulu o\u011flu \u00fczl\u0259\u015fdiyi a\u011f\u0131r evsizlik problemi v\u0259 g\u00fczaranla ba\u011fl\u0131 bizd\u0259n k\u00f6m\u0259k ist\u0259yir. \u00c7\u00fcnki yazma\u011fa \u00fcnvan, d\u00f6ym\u0259y\u0259 qap\u0131 qalmay\u0131b. \u00d6lk\u0259mizin r\u0259hb\u0259rinin d\u00f6n\u0259-d\u00f6n\u0259 dediyi bu s\u00f6zl\u0259r, dey\u0259s\u0259n h\u0259l\u0259 d\u0259 \u00e7oxlar\u0131na \u00e7atmay\u0131b: &#171;M\u0259n d\u0259f\u0259l\u0259rl\u0259 demi\u015f\u0259m ki, Prezident ba\u015fda olmaqla b\u00fct\u00fcn d\u00f6vl\u0259t m\u0259murlar\u0131 xalq\u0131n xidm\u0259t\u00e7il\u0259ridir. M\u0259hz buna g\u00f6r\u0259 biz bu v\u0259zif\u0259d\u0259yik. Buna g\u00f6r\u0259 xalq m\u0259n\u0259 etibar g\u00f6st\u0259rib v\u0259 m\u0259n b\u00fct\u00fcn t\u0259yin etdiyim kadrlardan bunu t\u0259l\u0259b edir\u0259m\u201d.<\/p>\n\n\n\n<figure class=\"wp-block-image size-large\"><img decoding=\"async\" src=\"http:\/\/fedai.az\/wp-content\/uploads\/2020\/08\/117647119_767673574028216_3223992757430323033_n-rotated.jpg\" alt=\"\" class=\"wp-image-13832\"\/><\/figure>\n\n\n\n<p>M\u00fcharib\u0259 veteran\u0131 \u018fv\u0259zov Faiq Allahqulu o\u011flu yaz\u0131r ki, 27.07. 1992-ci ild\u0259n h\u0259rbi xidm\u0259t\u0259 \u00e7a\u011fr\u0131l\u0131b v\u0259 701 sayl\u0131 h\u0259rbi hiss\u0259nin t\u0259rkibind\u0259 03.08.1996-c\u0131 il\u0259d\u0259k tam 4 il xidm\u0259td\u0259 olub. A\u011fdam, K\u0259lb\u0259c\u0259r, La\u00e7\u0131n u\u011frunda ged\u0259n a\u011f\u0131r d\u00f6y\u00fc\u015fl\u0259rd\u0259 i\u015ftirak edib. 1993-c\u00fc il K\u0259lb\u0259c\u0259r i\u015f\u011fal\u0131 zaman\u0131 aya\u011f\u0131n\u0131 don vurub v\u0259 G\u0259nc\u0259 hospital\u0131nda 3 ay m\u00fcdd\u0259tind\u0259 m\u00fcalic\u0259 olunub. Sa\u011falar-sa\u011falmaz yenid\u0259n h\u0259rbi hiss\u0259y\u0259 qay\u0131d\u0131b. Ordudan t\u0259rxis olunandan bu g\u00fcn\u0259d\u0259k m\u00fcalic\u0259 ald\u0131\u011f\u0131 G\u0259nc\u0259 \u015f\u0259h\u0259r hospital\u0131 v\u0259 daha sonra m\u00fcalic\u0259 ald\u0131\u011f\u0131 \u015eirvan \u015f\u0259h\u0259r x\u0259st\u0259xanas\u0131ndan x\u0259st\u0259liyi il\u0259 ba\u011fl\u0131 epiqriz ala bilm\u0259yib.<\/p>\n\n\n\n<p>H\u0259rbi xidm\u0259td\u0259n sonra da d\u0259f\u0259l\u0259rl\u0259 h\u0259kiml\u0259r\u0259 m\u00fcraci\u0259t edib v\u0259 ona verilm\u0259li olan \u0259lillik d\u0259r\u0259c\u0259si ala bilm\u0259yib. Haz\u0131rda m\u00fcharib\u0259 veteran\u0131\u0131 \u00f6z evi yoxdur. 6 n\u0259f\u0259rlik ail\u0259siyl\u0259 birg\u0259 qarda\u015f\u0131na m\u0259xsus evd\u0259 ya\u015fay\u0131r. \u00d6vladlar\u0131n\u0131n t\u0259hsil v\u0259 sair problemini g\u00fccl\u0259 h\u0259ll etdiyin\u0259 g\u00f6r\u0259 bu g\u00fcn\u0259d\u0259k, n\u0259 evi, n\u0259 d\u0259 torpaq sah\u0259si var. Qarda\u015f\u0131 \u00f6z\u00fcn\u0259 m\u0259xsus h\u0259y\u0259tyan\u0131 sah\u0259d\u0259n ev tikintisi \u00fc\u00e7\u00fcn ona \u015eirvan \u015f\u0259h\u0259rind\u0259 torpaq sah\u0259si ba\u011f\u0131\u015flay\u0131b. Amma Faiq \u018fv\u0259zovun ev tikm\u0259y\u0259 imkan\u0131 yoxdur. Ya\u015fad\u0131\u011f\u0131 k\u0259ndd\u0259 m\u00fcharib\u0259 veteran\u0131na ev tikm\u0259k \u00fc\u00e7\u00fcn torpaq ayr\u0131lmamas\u0131 \u00e7ox maraql\u0131d\u0131r. Y\u0259qin ki, R\u00fcst\u0259mli k\u0259nd b\u0259l\u0259diyy\u0259si v\u0259 Sabirabad rayon \u0130cra Hakimiyy\u0259ti bu bar\u0259d\u0259 d\u00fc\u015f\u00fcn\u0259c\u0259kl\u0259r.<\/p>\n\n\n\n<p>M\u00fcharib\u0259 veteran\u0131 \u00f6z\u00fc v\u0259 ail\u0259sind\u0259 kims\u0259 i\u015fl\u0259mir. Bu ya\u015fda qarda\u015f, ata-ana himay\u0259sind\u0259 ya\u015famaq m\u00fcharib\u0259 veteran\u0131n\u0131n ar\u0131na g\u0259lir. O, bu g\u00fcn\u0259d\u0259k onunla kims\u0259nin maraqlanmad\u0131\u011f\u0131n\u0131 deyir.<\/p>\n\n\n\n<p>Daha bir veteran\u0131n problemini i\u015f\u0131qland\u0131r\u0131b ictimail\u0259\u015fdirm\u0259y\u0259 \u00e7al\u0131\u015faca\u011f\u0131q. \u0130nan\u0131r\u0131q ki, Sabirabad rayonunun r\u0259hb\u0259rliyi m\u00fcharib\u0259 veteran\u0131 Faiq \u018fv\u0259zovun \u00fczl\u0259\u015fdiyi probleml\u0259rl\u0259, n\u0259hay\u0259t ki, maraqlanacaqlar.<\/p>\n\n\n\n<p>\u0130mkanl\u0131 soyda\u015flar\u0131m\u0131za da s\u0259sl\u0259nirik. M\u00fcharib\u0259 veteran\u0131 Faiq \u018fv\u0259zova yard\u0131m\u00e7\u0131 olun. 6 n\u0259f\u0259rlik bir ail\u0259nin ev problemini h\u0259ll etm\u0259k laz\u0131md\u0131r.<\/p>\n\n\n\n<p><strong>\u018flaq\u0259 telefonu: +994513579370 &#8212; Faiq \u018fv\u0259zov<\/strong><\/p>\n\n\n\n<p><strong>Elnur S\u0259limov<\/strong><\/p>\n\n\n\n<figure class=\"wp-block-gallery columns-3 is-cropped wp-block-gallery-1 is-layout-flex wp-block-gallery-is-layout-flex\"><ul class=\"blocks-gallery-grid\"><li class=\"blocks-gallery-item\"><figure><img decoding=\"async\" src=\"http:\/\/fedai.az\/wp-content\/uploads\/2020\/08\/117715010_299743704783656_8593968007217297780_n.jpg\" alt=\"\" data-id=\"13833\" data-link=\"http:\/\/fedai.az\/?attachment_id=13833\" class=\"wp-image-13833\"\/><\/figure><\/li><li class=\"blocks-gallery-item\"><figure><img decoding=\"async\" src=\"http:\/\/fedai.az\/wp-content\/uploads\/2020\/08\/117650000_721649688678251_4676349856579188746_n.jpg\" alt=\"\" data-id=\"13834\" data-link=\"http:\/\/fedai.az\/?attachment_id=13834\" class=\"wp-image-13834\"\/><\/figure><\/li><li class=\"blocks-gallery-item\"><figure><img decoding=\"async\" src=\"http:\/\/fedai.az\/wp-content\/uploads\/2020\/08\/117649993_2427852170854590_5119293747821669920_n.jpg\" alt=\"\" data-id=\"13835\" data-full-url=\"http:\/\/fedai.az\/wp-content\/uploads\/2020\/08\/117649993_2427852170854590_5119293747821669920_n.jpg\" data-link=\"http:\/\/fedai.az\/?attachment_id=13835\" class=\"wp-image-13835\"\/><\/figure><\/li><\/ul><\/figure>\n","protected":false},"excerpt":{"rendered":"<p>\u201cM\u0259n d\u0259f\u0259l\u0259rl\u0259 demi\u015f\u0259m ki, Prezident ba\u015fda olmaqla b\u00fct\u00fcn d\u00f6vl\u0259t m\u0259murlar\u0131 xalq\u0131n xidm\u0259t\u00e7il\u0259ridir. M\u0259hz buna g\u00f6r\u0259 biz bu v\u0259zif\u0259d\u0259yik. Buna g\u00f6r\u0259 xalq m\u0259n\u0259 etibar g\u00f6st\u0259rib<\/p>\n","protected":false},"author":2,"featured_media":13836,"comment_status":"closed","ping_status":"closed","sticky":false,"template":"","format":"standard","meta":{"footnotes":""},"categories":[5],"tags":[],"class_list":["post-13831","post","type-post","status-publish","format-standard","has-post-thumbnail","hentry","category-veteran"],"aioseo_notices":[],"_links":{"self":[{"href":"https:\/\/fedai.az\/index.php?rest_route=\/wp\/v2\/posts\/13831","targetHints":{"allow":["GET"]}}],"collection":[{"href":"https:\/\/fedai.az\/index.php?rest_route=\/wp\/v2\/posts"}],"about":[{"href":"https:\/\/fedai.az\/index.php?rest_route=\/wp\/v2\/types\/post"}],"author":[{"embeddable":true,"href":"https:\/\/fedai.az\/index.php?rest_route=\/wp\/v2\/users\/2"}],"replies":[{"embeddable":true,"href":"https:\/\/fedai.az\/index.php?rest_route=%2Fwp%2Fv2%2Fcomments&post=13831"}],"version-history":[{"count":2,"href":"https:\/\/fedai.az\/index.php?rest_route=\/wp\/v2\/posts\/13831\/revisions"}],"predecessor-version":[{"id":13838,"href":"https:\/\/fedai.az\/index.php?rest_route=\/wp\/v2\/posts\/13831\/revisions\/13838"}],"wp:featuredmedia":[{"embeddable":true,"href":"https:\/\/fedai.az\/index.php?rest_route=\/wp\/v2\/media\/13836"}],"wp:attachment":[{"href":"https:\/\/fedai.az\/index.php?rest_route=%2Fwp%2Fv2%2Fmedia&parent=13831"}],"wp:term":[{"taxonomy":"category","embeddable":true,"href":"https:\/\/fedai.az\/index.php?rest_route=%2Fwp%2Fv2%2Fcategories&post=13831"},{"taxonomy":"post_tag","embeddable":true,"href":"https:\/\/fedai.az\/index.php?rest_route=%2Fwp%2Fv2%2Ftags&post=13831"}],"curies":[{"name":"wp","href":"https:\/\/api.w.org\/{rel}","templated":true}]}}