{"id":13839,"date":"2020-08-25T21:17:13","date_gmt":"2020-08-25T17:17:13","guid":{"rendered":"http:\/\/fedai.az\/?p=13839"},"modified":"2020-08-25T21:17:45","modified_gmt":"2020-08-25T17:17:45","slug":"ramiz-mehdiyev-onlarla-adami-m%c9%99hk%c9%99m%c9%99-il%c9%99-h%c9%99d%c9%99l%c9%99di","status":"publish","type":"post","link":"https:\/\/fedai.az\/?p=13839","title":{"rendered":"Ramiz Mehdiyev onlarla adam\u0131 m\u0259hk\u0259m\u0259 il\u0259 H\u018fD\u018fL\u018fD\u0130"},"content":{"rendered":"\n<p><strong>AMEA-n\u0131n prezidenti, akademik Ramiz Mehdiyevin a\u00e7\u0131qlama yay\u0131b.<\/strong><\/p>\n\n\n\n<p> <strong>AMEA-n\u0131n sayt\u0131nda yerl\u0259\u015fdiril\u0259n a\u00e7\u0131qlamada R.Mehdiyev onun bar\u0259sind\u0259 fikril\u0259r s\u0259sl\u0259ndir\u0259n deputatlara, q\u0259zet redaktorlar\u0131 v\u0259 partiya s\u0259drl\u0259rin\u0259 s\u0259sl\u0259nib:<\/strong><\/p>\n\n\n\n<p>\u201c24 avqust 2020-ci il tarixind\u0259 AMEA-n\u0131n r\u0259smi sayt\u0131nda xeyli m\u00fcdd\u0259tdir ki, q\u0259zetl\u0259rd\u0259 v\u0259 elektron K\u0130V-l\u0259rd\u0259 m\u0259n\u0259 qar\u015f\u0131 apar\u0131lan b\u0259zi mill\u0259t v\u0259kill\u0259rinin d\u0259 c\u0259lb olundu\u011fu t\u0259hqir v\u0259 qaralama kampaniyas\u0131na m\u00fcnasib\u0259t bildirm\u0259kl\u0259 b\u00fct\u00fcn m\u0259s\u0259l\u0259l\u0259rin ayd\u0131nla\u015faca\u011f\u0131na \u00fcmid b\u0259sl\u0259yirdim. Lakin a\u00e7\u0131qlaman\u0131n d\u0259rc edilm\u0259sind\u0259n sonra eyni ittiham v\u0259 b\u00f6htanlar\u0131n daha da eyb\u0259c\u0259r formada t\u0259krar s\u0259sl\u0259ndirilm\u0259si m\u0259ni yeni a\u00e7\u0131qlaman\u0131n verilm\u0259si z\u0259rur\u0259tin\u0259 inand\u0131rm\u0131\u015f oldu.<\/p>\n\n\n\n<p>S\u0131ralar\u0131nda \u00f6t\u0259n il Prezident c\u0259nab \u0130lham \u018fliyevin etimads\u0131zl\u0131\u011f\u0131 s\u0259b\u0259bind\u0259n \u00f6z\u00fcn\u00fc buraxm\u0131\u015f parlamentin bir s\u0131ra deputatlar\u0131 olmaqla m\u0259n\u0259 qar\u015f\u0131 canla-ba\u015fla h\u00fccum ed\u0259n \u015f\u0259xsl\u0259rin ittihamlar\u0131 olduqca g\u00fclm\u0259li v\u0259 \u0259sass\u0131zd\u0131r. Bel\u0259 ki, onlar m\u0259ni guya Rusiyan\u0131n Az\u0259rbaycandak\u0131 \u201c5-ci kolonunun\u201d r\u0259hb\u0259ri olmaqda v\u0259 Prezident Administrasiyas\u0131na r\u0259hb\u0259rlik etdiyim d\u00f6vrd\u0259 d\u00f6vl\u0259t ba\u015f\u00e7\u0131s\u0131n\u0131n islahatlar\u0131na s\u00fcni \u0259ng\u0259ll\u0259r yaratmaqda g\u00fcnahland\u0131r\u0131rlar.<\/p>\n\n\n\n<p>Kimliyind\u0259n as\u0131l\u0131 olmayaraq maraql\u0131 q\u00fcvv\u0259l\u0259r\u0259 yar\u0131nmaq m\u0259qs\u0259dil\u0259 ortal\u0131\u011fa at\u0131lan \u015f\u0259xsl\u0259r\u0259 ilk n\u00f6vb\u0259d\u0259 c\u0259nab Prezidentin 23 oktyabr 2019-cu il tarixind\u0259 m\u0259ni \u00f6lk\u0259mizin \u0259n ali m\u00fckafat\u0131 \u2013 \u201cHeyd\u0259r \u018fliyev\u201d ordeni il\u0259 t\u0259ltif ed\u0259rk\u0259n s\u00f6yl\u0259diyi fikirl\u0259ri xat\u0131rlatmaq ist\u0259yir\u0259m. H\u0259min g\u00fcn d\u00f6vl\u0259t ba\u015f\u00e7\u0131s\u0131 b\u00fct\u00fcn xalq\u0131n \u00f6n\u00fcnd\u0259 m\u0259n\u0259 idar\u0259\u00e7ilik sah\u0259sind\u0259ki s\u0259m\u0259r\u0259li f\u0259aliyy\u0259tim\u0259 v\u0259 xidm\u0259tl\u0259rim\u0259 g\u00f6r\u0259 \u00f6z t\u0259\u015f\u0259kk\u00fcr\u00fcn\u00fc bildirdi. B\u0259yan etdi ki, d\u00f6vl\u0259t maraqlar\u0131 m\u0259nim \u00fc\u00e7\u00fcn h\u0259r zaman h\u0259r \u015feyd\u0259n daha \u00fcst\u00fcn olmu\u015fdur.H\u0259m\u00e7inin \u0130lham \u018fliyev xat\u0131rlatd\u0131 ki, Heyd\u0259r \u018fliyev Moskvada y\u00fcks\u0259k v\u0259zif\u0259d\u0259n uzaqla\u015fd\u0131r\u0131lark\u0259n bir \u00e7oxlar\u0131 ona x\u0259yan\u0259t etdiyi halda, m\u0259hz Ramiz Mehdiyev ulu \u00f6nd\u0259r\u0259 sonad\u0259k sadiq qalm\u0131\u015f azsayl\u0131 \u015f\u0259xsl\u0259rd\u0259n biri kimi h\u00f6rm\u0259t\u0259 layiqdir. \u015e\u0259xs\u0259n m\u0259nim \u00fc\u00e7\u00fcn \u00f6lk\u0259 ba\u015f\u00e7\u0131s\u0131n\u0131n verdiyi bu qiym\u0259td\u0259n daha y\u00fcks\u0259kd\u0259 dayanan he\u00e7 bir r\u0259y v\u0259 fikir ola bilm\u0259z. Ancaq g\u00f6r\u00fcn\u0259n odur ki, d\u00f6vl\u0259t ba\u015f\u00e7\u0131s\u0131n\u0131n m\u00f6vqeyin\u0259 zidd olaraq m\u0259n\u0259 qara yaxma\u011fa \u00e7al\u0131\u015fanlar tamamil\u0259 ba\u015fqa q\u00fcvv\u0259l\u0259r\u0259, Az\u0259rbaycanda qar\u0131\u015f\u0131ql\u0131q yaratma\u011fa \u00e7al\u0131\u015fan v\u0259 Prezidentin f\u0259aliyy\u0259tin\u0259 k\u00f6lg\u0259 salmaqda maraql\u0131 olan dair\u0259l\u0259r\u0259 xidm\u0259t edirl\u0259r. M\u0259n a\u00e7\u0131q m\u0259tnl\u0259 onlardan soru\u015furam:<strong>\u00a0<\/strong><\/p>\n\n\n\n<p><strong>\u201cXan\u0131mlar v\u0259 c\u0259nablar, siz kim\u0259 xidm\u0259t edirsiniz? B\u0259lk\u0259 m\u0259nim Prezidentiml\u0259 sizin prezidentiniz ayr\u0131-ayr\u0131 \u015f\u0259xsl\u0259rdir? Siz 49 il m\u00fcdd\u0259tind\u0259 Heyd\u0259r \u018fliyevin v\u0259 \u0130lham \u018fliyevin sadiq silahda\u015f\u0131 olmu\u015f, bu d\u00f6vl\u0259t\u0259 f\u0259dakarl\u0131qla xidm\u0259t etmi\u015f \u015f\u0259xs\u0259 iftira atmaq c\u0259sar\u0259tini kimd\u0259n al\u0131rs\u0131n\u0131z? \u018fg\u0259r c\u00fcr\u0259tiniz \u00e7at\u0131rsa, m\u0259nim suallar\u0131ma ayd\u0131n bir cavab verin. Sizin ver\u0259c\u0259yiniz cavab iqtidar daxilind\u0259ki h\u0259qiqi \u201cbe\u015finci kolonu\u201d if\u015fa etm\u0259k bax\u0131m\u0131ndan \u00e7ox faydal\u0131 olacaq.<\/strong><\/p>\n\n\n\n<p>Bulan\u0131q suda bal\u0131q tutmaq x\u00fclyas\u0131nda olanlar\u0131n n\u0259z\u0259rin\u0259 \u00e7atd\u0131rmaq ist\u0259yir\u0259m ki, hal-haz\u0131rda maddi nem\u0259tl\u0259rind\u0259n genin\u0259-boluna yararland\u0131\u011f\u0131n\u0131z d\u00f6vl\u0259tin qurulmas\u0131 v\u0259 g\u00fccl\u0259nm\u0259si sizin yox, \u00dcmummilli lider Heyd\u0259r \u018fliyevin, Prezident \u0130lham \u018fliyevin v\u0259 onlar\u0131n sadiq silahda\u015flar\u0131n\u0131n xidm\u0259tidir. Bu g\u00fcn haz\u0131ra nazir olanlar anlamal\u0131d\u0131rlar ki, \u00dcmummilli liderin v\u0259 c\u0259nab Prezidentin sadiq silahda\u015flar\u0131na b\u00f6htan atmaqla onlar ilk n\u00f6vb\u0259d\u0259 30 illik m\u00fcst\u0259qillik tariximizin \u0259h\u0259miyy\u0259tli bir d\u00f6vr\u00fcn\u0259 k\u00f6lg\u0259 salm\u0131\u015f olurlar. Bel\u0259 \u00e7\u0131x\u0131r ki, bu m\u00fcdd\u0259t \u0259rzind\u0259 \u201cbe\u015finci kolona\u201d \u00f6lk\u0259nin \u0259n m\u00f6t\u0259b\u0259r v\u0259zif\u0259l\u0259rind\u0259n biri etibar edilmi\u015f, onun liderin\u0259 is\u0259 d\u00f6vl\u0259tin taley\u00fckl\u00fc probleml\u0259ril\u0259 m\u0259\u015f\u011ful olmaq h\u0259val\u0259 olunmu\u015fdur. Raz\u0131la\u015f\u0131n ki, bu fikirl\u0259r \u00e7ox absurd s\u0259sl\u0259nir v\u0259 onlar ancaq x\u0259st\u0259, iddialar\u0131 il\u0259 bacar\u0131\u011f\u0131 v\u0259 imkanlar\u0131 t\u0259rs m\u00fct\u0259nasib olan bir t\u0259x\u0259yy\u00fcl\u00fcn m\u0259hsulu ola bil\u0259r. M\u0259n buna ba\u015fqa ad verm\u0259kd\u0259 \u00e7\u0259tinlik \u00e7\u0259kir\u0259m. Deyil\u0259nl\u0259r m\u0259s\u0259l\u0259nin yaln\u0131z m\u0259n\u0259vi t\u0259r\u0259fidir\u201d.<\/p>\n\n\n\n<p><strong>R.Mehdiyev bildirib ki, s\u00fcbut olmadan at\u0131lan b\u00f6htanlar v\u0259 edil\u0259n t\u0259hqirl\u0259r h\u00fcquqi m\u0259suliyy\u0259t yarad\u0131r:<\/strong>\u00a0<\/p>\n\n\n\n<p><strong>\u201cBir \u015f\u0259xsi, x\u00fcsusil\u0259 d\u0259 v\u0259zif\u0259li \u015f\u0259xsi d\u00f6vl\u0259t\u0259 x\u0259yan\u0259td\u0259 g\u00fcnahland\u0131rmaq ciddi ittihamd\u0131r. Az\u0259rbaycan Respublikas\u0131n\u0131n Cinay\u0259t M\u0259c\u0259ll\u0259sinin 147-ci (b\u00f6htan) v\u0259 148-ci (t\u0259hqir) madd\u0259l\u0259rin\u0259 \u0259sas\u0259n, \u015f\u0259xsin \u015f\u0259r\u0259f v\u0259 l\u0259yaq\u0259tini l\u0259k\u0259l\u0259y\u0259n v\u0259 ya onu n\u00fcfuzdan salan m\u0259lumatlar\u0131 k\u00fctl\u0259vi \u00e7\u0131x\u0131\u015flarda v\u0259 K\u0130V-l\u0259rd\u0259 yaymaq, habel\u0259 internet informasiya ehtiyat\u0131nda \u015f\u0259xsiyy\u0259tin \u015f\u0259r\u0259f v\u0259 l\u0259yaq\u0259tini nalayiq formada q\u0259sd\u0259n al\u00e7altmaq azadl\u0131qdan m\u0259hrumetm\u0259 c\u0259zas\u0131 il\u0259 n\u0259tic\u0259l\u0259nir. Bu bax\u0131mdan bir v\u0259t\u0259nda\u015f kimi \u00f6z \u015f\u0259r\u0259f v\u0259 l\u0259yaq\u0259timi m\u0259hk\u0259m\u0259d\u0259 qorumaq h\u00fcququnu \u00f6z\u00fcmd\u0259 saxlay\u0131ram. M\u0259n\u0259 riyakarcas\u0131na b\u00f6htan atan v\u0259 t\u0259hqir ed\u0259n mill\u0259t v\u0259kill\u0259ri F\u0259zail A\u011famal\u0131, M\u0259lah\u0259t \u0130brahimq\u0131z\u0131, S\u0259m\u0259d Seyidov, Adil \u018fliyev, Musa Qas\u0131ml\u0131, Q\u0259nir\u0259 Pa\u015fayeva, Elman N\u0259sirov, Hikm\u0259t Babao\u011flu, Eldar Quliyev, \u00dclvi Quliyev, Hicran H\u00fcseynova, Cavid Osmanov, \u015eahin \u0130smay\u0131lov, Malik H\u0259s\u0259nov, Sevinc H\u00fcseynova, Siyavu\u015f Novruzov, siyasi politoloqlar Eldar Namazov, Elxan \u015eahino\u011flu, El\u00e7in Mirz\u0259b\u0259yli, ke\u00e7mi\u015f m\u0259murlardan Hac\u0131bala Abutal\u0131bov, Abid \u015e\u0259rifov, Maksim Musayev, partiya r\u0259hb\u0259rl\u0259rind\u0259n \u201cA\u011f partiya\u201dn\u0131n s\u0259dri Tural Abbasl\u0131, AM\u0130P s\u0259dri Arzuxan \u018flizad\u0259, \u201cB\u00f6y\u00fck Az\u0259rbaycan partiyas\u0131\u201dn\u0131n s\u0259dri El\u015fad Musayev, \u201cTuran\u201d partiyas\u0131n\u0131n ba\u015fqan\u0131 Cahandar Bayo\u011flu, q\u0259zet redaktorlar\u0131 Rauf Arifo\u011flu, B\u0259xtiyar Sad\u0131qov v\u0259 S\u0259rdar C\u0259lalo\u011flu unutmas\u0131nlar ki, prosesl\u0259rin bel\u0259 davam ed\u0259c\u0259yi t\u0259qdird\u0259 m\u0259n x\u00fcsusi ittiham qaydas\u0131nda m\u0259hk\u0259m\u0259y\u0259 m\u00fcraci\u0259t etm\u0259k h\u00fcququmdan h\u0259r an istifad\u0259 ed\u0259 bil\u0259r\u0259m.<\/strong><\/p>\n\n\n\n<p>M\u0259n ke\u00e7mi\u015fimd\u0259n v\u0259 bu g\u00fcn\u00fcmd\u0259n arxay\u0131nam. D\u00fcn\u0259niml\u0259 \u00fczl\u0259\u015fm\u0259y\u0259 h\u0259mi\u015f\u0259 haz\u0131ram, bu g\u00fcn\u00fcm is\u0259 h\u0259r k\u0259sin g\u00f6z\u00fc qar\u015f\u0131s\u0131ndad\u0131r.\u00dcnvan\u0131ma ittihamlar s\u0259sl\u0259ndir\u0259nl\u0259rin \u00e7oxundan f\u0259rqli olaraq \u00f6mr\u00fcm boyu ancaq bir \u0259qid\u0259y\u0259 qulluq etmi\u015f\u0259m v\u0259 bununla da q\u00fcrur duyuram! Bundan sonra da he\u00e7 k\u0259s m\u0259ni tutdu\u011fum yoldan d\u00f6nd\u0259r\u0259 bilm\u0259z! B\u0259s g\u00f6r\u0259s\u0259n m\u0259ni ittiham ed\u0259nl\u0259rd\u0259 nec\u0259, eyni arxay\u0131nl\u0131q varm\u0131? Onlar d\u00fcn\u0259n dedikl\u0259rin\u0259 bu g\u00fcn v\u0259 sabah eyni \u0259minlikl\u0259 imza ata bil\u0259c\u0259kl\u0259rmi? Bu qarayaxma kampaniyas\u0131 g\u00f6st\u0259rdi ki, h\u0259qiqi m\u00fcxalif\u0259tin bir simas\u0131 oldu\u011fu halda, \u00f6z\u00fcn\u00fc iqtidara loyal g\u00f6st\u0259r\u0259n b\u0259zi mill\u0259t v\u0259kill\u0259rinin, ke\u00e7mi\u015f m\u0259murlar\u0131n, jurnalistl\u0259rin laz\u0131m g\u0259ldikd\u0259 bir ne\u00e7\u0259 simas\u0131 ola bilirmi\u015f.<\/p>\n\n\n\n<p><strong>Bel\u0259 \u00e7irkin oyunlar\u0131n al\u0259tin\u0259 \u00e7evril\u0259nl\u0259r n\u0259z\u0259r\u0259 als\u0131nlar ki, onlar \u00f6z \u00e7\u0131x\u0131\u015flar\u0131nda tez-tez Rusiyan\u0131n ad\u0131n\u0131 halland\u0131rmaqla ilk n\u00f6vb\u0259d\u0259 m\u00fcst\u0259qil d\u00f6vl\u0259timiz \u00fc\u00e7\u00fcn ciddi probleml\u0259r yarad\u0131rlar. Onlar faktiki olaraq Rusiyan\u0131 \u00f6lk\u0259mizin idar\u0259etm\u0259 strukturlar\u0131nda b\u00f6y\u00fck casus \u015f\u0259b\u0259k\u0259si formala\u015fd\u0131rmaqda ittiham edir, bununla da Moskvadak\u0131 b\u0259zi maraql\u0131 dair\u0259l\u0259r\u0259 Az\u0259rbaycan\u0131 t\u0259xribata \u00e7\u0259km\u0259y\u0259 b\u0259han\u0259 verirl\u0259r.\u00a0Bel\u0259 m\u0259suliyy\u0259tsiz v\u0259 t\u0259hl\u00fck\u0259li oyunlardan \u00e7\u0259kinm\u0259k laz\u0131md\u0131r. \u00d6z xalq\u0131n\u0131n g\u0259l\u0259c\u0259yini, v\u0259t\u0259ninin sabitliyini v\u0259 rifah\u0131n\u0131 d\u00fc\u015f\u00fcn\u0259n he\u00e7 bir az\u0259rbaycanl\u0131 bel\u0259 i\u015fl\u0259r\u0259 qol qoymamal\u0131d\u0131r. H\u0259r k\u0259s verdiyi b\u0259yanat\u0131n m\u0259na tutumu, onun yaradaca\u011f\u0131 effekt v\u0259 do\u011furaca\u011f\u0131 t\u0259hl\u00fck\u0259li probleml\u0259r haqq\u0131nda d\u00fc\u015f\u00fcnm\u0259lidir.\u00a0X\u00fcsusil\u0259 d\u0259 Az\u0259rbaycan\u0131n yerl\u0259\u015fdiyi b\u00f6lg\u0259nin geosiyasi h\u0259ssasl\u0131\u011f\u0131n\u0131 n\u0259z\u0259r\u0259 alsaq, \u00f6lk\u0259mizd\u0259 veril\u0259n b\u00fct\u00fcn siyasi b\u0259yanatlar y\u00fcz \u00f6l\u00e7\u00fcl\u00fcb bir bi\u00e7ilm\u0259lidir\u201d.<\/strong><\/p>\n","protected":false},"excerpt":{"rendered":"<p>AMEA-n\u0131n prezidenti, akademik Ramiz Mehdiyevin a\u00e7\u0131qlama yay\u0131b. AMEA-n\u0131n sayt\u0131nda yerl\u0259\u015fdiril\u0259n a\u00e7\u0131qlamada R.Mehdiyev onun bar\u0259sind\u0259 fikril\u0259r s\u0259sl\u0259ndir\u0259n deputatlara, q\u0259zet redaktorlar\u0131 v\u0259 partiya s\u0259drl\u0259rin\u0259 s\u0259sl\u0259nib: \u201c24<\/p>\n","protected":false},"author":2,"featured_media":0,"comment_status":"closed","ping_status":"closed","sticky":false,"template":"","format":"standard","meta":{"footnotes":""},"categories":[3],"tags":[],"class_list":["post-13839","post","type-post","status-publish","format-standard","hentry","category-gundm"],"aioseo_notices":[],"_links":{"self":[{"href":"https:\/\/fedai.az\/index.php?rest_route=\/wp\/v2\/posts\/13839","targetHints":{"allow":["GET"]}}],"collection":[{"href":"https:\/\/fedai.az\/index.php?rest_route=\/wp\/v2\/posts"}],"about":[{"href":"https:\/\/fedai.az\/index.php?rest_route=\/wp\/v2\/types\/post"}],"author":[{"embeddable":true,"href":"https:\/\/fedai.az\/index.php?rest_route=\/wp\/v2\/users\/2"}],"replies":[{"embeddable":true,"href":"https:\/\/fedai.az\/index.php?rest_route=%2Fwp%2Fv2%2Fcomments&post=13839"}],"version-history":[{"count":1,"href":"https:\/\/fedai.az\/index.php?rest_route=\/wp\/v2\/posts\/13839\/revisions"}],"predecessor-version":[{"id":13841,"href":"https:\/\/fedai.az\/index.php?rest_route=\/wp\/v2\/posts\/13839\/revisions\/13841"}],"wp:attachment":[{"href":"https:\/\/fedai.az\/index.php?rest_route=%2Fwp%2Fv2%2Fmedia&parent=13839"}],"wp:term":[{"taxonomy":"category","embeddable":true,"href":"https:\/\/fedai.az\/index.php?rest_route=%2Fwp%2Fv2%2Fcategories&post=13839"},{"taxonomy":"post_tag","embeddable":true,"href":"https:\/\/fedai.az\/index.php?rest_route=%2Fwp%2Fv2%2Ftags&post=13839"}],"curies":[{"name":"wp","href":"https:\/\/api.w.org\/{rel}","templated":true}]}}