{"id":13845,"date":"2020-08-25T21:55:02","date_gmt":"2020-08-25T17:55:02","guid":{"rendered":"http:\/\/fedai.az\/?p=13845"},"modified":"2020-08-25T21:55:15","modified_gmt":"2020-08-25T17:55:15","slug":"t%c9%99hsill%c9%99-bagli-yeni-qaydalar-t%c9%99sdiq-olunub","status":"publish","type":"post","link":"https:\/\/fedai.az\/?p=13845","title":{"rendered":"T\u0259hsill\u0259 ba\u011fl\u0131 yeni qaydalar t\u0259sdiq olunub"},"content":{"rendered":"\n<p><strong>COVID-19 infeksiyas\u0131n\u0131n yay\u0131lmas\u0131n\u0131n qar\u015f\u0131s\u0131n\u0131n al\u0131nmas\u0131 m\u0259qs\u0259dil\u0259 h\u0259yata ke\u00e7iril\u0259n t\u0259dbirl\u0259r n\u0259z\u0259r\u0259 al\u0131naraq, T\u0259hsil Nazirliyinin Kollegiyas\u0131n\u0131n 21.05.2020-ci il tarixli q\u0259rar\u0131 il\u0259 &#171;\u00dcmumi t\u0259hsil pill\u0259sind\u0259 t\u0259hsilalanlar\u0131n attestasiyas\u0131n\u0131n (m\u0259kt\u0259bdaxili qiym\u0259tl\u0259ndirm\u0259nin) apar\u0131lmas\u0131n\u0131n m\u00fcv\u0259qq\u0259ti Qaydas\u0131\u201d t\u0259sdiq edilib. <\/strong><\/p>\n\n\n\n<p> T\u0259hsil Nazirliyinin \u0130ctimaiyy\u0259tl\u0259 \u0259laq\u0259l\u0259r sektorunun m\u00fcdiri C\u0259sar\u0259t Valehov bildirib. Onun s\u00f6zl\u0259rin\u0259 g\u00f6r\u0259, Qaydaya \u0259sas\u0259n \u015fagirdl\u0259rinin t\u0259dris ilinin I yar\u0131mili \u00fc\u00e7\u00fcn yar\u0131millik ballar\u0131 v\u0259 qiym\u0259tl\u0259ri onlar\u0131n t\u0259dris ili \u00fczr\u0259 m\u00fcvafiq olaraq illik ballar\u0131 v\u0259 qiym\u0259tl\u0259ri kimi q\u0259bul edilib. H\u0259r hans\u0131 f\u0259nn \u00fczr\u0259 illik qiym\u0259ti il\u0259 raz\u0131la\u015fmayan V-VIII v\u0259 X sinif \u015fagirdl\u0259rin\u0259 \u00fcmumi t\u0259hsil m\u00fc\u0259ssis\u0259sin\u0259 yenid\u0259n m\u0259kt\u0259bdaxili qiym\u0259tl\u0259ndirm\u0259nin t\u0259\u015fkili il\u0259 ba\u011fl\u0131 m\u00fcraci\u0259t etm\u0259k imkan\u0131 yarad\u0131l\u0131b. \u018fld\u0259 olunan ilkin m\u0259lumatlara \u0259sas\u0259n 20 min\u0259 yax\u0131n \u015fagird bu h\u00fcququndan istifad\u0259 etm\u0259k \u00fc\u00e7\u00fcn m\u00fcraci\u0259t edib.<\/p>\n\n\n\n<p> C. Valehov deyib ki, \u00f6lk\u0259 \u0259razisind\u0259 31 avqust 2020-ci il tarix\u0259d\u0259k x\u00fcsusi karantin rejiminin t\u0259tbiq olundu\u011funu n\u0259z\u0259r\u0259 alaraq, illik qiym\u0259ti il\u0259 raz\u0131la\u015fmayan v\u0259 ya biliyi qiym\u0259tl\u0259ndirm\u0259y\u0259n \u015fagirdl\u0259rin biliyinin yenid\u0259n qiym\u0259tl\u0259ndirilm\u0259si prosesinin 21-31 avqust 2020-ci il tarixl\u0259ri aras\u0131nda a\u015fa\u011f\u0131dak\u0131 iki formadan biri v\u0259 ya h\u0259r ikisi se\u00e7ilm\u0259kl\u0259 h\u0259yata ke\u00e7irilm\u0259si t\u00f6vsiy\u0259 olunur: 1. Microsoft Teams platformas\u0131nda onlayn \u015f\u0259kild\u0259; 2. M\u0259kt\u0259bl\u0259rd\u0259 a\u00e7\u0131q hava \u015f\u0259raitind\u0259. A\u00e7\u0131q hava \u015f\u0259raitind\u0259 qiym\u0259tl\u0259ndirm\u0259 &#171;\u0130mtahanlar zaman\u0131 koronavirus infeksiyas\u0131n\u0131n (COV\u0130D-19) profilaktikas\u0131na dair metodiki g\u00f6st\u0259ri\u015fl\u0259r\u201din (\u0259lav\u0259 olunur) t\u0259l\u0259bl\u0259ri g\u00f6zl\u0259nilm\u0259kl\u0259 h\u0259yata ke\u00e7irilir. <\/p>\n\n\n\n<p>Qiym\u0259tl\u0259ndirm\u0259nin t\u0259\u015fkili formas\u0131n\u0131n m\u00fc\u0259yy\u0259nl\u0259\u015fdirilm\u0259si \u00fc\u00e7\u00fcn m\u0259kt\u0259b r\u0259hb\u0259rliyi t\u0259r\u0259find\u0259n m\u0259kt\u0259bin maddi-t\u0259dris bazas\u0131, texniki t\u0259minat\u0131 v\u0259 \u015fagird-m\u00fc\u0259llim hey\u0259tinin internet resurslar\u0131na \u00e7\u0131x\u0131\u015f imkanlar\u0131 ara\u015fd\u0131r\u0131lmal\u0131, ara\u015fd\u0131rma n\u0259tic\u0259sin\u0259 \u0259sas\u0259n, qiym\u0259tl\u0259ndirm\u0259 formas\u0131n\u0131n ke\u00e7irilm\u0259si\u0259 dair q\u0259rar q\u0259bul edilm\u0259li v\u0259 bu bar\u0259d\u0259 m\u00fc\u0259lliml\u0259r\u0259, valideyn v\u0259 \u015fagirdl\u0259r\u0259 m\u0259lumat verilm\u0259lidir. Sektor m\u00fcdiri \u0259lav\u0259 edib ki, II-VIII v\u0259 X sinifl\u0259rd\u0259 m\u0259kt\u0259bdaxili qiym\u0259tl\u0259ndirm\u0259nin n\u0259tic\u0259l\u0259rin\u0259 \u0259sas\u0259n t\u0259hsilalanlar\u0131n sinifd\u0259n-sinf\u0259 ke\u00e7irilm\u0259si &#171;\u00dcmumi t\u0259hsil m\u00fc\u0259ssis\u0259l\u0259rind\u0259 \u015fagirdl\u0259rin sinifd\u0259n-sinf\u0259 ke\u00e7irilm\u0259si haqq\u0131nda m\u00fcv\u0259qq\u0259ti qaydalar\u201da \u0259sas\u0259n t\u0259nziml\u0259nir.<\/p>\n","protected":false},"excerpt":{"rendered":"<p>COVID-19 infeksiyas\u0131n\u0131n yay\u0131lmas\u0131n\u0131n qar\u015f\u0131s\u0131n\u0131n al\u0131nmas\u0131 m\u0259qs\u0259dil\u0259 h\u0259yata ke\u00e7iril\u0259n t\u0259dbirl\u0259r n\u0259z\u0259r\u0259 al\u0131naraq, T\u0259hsil Nazirliyinin Kollegiyas\u0131n\u0131n 21.05.2020-ci il tarixli q\u0259rar\u0131 il\u0259 &#171;\u00dcmumi t\u0259hsil pill\u0259sind\u0259 t\u0259hsilalanlar\u0131n attestasiyas\u0131n\u0131n<\/p>\n","protected":false},"author":2,"featured_media":0,"comment_status":"closed","ping_status":"closed","sticky":false,"template":"","format":"standard","meta":{"footnotes":""},"categories":[8],"tags":[],"class_list":["post-13845","post","type-post","status-publish","format-standard","hentry","category-thsil"],"aioseo_notices":[],"_links":{"self":[{"href":"https:\/\/fedai.az\/index.php?rest_route=\/wp\/v2\/posts\/13845","targetHints":{"allow":["GET"]}}],"collection":[{"href":"https:\/\/fedai.az\/index.php?rest_route=\/wp\/v2\/posts"}],"about":[{"href":"https:\/\/fedai.az\/index.php?rest_route=\/wp\/v2\/types\/post"}],"author":[{"embeddable":true,"href":"https:\/\/fedai.az\/index.php?rest_route=\/wp\/v2\/users\/2"}],"replies":[{"embeddable":true,"href":"https:\/\/fedai.az\/index.php?rest_route=%2Fwp%2Fv2%2Fcomments&post=13845"}],"version-history":[{"count":1,"href":"https:\/\/fedai.az\/index.php?rest_route=\/wp\/v2\/posts\/13845\/revisions"}],"predecessor-version":[{"id":13847,"href":"https:\/\/fedai.az\/index.php?rest_route=\/wp\/v2\/posts\/13845\/revisions\/13847"}],"wp:attachment":[{"href":"https:\/\/fedai.az\/index.php?rest_route=%2Fwp%2Fv2%2Fmedia&parent=13845"}],"wp:term":[{"taxonomy":"category","embeddable":true,"href":"https:\/\/fedai.az\/index.php?rest_route=%2Fwp%2Fv2%2Fcategories&post=13845"},{"taxonomy":"post_tag","embeddable":true,"href":"https:\/\/fedai.az\/index.php?rest_route=%2Fwp%2Fv2%2Ftags&post=13845"}],"curies":[{"name":"wp","href":"https:\/\/api.w.org\/{rel}","templated":true}]}}