{"id":13851,"date":"2020-08-26T00:39:54","date_gmt":"2020-08-25T20:39:54","guid":{"rendered":"http:\/\/fedai.az\/?p=13851"},"modified":"2020-08-26T00:53:07","modified_gmt":"2020-08-25T20:53:07","slug":"taninmis-sair-jurnalist-v%c9%99fat-etdi","status":"publish","type":"post","link":"https:\/\/fedai.az\/?p=13851","title":{"rendered":"Tan\u0131nm\u0131\u015f \u015fair, jurnalist v\u0259fat etdi"},"content":{"rendered":"\n<p><strong>Jurnalist, \u015fair Q\u0259l\u0259nd\u0259r Xa\u00e7\u0131n\u00e7ayl\u0131 v\u0259fat edib.<\/strong><\/p>\n\n\n\n<p>Bir m\u00fcdd\u0259t \u0259vv\u0259l x\u0259st\u0259xanaya yerl\u0259\u015fdiril\u0259n jurnalistin h\u0259yat\u0131n\u0131 xilas etm\u0259k m\u00fcmk\u00fcn olmay\u0131b.<\/p>\n\n\n\n<p>Qeyd edk ki, A\u011fdamda do\u011fulan Q\u0259l\u0259nd\u0259r Xa\u00e7\u0131n\u00e7ayl\u0131 pe\u015f\u0259 f\u0259aliyy\u0259tin\u0259 Neft Da\u015flar\u0131nda ba\u015flay\u0131b. Az\u0259rbaycan Yaz\u0131\u00e7\u0131lar Birliyinin (AYB) v\u0259 Az\u0259rbaycan Jurnalistl\u0259r Birliyinin (AJB) \u00fczv\u00fc idi. O, 1981-ci ild\u0259n m\u0259tbuatda m\u00fcnt\u0259z\u0259m olaraq \u015feir v\u0259 m\u0259qal\u0259l\u0259rl\u0259 \u00e7\u0131x\u0131\u015f edib. \u015eeirl\u0259ri \u201c\u018fd\u0259biyyat v\u0259 inc\u0259s\u0259n\u0259t\u201d, \u201cKommunist\u201d, \u201cBak\u0131\u201d, \u201cSavalan\u201d, \u201cAz\u0259rbaycan pioneri\u201d, \u201cF\u0259ryad\u201d, \u201cMeydan\u201d, \u201cS\u0259s\u201d, \u201cG\u0259l\u0259c\u0259k g\u00fcn\u201d, \u201c\u018fdal\u0259t\u201d, \u201cT\u0259zadlar\u201d q\u0259zetl\u0259rind\u0259, \u201cAz\u0259rbaycan\u201d, \u201cUlduz\u201d, \u201cM\u00fcxbir\u201d, \u201cK\u0259nd h\u0259yat\u0131\u201d, \u201cG\u00f6y\u0259r\u00e7in\u201d, \u201cPioner\u201d jurnallar\u0131nda ard\u0131c\u0131l olaraq \u00e7ap edilib. H\u0259m\u00e7inin, \u201cG\u0259nclik\u201d n\u0259\u015friyyat\u0131n\u0131n \u201calmanax\u201dlar\u0131nda \u0259s\u0259rl\u0259ri oxuculara t\u0259qdim olunub.<\/p>\n\n\n\n<p>Son ill\u0259rd\u0259 uzun m\u00fcdd\u0259t \u201cH\u0259ft\u0259 i\u00e7i\u201d q\u0259zeti il\u0259 \u0259m\u0259kda\u015fl\u0131q edib.<\/p>\n\n\n\n<p>Allah r\u0259hm\u0259t el\u0259sin\u201d<\/p>\n","protected":false},"excerpt":{"rendered":"<p>Jurnalist, \u015fair Q\u0259l\u0259nd\u0259r Xa\u00e7\u0131n\u00e7ayl\u0131 v\u0259fat edib. Bir m\u00fcdd\u0259t \u0259vv\u0259l x\u0259st\u0259xanaya yerl\u0259\u015fdiril\u0259n jurnalistin h\u0259yat\u0131n\u0131 xilas etm\u0259k m\u00fcmk\u00fcn olmay\u0131b. Qeyd edk ki, A\u011fdamda do\u011fulan Q\u0259l\u0259nd\u0259r Xa\u00e7\u0131n\u00e7ayl\u0131<\/p>\n","protected":false},"author":2,"featured_media":0,"comment_status":"closed","ping_status":"closed","sticky":false,"template":"","format":"standard","meta":{"footnotes":""},"categories":[4],"tags":[],"class_list":["post-13851","post","type-post","status-publish","format-standard","hentry","category-qarabag"],"aioseo_notices":[],"_links":{"self":[{"href":"https:\/\/fedai.az\/index.php?rest_route=\/wp\/v2\/posts\/13851","targetHints":{"allow":["GET"]}}],"collection":[{"href":"https:\/\/fedai.az\/index.php?rest_route=\/wp\/v2\/posts"}],"about":[{"href":"https:\/\/fedai.az\/index.php?rest_route=\/wp\/v2\/types\/post"}],"author":[{"embeddable":true,"href":"https:\/\/fedai.az\/index.php?rest_route=\/wp\/v2\/users\/2"}],"replies":[{"embeddable":true,"href":"https:\/\/fedai.az\/index.php?rest_route=%2Fwp%2Fv2%2Fcomments&post=13851"}],"version-history":[{"count":2,"href":"https:\/\/fedai.az\/index.php?rest_route=\/wp\/v2\/posts\/13851\/revisions"}],"predecessor-version":[{"id":13854,"href":"https:\/\/fedai.az\/index.php?rest_route=\/wp\/v2\/posts\/13851\/revisions\/13854"}],"wp:attachment":[{"href":"https:\/\/fedai.az\/index.php?rest_route=%2Fwp%2Fv2%2Fmedia&parent=13851"}],"wp:term":[{"taxonomy":"category","embeddable":true,"href":"https:\/\/fedai.az\/index.php?rest_route=%2Fwp%2Fv2%2Fcategories&post=13851"},{"taxonomy":"post_tag","embeddable":true,"href":"https:\/\/fedai.az\/index.php?rest_route=%2Fwp%2Fv2%2Ftags&post=13851"}],"curies":[{"name":"wp","href":"https:\/\/api.w.org\/{rel}","templated":true}]}}