{"id":13856,"date":"2020-08-26T01:03:52","date_gmt":"2020-08-25T21:03:52","guid":{"rendered":"http:\/\/fedai.az\/?p=13856"},"modified":"2020-08-26T01:04:16","modified_gmt":"2020-08-25T21:04:16","slug":"birinci-vitse-prezidentin-dogum-gunudur","status":"publish","type":"post","link":"https:\/\/fedai.az\/?p=13856","title":{"rendered":"Birinci Vitse Prezidentin do\u011fum g\u00fcn\u00fcd\u00fcr"},"content":{"rendered":"\n<p>Bu g\u00fcn Az\u0259rbaycan\u0131n Birinci vitse-prezidenti Mehriban \u018fliyevan\u0131n do\u011fum g\u00fcn\u00fcd\u00fcr!<\/p>\n\n\n\n<p><br>Mehriban Arif q\u0131z\u0131 \u018fliyeva \u2013 1964-c\u00fc ild\u0259 Bak\u0131 \u015f\u0259h\u0259rind\u0259\u00a0ziyal\u0131 ail\u0259sind\u0259 anadan olub. 1981-ci ild\u0259 Bak\u0131 \u015f\u0259h\u0259r 23 \u2116-li orta m\u0259kt\u0259bi q\u0131z\u0131l medalla bitir\u0259r\u0259k N\u0259riman N\u0259rimanov ad\u0131na Az\u0259rbaycan D\u00f6vl\u0259t Tibb \u0130nstitutunun m\u00fcalic\u0259-profilaktika fak\u00fclt\u0259sin\u0259 daxil olub. 1988-ci ild\u0259 \u0130.M.Se\u00e7enov ad\u0131na Birinci Moskva D\u00f6vl\u0259t Tibb \u0130nstitutunu f\u0259rql\u0259nm\u0259 diplomu il\u0259 bitirib.<\/p>\n\n\n\n<p><br>1988-1990-c\u0131 ill\u0259rd\u0259 \u0130.M.Se\u00e7enov ad\u0131na Birinci Moskva Tibb \u0130nstitutunda \u201cG\u00f6z x\u0259st\u0259likl\u0259ri\u201d ixtisas\u0131 \u00fczr\u0259 kliniki ordinatura ke\u00e7ib. 1988\u20131992-ci ill\u0259rd\u0259 Moskvada Elmi T\u0259dqiqat G\u00f6z X\u0259st\u0259likl\u0259ri \u0130nstitutunda i\u015fl\u0259yib. 1995-ci ild\u0259 Mehriban \u018fliyevan\u0131n t\u0259\u015f\u0259bb\u00fcs\u00fc il\u0259 haz\u0131rda onun r\u0259hb\u0259rlik etdiyi Az\u0259rbaycan M\u0259d\u0259niyy\u0259tinin Dostlar\u0131 Fondu t\u0259sis olunub.<\/p>\n\n\n\n<figure class=\"wp-block-image size-large is-resized\"><img loading=\"lazy\" decoding=\"async\" src=\"http:\/\/fedai.az\/wp-content\/uploads\/2020\/08\/1559053808-519181-ilhamm-450x250-1.jpg\" alt=\"\" class=\"wp-image-13858\" width=\"899\" height=\"499\"\/><\/figure>\n\n\n\n<p><br>1996-c\u0131 ild\u0259 Mehriban \u018fliyeva Az\u0259rbaycan m\u0259d\u0259niyy\u0259tinin geni\u015f t\u0259bli\u011f olunmas\u0131 m\u0259qs\u0259dil\u0259 \u00fc\u00e7 dild\u0259 (Az\u0259rbaycan, ingilis v\u0259 rus) \u00e7ap olunan \u201cAz\u0259rbaycan \u2013 \u0130rs\u201d jurnal\u0131n\u0131 t\u0259sis edib. Mehriban \u018fliyeva 2002-ci ild\u0259 Az\u0259rbaycan Gimnastika Federasiyas\u0131n\u0131n prezidenti se\u00e7ilib. 2004-c\u00fc ild\u0259n Az\u0259rbaycan xalq\u0131n\u0131n \u00fcmummilli lideri Heyd\u0259r \u018fliyevin z\u0259ngin siyasi irsinin \u00f6yr\u0259nilm\u0259si v\u0259 milli d\u00f6vl\u0259t\u00e7ilik ideyalar\u0131n\u0131n t\u0259bli\u011fi m\u0259qs\u0259di il\u0259 yarad\u0131lm\u0131\u015f Heyd\u0259r \u018fliyev Fonduna r\u0259hb\u0259rlik edir. 2004-c\u00fc ilin avqustunda Az\u0259rbaycan \u015fifahi xalq \u0259d\u0259biyyat\u0131 v\u0259 milli musiqi irsinin qorunub saxlan\u0131lmas\u0131 v\u0259 inki\u015faf etdirilm\u0259sind\u0259 xidm\u0259tl\u0259rin\u0259 g\u00f6r\u0259 UNESCO-nun Xo\u015fm\u0259raml\u0131 s\u0259firi ad\u0131na layiq g\u00f6r\u00fcl\u00fcb.<\/p>\n\n\n\n<p><br>2004-c\u00fc ilin dekabr\u0131nda Az\u0259rbaycan Respublikas\u0131 Milli Olimpiya Komit\u0259sinin IV Ba\u015f M\u0259clisind\u0259 MOK-un \u0130craiyy\u0259 Komit\u0259sin\u0259 \u00fczv se\u00e7ilib. 2004-c\u00fc ild\u0259n Yeni Az\u0259rbaycan Partiyas\u0131 Siyasi \u015euras\u0131n\u0131n \u00fczv\u00fc, 2013-c\u00fc ild\u0259n is\u0259 Partiyan\u0131n s\u0259dr m\u00fcavinidir. 2005-ci ild\u0259 f\u0259ls\u0259f\u0259 \u00fczr\u0259 f\u0259ls\u0259f\u0259 doktoru alimlik d\u0259r\u0259c\u0259si al\u0131b. 2005, 2010 v\u0259 2015-ci ill\u0259rd\u0259 \u00fc\u00e7\u00fcnc\u00fc, d\u00f6rd\u00fcnc\u00fc v\u0259 be\u015finci \u00e7a\u011f\u0131r\u0131\u015f Az\u0259rbaycan Respublikas\u0131n\u0131n Milli M\u0259clisinin deputat\u0131 se\u00e7ilib. Humanitar sah\u0259d\u0259 geni\u015fmiqyasl\u0131 f\u0259aliyy\u0259tin\u0259, o c\u00fcml\u0259d\u0259n sivilizasiyalararas\u0131 v\u0259 m\u0259d\u0259niyy\u0259tl\u0259raras\u0131 dialoqun inki\u015faf\u0131na, \u0130slam m\u0259d\u0259ni irsinin t\u0259bli\u011fin\u0259 v\u0259 qay\u011f\u0131ya ehtiyac\u0131 olan u\u015faqlar\u0131n probleml\u0259rinin h\u0259llind\u0259 b\u00f6y\u00fck d\u0259st\u0259y\u0259 g\u00f6r\u0259 2006-c\u0131 ilin noyabr\u0131nda ISESCO-nun Xo\u015fm\u0259raml\u0131 s\u0259firi ad\u0131na layiq g\u00f6r\u00fcl\u00fcb.<\/p>\n\n\n\n<p><br>2016-c\u0131 ilin iyununda Bak\u0131da ke\u00e7iril\u0259n D\u00fcnya Az\u0259rbaycanl\u0131lar\u0131n\u0131n IV Qurultay\u0131nda D\u00fcnya Az\u0259rbaycanl\u0131lar\u0131n\u0131 \u018flaq\u0259l\u0259ndirm\u0259 \u015euras\u0131n\u0131n \u00fczv\u00fc se\u00e7ilib. 2017-ci il fevral\u0131n 21-d\u0259 Az\u0259rbaycan Respublikas\u0131n\u0131n Birinci vitse-prezidenti v\u0259zif\u0259sin\u0259 t\u0259yin edilib. Bununla \u0259laq\u0259dar 2017-ci il mart\u0131n 6-da Az\u0259rbaycan Respublikas\u0131 Milli M\u0259clisinin deputat\u0131 s\u0259lahiyy\u0259tl\u0259rin\u0259 xitam verilib.<\/p>\n\n\n\n<p><br>Ail\u0259lidir, iki q\u0131z\u0131, bir o\u011flu v\u0259 be\u015f n\u0259v\u0259si var.<\/p>\n\n\n\n<p><br><strong>Az\u0259rbaycan V\u0259t\u0259n M\u00fcharib\u0259si Veteranlar\u0131 \u0130ctimai Birliyi m\u00fcharib\u0259 veteranlar\u0131 ad\u0131ndan Birinci vitse-prezident\u00a0Mehriban \u018fliyevan\u0131 do\u011fum g\u00fcn\u00fc m\u00fcnasib\u0259ti il\u0259 t\u0259brik edir!<\/strong><\/p>\n","protected":false},"excerpt":{"rendered":"<p>Bu g\u00fcn Az\u0259rbaycan\u0131n Birinci vitse-prezidenti Mehriban \u018fliyevan\u0131n do\u011fum g\u00fcn\u00fcd\u00fcr! Mehriban Arif q\u0131z\u0131 \u018fliyeva \u2013 1964-c\u00fc ild\u0259 Bak\u0131 \u015f\u0259h\u0259rind\u0259\u00a0ziyal\u0131 ail\u0259sind\u0259 anadan olub. 1981-ci ild\u0259 Bak\u0131<\/p>\n","protected":false},"author":2,"featured_media":0,"comment_status":"closed","ping_status":"closed","sticky":false,"template":"","format":"standard","meta":{"footnotes":""},"categories":[3],"tags":[],"class_list":["post-13856","post","type-post","status-publish","format-standard","hentry","category-gundm"],"aioseo_notices":[],"_links":{"self":[{"href":"https:\/\/fedai.az\/index.php?rest_route=\/wp\/v2\/posts\/13856","targetHints":{"allow":["GET"]}}],"collection":[{"href":"https:\/\/fedai.az\/index.php?rest_route=\/wp\/v2\/posts"}],"about":[{"href":"https:\/\/fedai.az\/index.php?rest_route=\/wp\/v2\/types\/post"}],"author":[{"embeddable":true,"href":"https:\/\/fedai.az\/index.php?rest_route=\/wp\/v2\/users\/2"}],"replies":[{"embeddable":true,"href":"https:\/\/fedai.az\/index.php?rest_route=%2Fwp%2Fv2%2Fcomments&post=13856"}],"version-history":[{"count":1,"href":"https:\/\/fedai.az\/index.php?rest_route=\/wp\/v2\/posts\/13856\/revisions"}],"predecessor-version":[{"id":13859,"href":"https:\/\/fedai.az\/index.php?rest_route=\/wp\/v2\/posts\/13856\/revisions\/13859"}],"wp:attachment":[{"href":"https:\/\/fedai.az\/index.php?rest_route=%2Fwp%2Fv2%2Fmedia&parent=13856"}],"wp:term":[{"taxonomy":"category","embeddable":true,"href":"https:\/\/fedai.az\/index.php?rest_route=%2Fwp%2Fv2%2Fcategories&post=13856"},{"taxonomy":"post_tag","embeddable":true,"href":"https:\/\/fedai.az\/index.php?rest_route=%2Fwp%2Fv2%2Ftags&post=13856"}],"curies":[{"name":"wp","href":"https:\/\/api.w.org\/{rel}","templated":true}]}}