{"id":13860,"date":"2020-08-26T02:00:01","date_gmt":"2020-08-25T22:00:01","guid":{"rendered":"http:\/\/fedai.az\/?p=13860"},"modified":"2024-08-26T09:00:57","modified_gmt":"2024-08-26T05:00:57","slug":"26-avqust-avmvib-nin-26-yasi-tamam-olur","status":"publish","type":"post","link":"https:\/\/fedai.az\/?p=13860","title":{"rendered":"26 avqust AVMV\u0130B-nin 26 ya\u015f\u0131 tamam olur"},"content":{"rendered":"\n<p><strong>Az\u0259rbaycan V\u0259t\u0259n M\u00fcharib\u0259si Veteranlar\u0131 \u0130ctimai Birliyinin (AVMV\u0130B) 26 avqustda 26 ya\u015f\u0131 tamam olur (1994-c\u00fc il). \u0130ctimai Birliyin m\u0259ram v\u0259 qar\u015f\u0131ya qoydu\u011fu v\u0259zif\u0259si m\u00fcharib\u0259 i\u015ftirak\u00e7\u0131lar\u0131n\u0131n sosial h\u00fcquqlar\u0131n\u0131n b\u0259rpas\u0131, qorunmas\u0131, veteranlara v\u0259 onlar\u0131n ail\u0259 \u00fczvl\u0259rin\u0259 h\u00fcquqi yard\u0131m g\u00f6st\u0259rilm\u0259sind\u0259, h\u0259m\u00e7inin \u0259m\u0259k bazar\u0131na haz\u0131rlanmas\u0131nda yax\u0131ndan k\u00f6m\u0259klik g\u00f6st\u0259rm\u0259kdir.<\/strong><\/p>\n\n\n\n<p> AVMV\u0130B r\u0259hb\u0259rliyinin v\u0259t\u0259np\u0259rv\u0259rlik m\u00f6vzular\u0131nda m\u0259d\u0259ni v\u0259 sosial m\u00f6zvulu silsil\u0259 t\u0259dbirl\u0259ri h\u0259yata ke\u00e7irm\u0259si, m\u00fct\u0259madi olaraq \u015f\u0259hid ail\u0259l\u0259l\u0259rini, Qaraba\u011f m\u00fcharib\u0259si i\u015ftirak\u00e7\u0131lar\u0131n\u0131, \u00fcmumilikd\u0259 Az\u0259rbaycanda veteranlar\u0131 m\u00fct\u0259madi ziyar\u0259t etm\u0259l\u0259ri, onlar haqq\u0131nda \u0130ctimai Birliyin internet sayt\u0131nda v\u0259 internet televiziyas\u0131nda vaxta\u015f\u0131r\u0131 s\u0259n\u0259dli film n\u00fcmayi\u015f etdirm\u0259l\u0259ri il\u0259 yana\u015f\u0131, d\u00f6vl\u0259t t\u0259dbirl\u0259rind\u0259, h\u0259m\u00e7inin yerli icra hakimiyy\u0259ti orqanlar\u0131, o c\u00fcml\u0259d\u0259n u\u015faq ba\u011f\u00e7alar\u0131, orta \u00fcmumt\u0259hsil m\u0259kt\u0259bl\u0259ri v\u0259 universitetl\u0259r il\u0259 birlikd\u0259 m\u0259d\u0259ni-k\u00fctl\u0259vi t\u0259dbirl\u0259rin haz\u0131rlanmas\u0131nda v\u0259 ke\u00e7irilm\u0259sind\u0259 yax\u0131ndan i\u015ftirak etm\u0259sidir.<\/p>\n\n\n\n<figure class=\"wp-block-gallery has-nested-images columns-default is-cropped wp-block-gallery-1 is-layout-flex wp-block-gallery-is-layout-flex\">\n<figure class=\"wp-block-image size-large\"><img loading=\"lazy\" decoding=\"async\" width=\"300\" height=\"430\" data-id=\"13861\" src=\"https:\/\/fedai.az\/wp-content\/uploads\/2020\/08\/unnamed-1.png\" alt=\"\" class=\"wp-image-13861\" srcset=\"https:\/\/fedai.az\/wp-content\/uploads\/2020\/08\/unnamed-1.png 300w, https:\/\/fedai.az\/wp-content\/uploads\/2020\/08\/unnamed-1-209x300.png 209w, https:\/\/fedai.az\/wp-content\/uploads\/2020\/08\/unnamed-1-105x150.png 105w\" sizes=\"auto, (max-width: 300px) 100vw, 300px\" \/><\/figure>\n\n\n\n<figure class=\"wp-block-image size-large\"><img loading=\"lazy\" decoding=\"async\" width=\"960\" height=\"720\" data-id=\"13863\" src=\"https:\/\/fedai.az\/wp-content\/uploads\/2020\/08\/78726140_2645333175547306_467534351542779904_n.jpg\" alt=\"\" class=\"wp-image-13863\" srcset=\"https:\/\/fedai.az\/wp-content\/uploads\/2020\/08\/78726140_2645333175547306_467534351542779904_n.jpg 960w, https:\/\/fedai.az\/wp-content\/uploads\/2020\/08\/78726140_2645333175547306_467534351542779904_n-300x225.jpg 300w, https:\/\/fedai.az\/wp-content\/uploads\/2020\/08\/78726140_2645333175547306_467534351542779904_n-150x113.jpg 150w, https:\/\/fedai.az\/wp-content\/uploads\/2020\/08\/78726140_2645333175547306_467534351542779904_n-768x576.jpg 768w\" sizes=\"auto, (max-width: 960px) 100vw, 960px\" \/><\/figure>\n\n\n\n<figure class=\"wp-block-image size-large\"><img loading=\"lazy\" decoding=\"async\" width=\"960\" height=\"960\" data-id=\"12214\" src=\"https:\/\/fedai.az\/wp-content\/uploads\/2020\/08\/e13MBI.jpg\" alt=\"\" class=\"wp-image-12214\" srcset=\"https:\/\/fedai.az\/wp-content\/uploads\/2020\/08\/e13MBI.jpg 960w, https:\/\/fedai.az\/wp-content\/uploads\/2020\/08\/e13MBI-300x300.jpg 300w, https:\/\/fedai.az\/wp-content\/uploads\/2020\/08\/e13MBI-150x150.jpg 150w, https:\/\/fedai.az\/wp-content\/uploads\/2020\/08\/e13MBI-768x768.jpg 768w, https:\/\/fedai.az\/wp-content\/uploads\/2020\/08\/e13MBI-215x215.jpg 215w\" sizes=\"auto, (max-width: 960px) 100vw, 960px\" \/><\/figure>\n<\/figure>\n\n\n\n<p><strong>AVMV\u0130B-in s\u0259dri F\u00fczuli Rzaquliyev deyib: \u00abBu g\u00fcn ist\u0259r u\u015faq ba\u011f\u00e7as\u0131 olsun, ist\u0259r orta m\u0259kt\u0259b, ist\u0259rs\u0259 d\u0259 ali m\u0259kt\u0259b, Az\u0259rbaycanda b\u00f6y\u00fcy\u0259n g\u0259nc n\u0259slin v\u0259t\u0259np\u0259rv\u0259rlik ruhunda b\u00f6y\u00fcm\u0259si pedaqoqlarla yana\u015f\u0131 ictimaiyy\u0259tin d\u0259 v\u0259zif\u0259 borcudur. Buna g\u00f6r\u0259 d\u0259 t\u0259dris ocaqlar\u0131n\u0131 ziyar\u0259t etm\u0259k, \u015fagird-t\u0259l\u0259b\u0259 kontingenti qar\u015f\u0131s\u0131nda \u00e7\u0131x\u0131\u015f etm\u0259k, v\u0259t\u0259ni sev\u0259n m\u00fcharib\u0259 q\u0259hr\u0259manlar\u0131m\u0131z\u0131n canl\u0131 \u015fkild\u0259 xatir\u0259l\u0259rini onlara dan\u0131\u015fmas\u0131 yeti\u015f\u0259n n\u0259sli d\u00f6vl\u0259t\u00e7iliyimiz \u0259traf\u0131nda s\u0131x birl\u0259\u015fms\u0259sind\u0259, Az\u0259rbaycan\u00e7\u0131l\u0131q ideologiyas\u0131 \u0259sas\u0131nda t\u0259rbiy\u0259l\u0259nm\u0259sind\u0259 m\u00fch\u00fcm rol oynay\u0131r\u00bb.<\/strong><\/p>\n\n\n\n<p>Bu g\u00fcn AVMV\u0130B c\u0259miyy\u0259timizd\u0259, ist\u0259r II D\u00fcnya M\u00fcharib\u0259si, ist\u0259rs\u0259 d\u0259 Qaraba\u011f m\u00fcharib\u0259si veteranlar\u0131n\u0131n yerini uca tutur, onlar\u0131 qiym\u0259tl\u0259ndirir v\u0259 sosial f\u0259aliyy\u0259tl\u0259rini g\u00fccl\u0259ndirm\u0259l\u0259ri \u00fc\u00e7\u00fcn m\u00fcxt\u0259lif t\u0259dbirl\u0259r h\u0259yata ke\u00e7irir. Bu m\u0259qs\u0259dl\u0259 \u0130ctimai Birlik \u201cM\u00fcharib\u0259 veteran\u0131\u201d, \u201cMilli ordu-100\u201d v\u0259 &#171;AVMV\u0130B 25 il&#187; Xatir\u0259 medallar\u0131n\u0131 t\u0259sis etmi\u015fdir. H\u0259min medallar m\u00fcharib\u0259 veteranlar\u0131 v\u0259 m\u00fcharib\u0259 \u0259lill\u0259rin\u0259 qay\u011f\u0131 g\u00f6st\u0259r\u0259n, onlar\u0131n dostu olan \u015f\u0259xsl\u0259r\u0259 t\u0259qdim olunur, onlar\u0131 g\u0259l\u0259c\u0259kd\u0259 d\u0259 bu kimi xeyirxah t\u0259dbirl\u0259r v\u0259 aksiyalar ke\u00e7irm\u0259l\u0259rin\u0259 s\u00f6vq edir. \u00d6t\u0259n il t\u0259\u015fkilat\u0131n 25 illiyi yubiley t\u0259dbiri kimi qeyd edilmi\u015fdir. Pandemiya d\u00f6vr\u00fcnd\u0259 imkans\u0131z d\u00f6y\u00fc\u015f dostlar\u0131m\u0131z\u0131n yan\u0131nda olma\u011fa \u00e7al\u0131\u015fm\u0131\u015f\u0131q v\u0259 bu i\u015fl\u0259r davam etdirilir.<\/p>\n\n\n\n<p>Dem\u0259k olar ki, c\u0259bh\u0259nin m\u00fcxt\u0259lif istiqam\u0259tl\u0259rind\u0259 a\u011f\u0131r d\u00f6y\u00fc\u015fl\u0259rd\u0259 eyni s\u0259ng\u0259ri b\u00f6l\u00fc\u015f\u0259n d\u00f6y\u00fc\u015f\u00e7\u00fcl\u0259r, indi d\u0259 AVMV\u0130B adl\u0131 bir &#171;s\u0259ng\u0259ri&#187; b\u00f6l\u00fc\u015fm\u0259y\u0259 \u00fcst\u00fcnl\u00fck verirl\u0259r. T\u0259kc\u0259 bu il \u00fczvl\u0259rin say\u0131 67.000 n\u0259f\u0259r\u0259 \u00e7atd\u0131. 67 mininci \u00fczv\u00fcm\u00fcz AVMV\u0130B Xank\u0259ndi \u015f\u0259h\u0259r \u015f\u00f6b\u0259sin\u0259 \u00fczvl\u00fckl\u0259 ba\u011fl\u0131 m\u00fcraci\u0259t etmi\u015f <strong>M\u00fcrv\u0259t Tapd\u0131q o\u011flu \u018fliyev<\/strong> olub.<\/p>\n\n\n\n<p>Son ill\u0259r \u0259rzind\u0259 3000 n\u0259f\u0259rd\u0259n art\u0131q yeni \u00fczv t\u0259\u015fkilata q\u0259bul edilib. Rayon \u015f\u00f6b\u0259l\u0259ri \u00f6z f\u0259aliyy\u0259tini b\u0259rpa edib. H\u0259l\u0259 ordumuz olmayan g\u00fcnl\u0259rd\u0259 Qaraba\u011f\u0131n m\u00fcdafi\u0259sind\u0259 i\u015ftirak etmi\u015f polis m\u00fcharib\u0259 veteranlar\u0131 AVMV\u0130B t\u0259rkibind\u0259 \u00f6z \u015f\u00f6b\u0259l\u0259rini yarad\u0131blar v\u0259 f\u0259aliyy\u0259t g\u00f6st\u0259rirl\u0259r. \u018fn son yarad\u0131lan \u015f\u00f6b\u0259 is\u0259 Xank\u0259ndi \u015f\u0259h\u0259r \u015f\u00f6b\u0259sidir. Bu prosesl\u0259r davam edir. \u00c7\u00fcnki m\u00fcharib\u0259 veteranlar\u0131 ya\u015fa dolduqca onlar\u0131n onsuz da bol olan probleml\u0259rinin \u00fcst\u00fcn\u0259 ya\u015f v\u0259 s\u0259ng\u0259rl\u0259rd\u0259 qazan\u0131lm\u0131\u015f x\u0259st\u0259likl\u0259r \u0259lav\u0259 olunur. Maddi olmasa da, m\u0259n\u0259vi d\u0259st\u0259y\u0259 d\u0259 ehtiyac\u0131m\u0131z var. Yarand\u0131\u011f\u0131 g\u00fcnd\u0259n AVMV\u0130B, veteran h\u00fcquqlar\u0131n\u0131 qoruma\u011f\u0131 \u00f6z prioritet v\u0259zif\u0259si elan edib v\u0259 bu \u0259n\u0259n\u0259y\u0259 daim sadiqdir.<\/p>\n\n\n\n<p>M\u00fcharib\u0259 veteranlar\u0131n\u0131n, x\u00fcsus\u0259n \u0259sil d\u00f6y\u00fc\u015f\u00e7\u00fcl\u0259rin bir devizi var: &#171;Veteran veteran\u0131n dostu v\u0259 qarda\u015f\u0131d\u0131r&#187;. Qarda\u015f olmaq \u00fc\u00e7\u00fcn ana b\u0259tnind\u0259n d\u0259 m\u00fcq\u0259dd\u0259s olan V\u0259t\u0259nin b\u0259tnind\u0259 qaz\u0131lm\u0131\u015f s\u0259ng\u0259rl\u0259rd\u0259 birg\u0259 olmaq yet\u0259rlidir. Bu \u00e7oxlar\u0131n\u0131n h\u0259s\u0259d apard\u0131\u011f\u0131 bir qarda\u015fl\u0131qd\u0131r. AVMV\u0130B bir d\u00f6y\u00fc\u015f\u00e7\u00fc t\u0259\u015fkilat\u0131 olaraq bu qarrda\u015fl\u0131\u011f\u0131 ya\u015fatma\u011fa \u00e7al\u0131\u015f\u0131b. Ona g\u00f6r\u0259 d\u0259 h\u0259r bir d\u00f6y\u00fc\u015f\u00e7\u00fc \u00f6z &#171;itiyini&#187; bu m\u0259kanda axtar\u0131r&#8230;<\/p>\n\n\n\n<p><strong>Bu yolda \u00f6z vaxt\u0131n\u0131, maddi imkanlar\u0131n\u0131 v\u0259 h\u0259tta sa\u011flaml\u0131\u011f\u0131n\u0131 qoymu\u015f veteranlar\u0131m\u0131z\u0131n h\u0259r birinin d\u0259yan\u0259ti say\u0259sind\u0259 AVMV\u0130B bu g\u00fcn ayaqda qala bilib. AVMV\u0130B s\u0259dri F\u00fczuli Rzaquliyev, s\u0259drin I m\u00fcavini Kamil \u015eirinov, s\u0259dr m\u00fcavinl\u0259ri Vahid Abdur\u0259hmanov, \u0130slam S\u0259f\u0259rov, Abbas H\u00fcseynli, Qurban Osmanov, NTK s\u0259dri Nityazi Quliyev, M\u0259tbuat Xidm\u0259tinin r\u0259hb\u0259ri Xaqani \u018fd\u0259bo\u011flu, \u015f\u00f6b\u0259 m\u00fcdiri Akif Abbasov v\u0259 bir \u00e7ox rayon \u015f\u00f6b\u0259si s\u0259drl\u0259ri, f\u0259al s\u0131ravi \u00fczvl\u0259rimizin q\u0259lbi bu Birlikl\u0259 v\u0259 birlikd\u0259 d\u00f6y\u00fcn\u00fcr, bu g\u00fcn d\u0259 veteran h\u00fcquqlar\u0131 u\u011frunda m\u00fcbariz\u0259d\u0259 bu \u015f\u0259xsl\u0259r \u00f6nd\u0259dirl\u0259r. 26 illik bir yolda Qaraba\u011f\u0131 g\u00f6rm\u0259d\u0259n s\u0131ralar\u0131m\u0131z\u0131 vaxts\u0131z t\u0259rk etmi\u015f veteranlar\u0131m\u0131za v\u0259 s\u0259ng\u0259rl\u0259rd\u0259 quca\u011f\u0131m\u0131zda \u015f\u0259hid olmu\u015f \u015f\u0259hid qarda\u015flar\u0131m\u0131za Allahdan r\u0259hm\u0259tl\u0259r dil\u0259yirik! Onlar\u0131n qar\u015f\u0131s\u0131nda ba\u015f \u0259yirik.<\/strong><\/p>\n\n\n\n<figure class=\"wp-block-gallery has-nested-images columns-default is-cropped wp-block-gallery-2 is-layout-flex wp-block-gallery-is-layout-flex\">\n<figure class=\"wp-block-image size-large\"><img loading=\"lazy\" decoding=\"async\" width=\"231\" height=\"218\" data-id=\"12502\" src=\"https:\/\/fedai.az\/wp-content\/uploads\/2020\/08\/\u0411\u0435\u0437-\u043d\u0430\u0437\u0432\u0430\u043d\u0438\u044f-1-1.jpg\" alt=\"\" class=\"wp-image-12502\" srcset=\"https:\/\/fedai.az\/wp-content\/uploads\/2020\/08\/\u0411\u0435\u0437-\u043d\u0430\u0437\u0432\u0430\u043d\u0438\u044f-1-1.jpg 231w, https:\/\/fedai.az\/wp-content\/uploads\/2020\/08\/\u0411\u0435\u0437-\u043d\u0430\u0437\u0432\u0430\u043d\u0438\u044f-1-1-150x142.jpg 150w\" sizes=\"auto, (max-width: 231px) 100vw, 231px\" \/><\/figure>\n\n\n\n<figure class=\"wp-block-image size-large\"><img loading=\"lazy\" decoding=\"async\" width=\"715\" height=\"400\" data-id=\"13815\" src=\"https:\/\/fedai.az\/wp-content\/uploads\/2020\/08\/96380864_2599305820327354_3550676938508992512_n-715x400-1.jpg\" alt=\"\" class=\"wp-image-13815\" srcset=\"https:\/\/fedai.az\/wp-content\/uploads\/2020\/08\/96380864_2599305820327354_3550676938508992512_n-715x400-1.jpg 715w, https:\/\/fedai.az\/wp-content\/uploads\/2020\/08\/96380864_2599305820327354_3550676938508992512_n-715x400-1-300x168.jpg 300w, https:\/\/fedai.az\/wp-content\/uploads\/2020\/08\/96380864_2599305820327354_3550676938508992512_n-715x400-1-150x84.jpg 150w\" sizes=\"auto, (max-width: 715px) 100vw, 715px\" \/><\/figure>\n\n\n\n<figure class=\"wp-block-image size-large\"><img loading=\"lazy\" decoding=\"async\" width=\"960\" height=\"720\" data-id=\"13066\" src=\"https:\/\/fedai.az\/wp-content\/uploads\/2020\/08\/JG95IR.jpg\" alt=\"\" class=\"wp-image-13066\" srcset=\"https:\/\/fedai.az\/wp-content\/uploads\/2020\/08\/JG95IR.jpg 960w, https:\/\/fedai.az\/wp-content\/uploads\/2020\/08\/JG95IR-300x225.jpg 300w, https:\/\/fedai.az\/wp-content\/uploads\/2020\/08\/JG95IR-150x113.jpg 150w, https:\/\/fedai.az\/wp-content\/uploads\/2020\/08\/JG95IR-768x576.jpg 768w\" sizes=\"auto, (max-width: 960px) 100vw, 960px\" \/><\/figure>\n\n\n\n<figure class=\"wp-block-image size-large\"><img loading=\"lazy\" decoding=\"async\" width=\"239\" height=\"267\" data-id=\"13865\" src=\"https:\/\/fedai.az\/wp-content\/uploads\/2020\/08\/i-1.jpg\" alt=\"\" class=\"wp-image-13865\" srcset=\"https:\/\/fedai.az\/wp-content\/uploads\/2020\/08\/i-1.jpg 239w, https:\/\/fedai.az\/wp-content\/uploads\/2020\/08\/i-1-134x150.jpg 134w\" sizes=\"auto, (max-width: 239px) 100vw, 239px\" \/><\/figure>\n\n\n\n<figure class=\"wp-block-image size-large\"><img loading=\"lazy\" decoding=\"async\" width=\"945\" height=\"960\" data-id=\"13866\" src=\"https:\/\/fedai.az\/wp-content\/uploads\/2020\/08\/2RTLQB.png\" alt=\"\" class=\"wp-image-13866\" srcset=\"https:\/\/fedai.az\/wp-content\/uploads\/2020\/08\/2RTLQB.png 945w, https:\/\/fedai.az\/wp-content\/uploads\/2020\/08\/2RTLQB-295x300.png 295w, https:\/\/fedai.az\/wp-content\/uploads\/2020\/08\/2RTLQB-148x150.png 148w, https:\/\/fedai.az\/wp-content\/uploads\/2020\/08\/2RTLQB-768x780.png 768w\" sizes=\"auto, (max-width: 945px) 100vw, 945px\" \/><\/figure>\n<\/figure>\n\n\n\n<p>AVMV\u0130B s\u0259dri F\u00fczuli Rzaquliyev deyir: <strong>&#171;Bu g\u00fcn veteranlar\u0131n v\u0259 \u015f\u0259hidl\u0259rimizin g\u00fcn\u00fcd\u00fcr. AVMV\u0130B yarand\u0131\u011f\u0131 g\u00fcnd\u0259n b\u00fct\u00fcn t\u0259dbirl\u0259rini \u015f\u0259hidl\u0259rimizin \u0259ziz xatir\u0259sini yad etm\u0259kl\u0259 ba\u015flay\u0131b v\u0259 bu \u0259n\u0259n\u0259 t\u0259\u015fkilat\u0131m\u0131z durduqca davam ed\u0259c\u0259k. Bizim davam\u0131z Yurd davas\u0131, Bayraq davas\u0131, Mill\u0259t v\u0259 M\u0259ml\u0259k\u0259t davas\u0131d\u0131r. Bunlara uzanan \u0259ll\u0259ri, dill\u0259ri k\u0259sm\u0259y\u0259 bu g\u00fcn d\u0259 haz\u0131r\u0131q. M\u00fcharib\u0259 veteranlar\u0131 a\u011f\u0131r x\u0259st\u0259 yata\u011f\u0131na d\u00fc\u015f\u0259rk\u0259n t\u0259\u015fkilata g\u0259lib bilirsiniz, n\u0259 ist\u0259yirl\u0259r? Onlar, n\u0259 F\u0259xri Xiyaban, n\u0259 t\u0259nt\u0259n\u0259li yas m\u0259rasimi, n\u0259 m\u00fcalic\u0259y\u0259 yard\u0131m ist\u0259mirl\u0259r. Onlar tabutlar\u0131na m\u00fcq\u0259dd\u0259s \u00fc\u00e7 r\u0259ngli bayra\u011f\u0131n b\u00fck\u00fclm\u0259sini v\u0259siyy\u0259t edirl\u0259r. C\u0259miyy\u0259t insan\u0131yla m\u00fcharib\u0259 veteran\u0131n f\u0259rqi budur&#187;.<\/strong><\/p>\n\n\n\n<p>AVMV\u0130B-nin m\u0259tbu orqan\u0131 kimi h\u0259ft\u0259lik \u00abF\u0259dai\u00bb q\u0259zeti d\u0259rc olunurdu. Q\u0259zeti eyniadl\u0131&nbsp;<a href=\"http:\/\/veteran.az\/_wp_link_placeholder\">www.fedai.az<\/a>&nbsp;internet versiyas\u0131 \u0259v\u0259z edir. Lakin \u00fczvl\u0259rinin say\u0131n\u0131n \u00e7oxlu\u011fu, buna m\u00fcvafiq olaraq da t\u0259dbirl\u0259rinin say\u0131n\u0131n artmas\u0131 AVMV\u0130B-nin www.veteran.az sayt\u0131n\u0131 t\u0259sis etm\u0259sin\u0259 s\u0259b\u0259b oldu. Sayt\u0131n Veteran TV \u2014 internet televiziyas\u0131 f\u0259aliyy\u0259t g\u00f6st\u0259rir. Veteran Radio \u2014 layih\u0259si is\u0259 m\u00fcharib\u0259nin a\u011fr\u0131-ac\u0131lar\u0131n\u0131 g\u00f6rm\u00fc\u015f insanlar\u0131n xatir\u0259sini, onlar\u0131n m\u00fcsahib\u0259l\u0259rini, h\u0259m respublika \u00fczr\u0259, h\u0259m d\u0259 Az\u0259rbaycandan k\u0259nara \u2014 d\u00fcnya ictimaiyy\u0259ti qar\u015f\u0131s\u0131na \u00e7\u0131xarma\u00f6\u0131 planlay\u0131r.<\/p>\n\n\n\n<p><strong>AVMV\u0130B s\u0259dri F\u00fczuli Rzaquliyev t\u0259\u015fkilat \u00fczv\u00fc olan veteranlar\u0131 bu m\u00fcnasib\u0259tl\u0259 t\u0259brik edib. T\u0259brikd\u0259 deyilir: <\/strong><br><br><strong><em>Bu g\u00fcn s\u0131ralar\u0131nda, \u00e7iyin-\u00e7iyin\u0259 v\u0259 birg\u0259 add\u0131mlad\u0131\u011f\u0131m\u0131z bir t\u0259\u015fkilat\u0131n 26 ya\u015f\u0131 tamam olur. Bu ill\u0259r \u0259rzind\u0259, h\u0259m \u00f6lk\u0259miz, h\u0259m d\u0259 orumuz n\u0259z\u0259r\u0259 \u00e7arpacaq d\u0259r\u0259c\u0259d\u0259 g\u00fccl\u00fc bir inki\u015faf yolu ke\u00e7ib. T\u0259\u015fkilat\u0131m\u0131z\u0131n \u00fczv\u00fc olan veteranlar\u0131m\u0131z \u00f6lk\u0259\u0131nin quruculuq i\u015fl\u0259rind\u0259 yax\u0131ndan i\u015ftirak edib.<\/em><\/strong><\/p>\n\n\n\n<p><strong><em>H\u0259m\u00e7inin t\u0259\u015fkilat\u0131m\u0131z bacard\u0131\u011f\u0131 q\u0259d\u0259r h\u0259r bir d\u00f6y\u00fc\u015f\u00e7\u00fcn\u00fcn yan\u0131nda olma\u011f\u0131 bacar\u0131b.<\/em><\/strong><\/p>\n\n\n\n<p><strong><em>Bu g\u00fcn \u015f\u0259hidl\u0259rimizin xatir\u0259sini h\u00f6rm\u0259t v\u0259 ehtiramla yad edir, onlar\u0131n valideynl\u0259rini, ail\u0259l\u0259rini, V\u0259t\u0259n u\u011frunda sa\u011flaml\u0131qlar\u0131n\u0131 itir\u0259n d\u00f6y\u00fc\u015f\u00e7\u00fcl\u0259rimizi, b\u00fct\u00fcn veteranlar\u0131 AVMV\u0130B-nin 26 illiyi m\u00fcnasib\u0259til\u0259 t\u0259brik edir, onlara cansa\u011fl\u0131\u011f\u0131, xo\u015fb\u0259xtlik v\u0259 u\u011furlar arzulay\u0131ram.<\/em><\/strong><\/p>\n\n\n\n<p><strong><em>Allah h\u0259r bir veteran\u0131m\u0131z\u0131 \u0259n \u00fcmd\u0259 arzular\u0131 olan V\u0259t\u0259n torpaqlar\u0131n\u0131n azadl\u0131\u011f\u0131na qovu\u015fdursun!<\/em><\/strong><\/p>\n\n\n\n<p><strong><em>H\u0259r birinizi t\u0259brik edir\u0259m!&#187;<\/em><\/strong><\/p>\n\n\n\n<p><strong>Elnur S\u0259lim<\/strong>, Fedai.az -\u0131n redaktoru<\/p>\n\n\n\n<p><strong>Nurlan M\u0259mm\u0259dli<\/strong>, Veteran.az-\u0131n redaktoru<\/p>\n\n\n\n<figure class=\"wp-block-image size-large\"><img loading=\"lazy\" decoding=\"async\" width=\"1024\" height=\"576\" src=\"http:\/\/fedai.az\/wp-content\/uploads\/2020\/08\/118283612_3461457403911173_4939958120408294931_n-1024x576.jpg\" alt=\"\" class=\"wp-image-13897\" srcset=\"https:\/\/fedai.az\/wp-content\/uploads\/2020\/08\/118283612_3461457403911173_4939958120408294931_n-1024x576.jpg 1024w, https:\/\/fedai.az\/wp-content\/uploads\/2020\/08\/118283612_3461457403911173_4939958120408294931_n-300x169.jpg 300w, https:\/\/fedai.az\/wp-content\/uploads\/2020\/08\/118283612_3461457403911173_4939958120408294931_n-150x84.jpg 150w, https:\/\/fedai.az\/wp-content\/uploads\/2020\/08\/118283612_3461457403911173_4939958120408294931_n-768x432.jpg 768w, https:\/\/fedai.az\/wp-content\/uploads\/2020\/08\/118283612_3461457403911173_4939958120408294931_n.jpg 1280w\" sizes=\"auto, (max-width: 1024px) 100vw, 1024px\" \/><\/figure>\n\n\n\n<figure class=\"wp-block-embed is-type-video is-provider-youtube wp-block-embed-youtube wp-embed-aspect-16-9 wp-has-aspect-ratio\"><div class=\"wp-block-embed__wrapper\">\n<iframe loading=\"lazy\" title=\"AVMV\u0130B: Film kimi 25 il\" width=\"715\" height=\"402\" src=\"https:\/\/www.youtube.com\/embed\/g6wXgheZh38?feature=oembed\" frameborder=\"0\" allow=\"accelerometer; autoplay; encrypted-media; gyroscope; picture-in-picture\" allowfullscreen><\/iframe>\n<\/div><\/figure>\n","protected":false},"excerpt":{"rendered":"<p>Az\u0259rbaycan V\u0259t\u0259n M\u00fcharib\u0259si Veteranlar\u0131 \u0130ctimai Birliyinin (AVMV\u0130B) 26 avqustda 26 ya\u015f\u0131 tamam olur (1994-c\u00fc il). \u0130ctimai Birliyin m\u0259ram v\u0259 qar\u015f\u0131ya qoydu\u011fu v\u0259zif\u0259si m\u00fcharib\u0259 i\u015ftirak\u00e7\u0131lar\u0131n\u0131n<\/p>\n","protected":false},"author":2,"featured_media":13899,"comment_status":"closed","ping_status":"closed","sticky":false,"template":"","format":"standard","meta":{"footnotes":""},"categories":[5],"tags":[],"class_list":["post-13860","post","type-post","status-publish","format-standard","has-post-thumbnail","hentry","category-veteran"],"aioseo_notices":[],"_links":{"self":[{"href":"https:\/\/fedai.az\/index.php?rest_route=\/wp\/v2\/posts\/13860","targetHints":{"allow":["GET"]}}],"collection":[{"href":"https:\/\/fedai.az\/index.php?rest_route=\/wp\/v2\/posts"}],"about":[{"href":"https:\/\/fedai.az\/index.php?rest_route=\/wp\/v2\/types\/post"}],"author":[{"embeddable":true,"href":"https:\/\/fedai.az\/index.php?rest_route=\/wp\/v2\/users\/2"}],"replies":[{"embeddable":true,"href":"https:\/\/fedai.az\/index.php?rest_route=%2Fwp%2Fv2%2Fcomments&post=13860"}],"version-history":[{"count":7,"href":"https:\/\/fedai.az\/index.php?rest_route=\/wp\/v2\/posts\/13860\/revisions"}],"predecessor-version":[{"id":100208,"href":"https:\/\/fedai.az\/index.php?rest_route=\/wp\/v2\/posts\/13860\/revisions\/100208"}],"wp:featuredmedia":[{"embeddable":true,"href":"https:\/\/fedai.az\/index.php?rest_route=\/wp\/v2\/media\/13899"}],"wp:attachment":[{"href":"https:\/\/fedai.az\/index.php?rest_route=%2Fwp%2Fv2%2Fmedia&parent=13860"}],"wp:term":[{"taxonomy":"category","embeddable":true,"href":"https:\/\/fedai.az\/index.php?rest_route=%2Fwp%2Fv2%2Fcategories&post=13860"},{"taxonomy":"post_tag","embeddable":true,"href":"https:\/\/fedai.az\/index.php?rest_route=%2Fwp%2Fv2%2Ftags&post=13860"}],"curies":[{"name":"wp","href":"https:\/\/api.w.org\/{rel}","templated":true}]}}