{"id":13873,"date":"2020-08-26T02:46:53","date_gmt":"2020-08-25T22:46:53","guid":{"rendered":"http:\/\/fedai.az\/?p=13873"},"modified":"2020-08-26T02:47:24","modified_gmt":"2020-08-25T22:47:24","slug":"n%c9%99-vaxtacan-ciynimizd%c9%99-g%c9%99z%c9%99c%c9%99kdir-yagilar","status":"publish","type":"post","link":"https:\/\/fedai.az\/?p=13873","title":{"rendered":"&#171;N\u0259 vaxtacan \u00e7iynimizd\u0259 g\u0259z\u0259\u00e7\u0259kdir ya\u011f\u0131lar&#187;"},"content":{"rendered":"\n<p><strong>Abbas H\u00fcseynli<\/strong><\/p>\n\n\n\n<figure class=\"wp-block-image size-large is-resized\"><img loading=\"lazy\" decoding=\"async\" src=\"http:\/\/fedai.az\/wp-content\/uploads\/2020\/07\/JG95IR-715x400-1.jpg\" alt=\"\" class=\"wp-image-11147\" width=\"241\" height=\"135\" srcset=\"https:\/\/fedai.az\/wp-content\/uploads\/2020\/07\/JG95IR-715x400-1.jpg 715w, https:\/\/fedai.az\/wp-content\/uploads\/2020\/07\/JG95IR-715x400-1-300x168.jpg 300w, https:\/\/fedai.az\/wp-content\/uploads\/2020\/07\/JG95IR-715x400-1-150x84.jpg 150w\" sizes=\"auto, (max-width: 241px) 100vw, 241px\" \/><\/figure>\n\n\n\n<p><em><strong>AVMV\u0130B Poli Veteranlar\u0131 \u015f\u00f6b\u0259sinin s\u0259dri<\/strong><\/em><\/p>\n\n\n\n<p><strong>Do\u011frusu, h\u0259rd\u0259n oturub \u00f6z-\u00f6z\u00fcm\u0259 fikirl\u0259\u015fir\u0259m ki, ay dili qafil, biz nec\u0259 bir zamanda ya\u015fay\u0131r\u0131q? V\u0259zif\u0259 k\u00fcrs\u00fcs\u00fcnd\u0259 oturanlar\u0131n \u00e7oxunun ya anas\u0131, ya n\u0259n\u0259si, ya da ki arvad\u0131 erm\u0259nidir.<\/strong><\/p>\n\n\n\n<p> E\u015fidirik ki, DTX-d\u0259, M\u00fcdafi\u0259 Nazirliyind\u0259, h\u0259tta D\u0130N-d\u0259 n\u0259 q\u0259d\u0259r erm\u0259ni \u0259silli \u015f\u0259xsl\u0259rimiz var. Biz is\u0259 em\u0259nil\u0259rl\u0259 m\u00fcharib\u0259 apar\u0131r\u0131q. D\u00fc\u015f\u00fcnm\u00fcr\u00fck ki, erm\u0259ni el\u0259 \u00f6z i\u00e7\u0259rimizd\u0259dir. Onlara qar\u015f\u0131 m\u00fcbariz\u0259 apar\u0131b, onlara qalib g\u0259lm\u0259s\u0259k torpaqlar\u0131m\u0131z\u0131 erm\u0259nil\u0259rd\u0259n t\u0259mizl\u0259y\u0259 bilm\u0259rik. Bax\u0131n, Ramiz Mehdiyev Az\u0259rbaycan h\u00f6kum\u0259tind\u0259 \u0259n b\u00f6y\u00fck k\u00fcrs\u00fcl\u0259rd\u0259n birisind\u0259 uzun m\u00fcdd\u0259t idi ki, v\u0259zif\u0259 tuturdu. Onun tutdu\u011fu v\u0259zif\u0259 hesab\u0131na n\u0259 q\u0259d\u0259r nad\u00fcr\u00fcst, mill\u0259tini sevm\u0259y\u0259n, xalqa d\u00fc\u015fm\u0259n olan erm\u0259ni \u0259silli \u015f\u0259xsl\u0259r v\u0259zif\u0259l\u0259r\u0259 g\u0259lmi\u015fl\u0259r. Xalq\u0131n\u0131 mill\u0259tini sev\u0259n \u015f\u0259xsl\u0259r is\u0259 n\u0259inki v\u0259zif\u0259l\u0259rd\u0259n uzaqla\u015fm\u0131\u015f, h\u0259tta t\u00fcrm\u0259l\u0259r\u0259, \u00f6lk\u0259d\u0259n xaric\u0259 getm\u0259y\u0259 m\u0259cbur olmu\u015flar. Ramiz Mehdiyevin h\u0259yat yolda\u015f\u0131 Qalinan\u0131n erm\u0259ni olmas\u0131 bildirilir, Ramiz Mehdiyevin bald\u0131z\u0131 o\u011flu deyil\u0259n Levonun D\u0130N-nin Ba\u015f M\u00fchafiz\u0259 \u0130dar\u0259sind\u0259 general r\u00fctb\u0259sind\u0259 olmas\u0131, Ramiz Mehdiyevin o\u011flunun bir idar\u0259d\u0259 1-ci m\u00fcavin, general r\u00fctb\u0259sind\u0259 olmas\u0131, h\u0259l\u0259 bizim bilm\u0259diyimiz n\u0259 q\u0259d\u0259r v\u0259zif\u0259l\u0259rd\u0259 Ramiz Mehdiyevin yerl\u0259\u015fdirdiyi erm\u0259ni \u0259sill\u0259r var. Bizl\u0259r is\u0259, v\u0259t\u0259ni sevdiyimiz\u0259 g\u00f6r\u0259, bu mill\u0259tin \u00f6vladlar\u0131 oldu\u011fumuza g\u00f6r\u0259, (Qaraba\u011fda m\u00fcharib\u0259 olanda, Ramiz Mehdiyevin qohum sayd\u0131\u011f\u0131 erm\u0259nil\u0259rd\u0259n f\u0259rqli olaraq) d\u00f6y\u00fc\u015f\u0259 getdiyimiz\u0259 g\u00f6r\u0259, h\u0259mi\u015f\u0259 \u0259zilmi\u015f v\u0259 ala\u00e7ald\u0131lm\u0131\u015f\u0131q.<\/p>\n\n\n\n<p>G\u00f6r\u0259s\u0259n bizim ya\u015fad\u0131\u011f\u0131m\u0131z bu torpaq t\u00fcrk torpa\u011f\u0131d\u0131r, ya erm\u0259ni torpa\u011f\u0131? \u018fg\u0259r t\u00fcrk torpa\u011f\u0131d\u0131rsa, bu q\u0259d\u0259r erm\u0259ni \u0259sillil\u0259ri niy\u0259 \u00f6z i\u00e7\u0259rimizd\u0259 bel\u0259 b\u0259sl\u0259yirik? Yox \u0259g\u0259r erm\u0259ni torpa\u011f\u0131d\u0131rsa, daha onda onun u\u011frunda m\u00fcbariz\u0259 aparma\u011f\u0131n he\u00e7 bir l\u00fczumu yoxdur. Biz veteranlar, bu sual\u0131 \u00f6z\u00fcm\u00fcz-\u00f6z\u00fcm\u00fcz\u0259 vers\u0259k d\u0259 cavab ala bilmirik. Ona g\u00f6r\u0259 cavab ala bilmirik ki, bizi idar\u0259 ed\u0259nl\u0259rin h\u0259r\u0259k\u0259tl\u0259rini ba\u015fa d\u00fc\u015fm\u00fcr\u00fck. Ax\u0131, v\u0259zif\u0259d\u0259 olan erm\u0259nil\u0259ri biz yox, d\u00f6vl\u0259t ba\u015f\u00e7\u0131s\u0131 v\u0259zif\u0259y\u0259 qoyur. Onada kiml\u0259r bu \u015f\u0259xsl\u0259ri t\u00f6vsiyy\u0259 edir, m\u0259sl\u0259h\u0259t g\u00f6r\u00fcrl\u0259rs\u0259, onlar m\u00fc\u0259yy\u0259nl\u0259\u015fdirilm\u0259lidirl\u0259r. Onda biz h\u0259r \u015feyi daha yax\u015f\u0131 g\u00f6r\u0259 bil\u0259c\u0259yik. \u0130nd is\u0259 Ramiz Mehdiyev yoxdur ki, dey\u0259k, bu \u015f\u0259xsl\u0259ri o, ir\u0259li \u00e7\u0259kibdir. Bir h\u0259qiq\u0259t odur ki, h\u0259l\u0259 d\u0259 v\u0259zif\u0259l\u0259rd\u0259 erm\u0259ni \u0259sillil\u0259r \u00e7oxluq t\u0259\u015fkil edirl\u0259r.<\/p>\n\n\n\n<p>Mill\u0259t v\u0259kili S\u0259yavu\u015f Novruzov qeyd edir ki, ona qa\u015f\u0131 q\u0259r\u0259zli h\u0259r\u0259k\u0259t ed\u0259n \u015f\u0259xsin kimliyini yoxlad\u0131qda m\u0259lum olmu\u015fdur ki, bu \u015f\u0259xsin anas\u0131 erm\u0259nidir, h\u0259tta xalas\u0131n\u0131n Az\u0259rbaycanda hakim v\u0259zif\u0259sind\u0259 i\u015fl\u0259m\u0259sini bel\u0259 \u00f6yr\u0259nmi\u015fdir. Lakin, S\u0259yavu\u015f m\u00fc\u0259llim h\u0259min \u015f\u0259xsi v\u0259 onun xalas\u0131n\u0131n kim oldu\u011funu g\u00f6st\u0259rm\u0259mi\u015fdir. G\u00f6r\u0259s\u0259n m\u0259hk\u0259m\u0259 hakimiyy\u0259tin\u0259 r\u0259hb\u0259rlik ed\u0259n \u015f\u0259xsl\u0259r hakim v\u0259zif\u0259sin\u0259 Az\u0259rbaycan xalq\u0131n\u0131n i\u00e7\u0259risind\u0259n kimis\u0259 se\u00e7\u0259 bilm\u0259zdil\u0259rmi? Yoxsa, onlara g\u00f6st\u0259ri\u015f verilmi\u015fdir ki, h\u0259min v\u0259zif\u0259y\u0259 erm\u0259ni \u0259silli \u015f\u0259xs se\u00e7ilm\u0259lidir?<\/p>\n\n\n\n<p>Erm\u0259ni r\u0259hb\u0259rl\u0259rind\u0259n birisinin dediyi s\u00f6z, h\u0259qiq\u0259t\u0259n do\u011fru s\u00f6zd\u00fcr. \u00bbBizim qad\u0131nlar sizd\u0259 xan\u0131m, sizinkil\u0259r is\u0259 bizd\u0259 k\u00f6l\u0259dir\u00bb<\/p>\n\n\n\n<p>Biz e\u015fid\u0259nd\u0259 ki, Ba\u015f Nazirin 1-ci m\u00fcavini Eyyub Yaqubov M\u00fcdafi\u0259 Nazirliyin\u0259 ayr\u0131lan pullardan \u00f6z\u00fcn\u0259 v\u0259 h\u0259yat yolda\u015f\u0131na 800 min manata di\u015f d\u00fcz\u0259ltdirib, do\u011frusu adam\u0131n inanma\u011f\u0131 g\u0259lmir. Dostum, m\u00fcharib\u0259 \u0259lili is\u0259 \u00f6z di\u015fl\u0259rini d\u00fcz\u0259ltm\u0259kd\u0259n \u00f6tr\u00fc, 300 manat pul tapa bilmir. E. Yaqubovun qarda\u015f\u0131n\u0131n q\u0131z\u0131 is\u0259 Qazax\u0131stan Respublikas\u0131nda erm\u0259ni o\u011flana \u0259r\u0259 gedir.  Y. Eyyubov is\u0259 orada Erm\u0259nistan Az\u0259rbaycan dostlu\u011fundan dan\u0131\u015f\u0131r. Orada \u00e7oxlu sayda Az\u0259rbaycandan ged\u0259n b\u00f6y\u00fck v\u0259zif\u0259l\u0259r tutan, mill\u0259ti m\u0259lum olmayan \u015f\u0259xsl\u0259r olmu\u015flar ki, onlarda erm\u0259ni, az\u0259rbaycanl\u0131 d\u00f6stlu\u011fundan, bu toylar\u0131n tez-tez olmas\u0131ndan a\u011f\u0131z dolusu dan\u0131\u015f\u0131r, \u00abXocal\u0131da\u00bb \u00f6ld\u00fcr\u00fclm\u00fc\u015f q\u0131z v\u0259 g\u0259linl\u0259ri is\u0259 tamam unudurlar. Unudurlar, ona g\u00f6r\u0259 ki, h\u0259min Xocal\u0131 soyq\u0131r\u0131m\u0131nda \u00f6l\u0259n g\u0259lin v\u0259 q\u0131zlar onlar\u0131n qohumlar\u0131, yax\u0131nlar\u0131 v\u0259 soyda\u015flar\u0131 deyill\u0259r.<\/p>\n\n\n\n<p>E\u015fitdiyim\u0259 g\u00f6r\u0259 Yaqubovun n\u0259 \u00f6z\u00fc, n\u0259 o\u011flu, n\u0259 d\u0259 bir yax\u0131n\u0131 Qaraba\u011f d\u00f6y\u00fc\u015fl\u0259rind\u0259 i\u015ftirak etm\u0259mi\u015f, h\u0259tta bel\u0259 bir fikird\u0259 d\u0259 olmam\u0131\u015fd\u0131rlar. Yaqubovun bir o\u011flu Az\u0259rbaycan\u0131n Avropa \u015euras\u0131 yan\u0131nda daimi n\u00fcmay\u0259nd\u0259si, dig\u0259r bir o\u011flu F\u0259rhad Yaqubov is\u0259 ke\u00e7mi\u015f D\u0130 naziri Ramil Usubov t\u0259r\u0259find\u0259n Bak\u0131 \u015f\u0259h\u0259r BP\u0130-n\u0259 b\u00f6y\u00fck v\u0259zif\u0259y\u0259 ir\u0259li \u00e7\u0259kilmi\u015fdir. M\u0259ni is\u0259 h\u0259min nazir he\u00e7 bir s\u0259b\u0259b olmadan 2000-ci ilin iyul ay\u0131n\u0131n 7-d\u0259 D\u0130O-dan xaric etmi\u015fdi. Vaxt\u0131 il\u0259 Xocal\u0131 polis b\u00f6lm\u0259sind\u0259 r\u0259is v\u0259zif\u0259sind\u0259 i\u015fl\u0259y\u0259n, xalq\u0131n\u0131, v\u0259t\u0259nini sev\u0259n Sabir M\u0259mm\u0259dovu is\u0259 \u015eabran RP\u015e-nin r\u0259isi v\u0259zif\u0259sind\u0259n vaxt\u0131ndan \u0259vv\u0259l \u00e7\u0131xararaq t\u0259qa\u00fcd\u0259 g\u00f6nd\u0259rmi\u015f, h\u0259tta bar\u0259sind\u0259 d\u0259f\u0259l\u0259rl\u0259 polis polkovnik-leytenant\u0131 r\u00fctb\u0259si verilm\u0259si bar\u0259d\u0259 t\u0259qdimatlar yaz\u0131lsa da, t\u0259qdimatlar\u0131 geri qaytararaq ona polkovnik-leytenant r\u00fctb\u0259si verm\u0259mi\u015f, lakin erm\u0259ni \u0259sillil\u0259r\u0259 is\u0259, h\u0259m y\u00fcks\u0259k v\u0259zif\u0259, h\u0259m d\u0259 general r\u00fctb\u0259si vermi\u015fdir.<\/p>\n\n\n\n<p>B\u0259s, onda niy\u0259 bunlar bu v\u0259zif\u0259l\u0259ri tutur, niy\u0259 bizim var-d\u00f6vl\u0259timizi talan edirl\u0259r? Kiml\u0259r bunlara bu imkan\u0131 vermi\u015fdir? H\u0259l\u0259 30-cu ill\u0259rd\u0259 m\u0259nim h\u0259m k\u0259ndlim \u015e\u0259mkir rayonunun Seyf\u0259li k\u0259ndind\u0259n olan \u018fhm\u0259d Cavad \u00abSusmaram\u00bb \u015ferind\u0259 yaz\u0131rd\u0131:<\/p>\n\n\n\n<p><strong>\u00ab Niy\u0259 susum, dan\u0131\u015fmay\u0131m,T\u00fcrk yurdudur bu torpaq,<\/strong><\/p>\n\n\n\n<p><strong>O\u011fuzlar\u0131n, Elxanlar\u0131n v\u0259t\u0259nind\u0259 kimdir, bax!<\/strong><\/p>\n\n\n\n<p><strong>M\u0259n t\u00fcrk \u00f6vlad\u0131yam, d\u0259rin a\u011fl\u0131m, z\u0259kam var,<\/strong><\/p>\n\n\n\n<p><strong>N\u0259 vaxtacan ciynimizd\u0259 g\u0259z\u0259\u00e7\u0259kdir ya\u011f\u0131lar?\u00bb<\/strong><\/p>\n\n\n\n<p>H\u0259qiq\u0259t\u0259n, n\u0259 vaxtacan \u00e7iynimizd\u0259 g\u0259z\u0259\u00e7\u0259kdir ya\u011f\u0131lar? Art\u0131q 21-ci \u0259srd\u0259 ya\u015fay\u0131r\u0131q, indi Stalin rejimi yoxdur, indi d\u00fcnya bizd\u0259n \u00f6z torpaqlarm\u0131z\u0131 azad etm\u0259yi t\u0259l\u0259b edir.Biz is\u0259 \u00f6z i\u00e7\u0259rimizd\u0259 olan erm\u0259nil\u0259ri b\u0259sl\u0259yirik, onlara y\u00fcks\u0259k v\u0259zif\u0259, genaral r\u00fctb\u0259l\u0259ri veririk.Torpa\u011f\u0131n\u0131 sev\u0259n, xalq\u0131n\u0131 sev\u0259n \u015f\u0259xsl\u0259ri is\u0259 d\u00f6vl\u0259t v\u0259zif\u0259l\u0259rind\u0259n uzaqla\u015fd\u0131r\u0131r, onlara qar\u015f\u0131 q\u0259r\u0259zli m\u00f6vqe tuturuq.<\/p>\n\n\n\n<p>\u018fziz v\u0259 h\u00f6rm\u0259tli v\u0259t\u0259n sev\u0259r veteranlar, qazil\u0259r v\u0259t\u0259nin bu g\u00fcn\u00fcnd\u0259 d\u00f6vl\u0259timizi bu b\u0259ladan yaln\u0131z Sizl\u0259r xilas ed\u0259 bil\u0259r. Ona g\u00f6r\u0259d\u0259 m\u00f6hk\u0259m olun, d\u00fc\u015fm\u0259n el\u0259d\u0259 g\u00fccs\u00fcz deyil, ona qap\u015f\u0131 m\u00fcharib\u0259 elan edilm\u0259lidir. <\/p>\n\n\n\n<p>\u0130\u00e7imizd\u0259 olan erm\u0259nil\u0259rd\u0259n hakimiyy\u0259ti t\u0259mizl\u0259s\u0259k, onda Qaraba\u011f\u0131m\u0131z\u0131 azad ed\u0259c\u0259yik.<\/p>\n","protected":false},"excerpt":{"rendered":"<p>Abbas H\u00fcseynli AVMV\u0130B Poli Veteranlar\u0131 \u015f\u00f6b\u0259sinin s\u0259dri Do\u011frusu, h\u0259rd\u0259n oturub \u00f6z-\u00f6z\u00fcm\u0259 fikirl\u0259\u015fir\u0259m ki, ay dili qafil, biz nec\u0259 bir zamanda ya\u015fay\u0131r\u0131q? V\u0259zif\u0259 k\u00fcrs\u00fcs\u00fcnd\u0259 oturanlar\u0131n<\/p>\n","protected":false},"author":2,"featured_media":0,"comment_status":"closed","ping_status":"closed","sticky":false,"template":"","format":"standard","meta":{"footnotes":""},"categories":[14],"tags":[],"class_list":["post-13873","post","type-post","status-publish","format-standard","hentry","category-kos"],"aioseo_notices":[],"_links":{"self":[{"href":"https:\/\/fedai.az\/index.php?rest_route=\/wp\/v2\/posts\/13873","targetHints":{"allow":["GET"]}}],"collection":[{"href":"https:\/\/fedai.az\/index.php?rest_route=\/wp\/v2\/posts"}],"about":[{"href":"https:\/\/fedai.az\/index.php?rest_route=\/wp\/v2\/types\/post"}],"author":[{"embeddable":true,"href":"https:\/\/fedai.az\/index.php?rest_route=\/wp\/v2\/users\/2"}],"replies":[{"embeddable":true,"href":"https:\/\/fedai.az\/index.php?rest_route=%2Fwp%2Fv2%2Fcomments&post=13873"}],"version-history":[{"count":1,"href":"https:\/\/fedai.az\/index.php?rest_route=\/wp\/v2\/posts\/13873\/revisions"}],"predecessor-version":[{"id":13875,"href":"https:\/\/fedai.az\/index.php?rest_route=\/wp\/v2\/posts\/13873\/revisions\/13875"}],"wp:attachment":[{"href":"https:\/\/fedai.az\/index.php?rest_route=%2Fwp%2Fv2%2Fmedia&parent=13873"}],"wp:term":[{"taxonomy":"category","embeddable":true,"href":"https:\/\/fedai.az\/index.php?rest_route=%2Fwp%2Fv2%2Fcategories&post=13873"},{"taxonomy":"post_tag","embeddable":true,"href":"https:\/\/fedai.az\/index.php?rest_route=%2Fwp%2Fv2%2Ftags&post=13873"}],"curies":[{"name":"wp","href":"https:\/\/api.w.org\/{rel}","templated":true}]}}