{"id":13886,"date":"2020-08-26T03:16:17","date_gmt":"2020-08-25T23:16:17","guid":{"rendered":"http:\/\/fedai.az\/?p=13886"},"modified":"2020-08-26T03:16:48","modified_gmt":"2020-08-25T23:16:48","slug":"turkiy%c9%99d%c9%99-d%c9%99rsl%c9%99r-onlayn-olacaq-q%c9%99rar","status":"publish","type":"post","link":"https:\/\/fedai.az\/?p=13886","title":{"rendered":"T\u00fcrkiy\u0259d\u0259 d\u0259rsl\u0259r onlayn olacaq &#8212; Q\u0259rar"},"content":{"rendered":"\n<p><strong>X\u0259b\u0259r verildiyi kimi, T\u00fcrkiy\u0259nin Milli T\u0259hsil naziri Ziya S\u0259lcuq, yeni t\u0259hsil ilinin 31 avqustda m\u0259saf\u0259d\u0259n (onlayn) t\u0259hsil il\u0259 a\u00e7\u0131laca\u011f\u0131n\u0131 bildirib.<\/strong><\/p>\n\n\n\n<p>O, \u00fcz-\u00fcz\u0259 t\u0259hsil\u0259 is\u0259 21 sentyabrdan etibar\u0259n m\u0259rh\u0259l\u0259li \u015f\u0259kild\u0259 ke\u00e7il\u0259c\u0259yini qeyd edib.<\/p>\n\n\n\n<p>T\u00fcrkiy\u0259nin S\u0259hiyy\u0259 naziri F\u0259xr\u0259ddin Qoca sosial media hesab\u0131ndan v\u0259t\u0259nda\u015flara s\u0259sl\u0259nib.<\/p>\n\n\n\n<p>O bildirib ki, koronavirusun g\u0259tirdiyi qaydalara \u0259m\u0259l etm\u0259k laz\u0131md\u0131r ki, t\u0259hsil \u0259n\u0259n\u0259vi qaydada b\u0259rpa edil\u0259 bilsin:<\/p>\n\n\n\n<p>\u201cU\u015faqlar\u0131m\u0131z v\u0259 g\u0259ncl\u0259rimiz yoluxma azlas\u0131n dey\u0259 canlar\u0131n\u0131 f\u0259da edirl\u0259r. Bunu cavabs\u0131z, n\u0259tic\u0259siz qoymamal\u0131y\u0131q. Ehtiyat t\u0259dbirl\u0259rin\u0259 \u0259m\u0259l etm\u0259k laz\u0131md\u0131r ki, yoluxma hallar\u0131 azals\u0131n, sentyabr\u0131n 21-d\u0259 m\u0259kt\u0259bl\u0259rd\u0259 \u00fcz-\u00fcz\u0259, \u0259n\u0259n\u0259vi t\u0259hsil b\u0259rpa edilsin. U\u015faqlar\u0131 daha t\u0259hl\u00fck\u0259siz \u015f\u0259raitl\u0259 t\u0259min etm\u0259liyik. Valideynl\u0259rimiz d\u0259 u\u015faqlar\u0131m\u0131z q\u0259d\u0259r h\u0259ssas olmal\u0131d\u0131r\u201d.<\/p>\n","protected":false},"excerpt":{"rendered":"<p>X\u0259b\u0259r verildiyi kimi, T\u00fcrkiy\u0259nin Milli T\u0259hsil naziri Ziya S\u0259lcuq, yeni t\u0259hsil ilinin 31 avqustda m\u0259saf\u0259d\u0259n (onlayn) t\u0259hsil il\u0259 a\u00e7\u0131laca\u011f\u0131n\u0131 bildirib. O, \u00fcz-\u00fcz\u0259 t\u0259hsil\u0259 is\u0259<\/p>\n","protected":false},"author":2,"featured_media":0,"comment_status":"closed","ping_status":"closed","sticky":false,"template":"","format":"standard","meta":{"footnotes":""},"categories":[8],"tags":[],"class_list":["post-13886","post","type-post","status-publish","format-standard","hentry","category-thsil"],"aioseo_notices":[],"_links":{"self":[{"href":"https:\/\/fedai.az\/index.php?rest_route=\/wp\/v2\/posts\/13886","targetHints":{"allow":["GET"]}}],"collection":[{"href":"https:\/\/fedai.az\/index.php?rest_route=\/wp\/v2\/posts"}],"about":[{"href":"https:\/\/fedai.az\/index.php?rest_route=\/wp\/v2\/types\/post"}],"author":[{"embeddable":true,"href":"https:\/\/fedai.az\/index.php?rest_route=\/wp\/v2\/users\/2"}],"replies":[{"embeddable":true,"href":"https:\/\/fedai.az\/index.php?rest_route=%2Fwp%2Fv2%2Fcomments&post=13886"}],"version-history":[{"count":1,"href":"https:\/\/fedai.az\/index.php?rest_route=\/wp\/v2\/posts\/13886\/revisions"}],"predecessor-version":[{"id":13887,"href":"https:\/\/fedai.az\/index.php?rest_route=\/wp\/v2\/posts\/13886\/revisions\/13887"}],"wp:attachment":[{"href":"https:\/\/fedai.az\/index.php?rest_route=%2Fwp%2Fv2%2Fmedia&parent=13886"}],"wp:term":[{"taxonomy":"category","embeddable":true,"href":"https:\/\/fedai.az\/index.php?rest_route=%2Fwp%2Fv2%2Fcategories&post=13886"},{"taxonomy":"post_tag","embeddable":true,"href":"https:\/\/fedai.az\/index.php?rest_route=%2Fwp%2Fv2%2Ftags&post=13886"}],"curies":[{"name":"wp","href":"https:\/\/api.w.org\/{rel}","templated":true}]}}