{"id":13888,"date":"2020-08-26T03:55:51","date_gmt":"2020-08-25T23:55:51","guid":{"rendered":"http:\/\/fedai.az\/?p=13888"},"modified":"2020-08-26T03:56:22","modified_gmt":"2020-08-25T23:56:22","slug":"avmvib-t%c9%99msilcil%c9%99ri-samaxi-rayon-icra-hakimiyy%c9%99tind%c9%99-olublar","status":"publish","type":"post","link":"https:\/\/fedai.az\/?p=13888","title":{"rendered":"AVMV\u0130B t\u0259msil\u00e7il\u0259ri \u015eamax\u0131 rayon \u0130cra Hakimiyy\u0259tind\u0259 olublar"},"content":{"rendered":"\n<p><strong>Az\u0259rbaycan V\u0259t\u0259n M\u00fcharib\u0259si Veteranlar\u0131 \u0130ctimai Birliyinin t\u0259msil\u00e7il\u0259ri bu g\u00fcn \u015eamax\u0131 rayonu \u0130cra Hakimiyy\u0259ti Ba\u015f\u00e7\u0131s\u0131n\u0131n I m\u00fcavini Hikm\u0259t \u015eikarovla g\u00f6r\u00fc\u015f\u0259r\u0259k Birliyin t\u0259sis etdiyi Xatir\u0259 medallar\u0131 il\u0259 t\u0259ltif edibl\u0259r. Rayonda veteranlar\u0131n probeml\u0259rin\u0259 daim qay\u011f\u0131yla yana\u015fan Hikm\u0259t \u015eikarov, D\u0130N t\u0259rkibind\u0259 1990-1992-ci ill\u0259rd\u0259 a\u011f\u0131r d\u00f6y\u00fc\u015f yolu ke\u00e7mi\u015f m\u00fcharib\u0259 veteran\u0131d\u0131r. <\/strong><\/p>\n\n\n\n<p>\u015eamax\u0131 rayonu \u0130cra Hakimiyy\u0259ti Ba\u015f\u00e7\u0131s\u0131n\u0131n I m\u00fcavini Hikm\u0259t \u015eikarov, c\u0259bh\u0259nin A\u011fdam, F\u00fczuli, Xocal\u0131, \u015eu\u015fa, La\u00e7\u0131n, Qubadl\u0131, Z\u0259ngilan, C\u0259bray\u0131l v\u0259 A\u011fd\u0259r\u0259 u\u011frunda ged\u0259n d\u00f6y\u00fc\u015fl\u0259rin i\u015ftirak\u00e7\u0131s\u0131 olub. M\u00fcharib\u0259 veteran\u0131 kimi H. \u015eikarov AVMV\u0130B &#8212; nin t\u0259sis etdiyi Xatir\u0259 medallar\u0131yla t\u0259ltif olunub. <\/p>\n\n\n\n<p>Bu bar\u0259d\u0259 m\u0259lumat ver\u0259n AVMV\u0130B N\u0259simi rayon \u015f\u00f6b\u0259sinin s\u0259dri, AVMV\u0130B s\u0259drinin s\u0259lahiyy\u0259tli n\u00fcmay\u0259nd\u0259si Elmar H\u00fcseynov bildirdi ki, \u00f6nc\u0259 m\u00fcharib\u0259 veteranlar\u0131na etimad g\u00f6st\u0259rdiyin\u0259 g\u00f6r\u0259, Ali Ba\u015f Komandan\u0131m\u0131z c\u0259nab \u0130lham \u018fliyev\u0259 veteranlar ad\u0131ndan \u00f6z minn\u0259tdarl\u0131\u011f\u0131mz\u0131 bildiririk. \u015eamax\u0131 rayonu \u0130cra Hakimiyy\u0259ti Ba\u015f\u00e7\u0131s\u0131n\u0131n I m\u00fcavini Hikm\u0259t \u015eikarov, rayonda veteran v\u0259 \u015f\u0259hid ail\u0259l\u0259rin\u0259 diqq\u0259t v\u0259 qay\u011f\u0131yla yana\u015fmas\u0131 onun a\u011f\u0131r d\u00f6y\u00fc\u015f yolu ke\u00e7m\u0259sini bir daha s\u00fcbut edir. Biz, AVMV\u0130B olaraq onun bu humanizmini y\u00fcks\u0259k qiym\u0259tl\u0259ndirdik. Bel\u0259 insanlarla f\u0259xr edirik.<\/p>\n\n\n\n<p>G\u00f6r\u00fc\u015fd\u0259, h\u0259m\u00e7inin AVMV\u0130B N\u0259simi rayon \u015f\u00f6b\u0259sinin s\u0259dri, AVMV\u0130B s\u0259drinin s\u0259lahiyy\u0259tli n\u00fcmay\u0259nd\u0259si Elmar H\u00fcseynov, AVMV\u0130B N\u0259simi rayon \u015f\u00f6b\u0259si s\u0259drinin m\u00fcavini \u0130lham R\u00fcst\u0259mov, AVMV\u0130B s\u0259drinin ictimaiyy\u0259tl\u0259 \u0259laq\u0259l\u0259r \u00fczr\u0259 m\u00fcavini \u0130slam S\u0259f\u0259rov v\u0259 AVMV\u0130B \u015eamax\u0131 rayon \u015f\u00f6b\u0259sinin s\u0259dri Fuad \u015e\u0259miyev i\u015ftirak edirdil\u0259r.<\/p>\n\n\n\n<p><strong>\u00c7ox minlik veteranlar ordusu ad\u0131ndan \u015eamax\u0131 rayon \u0130cra Hakimiyy\u0259ti Ba\u015f\u00e7\u0131s\u0131n\u0131n I m\u00fcavini Hikm\u0259t \u015eikarovu t\u0259brik edir v\u0259 f\u0259aliyy\u0259tind\u0259 u\u011furlar arzulay\u0131r\u0131q.<\/strong><\/p>\n\n\n\n<p><strong>AVMV\u0130B M\u0259tbuat Xidm\u0259ti<\/strong><\/p>\n\n\n\n<figure class=\"wp-block-gallery columns-1 is-cropped wp-block-gallery-1 is-layout-flex wp-block-gallery-is-layout-flex\"><ul class=\"blocks-gallery-grid\"><li class=\"blocks-gallery-item\"><figure><img loading=\"lazy\" decoding=\"async\" width=\"780\" height=\"802\" src=\"http:\/\/fedai.az\/wp-content\/uploads\/2020\/08\/118277373_302987730977966_4882549761847415295_n.jpg\" alt=\"\" data-id=\"13889\" data-link=\"http:\/\/fedai.az\/?attachment_id=13889\" class=\"wp-image-13889\" srcset=\"https:\/\/fedai.az\/wp-content\/uploads\/2020\/08\/118277373_302987730977966_4882549761847415295_n.jpg 780w, https:\/\/fedai.az\/wp-content\/uploads\/2020\/08\/118277373_302987730977966_4882549761847415295_n-292x300.jpg 292w, https:\/\/fedai.az\/wp-content\/uploads\/2020\/08\/118277373_302987730977966_4882549761847415295_n-146x150.jpg 146w, https:\/\/fedai.az\/wp-content\/uploads\/2020\/08\/118277373_302987730977966_4882549761847415295_n-768x790.jpg 768w\" sizes=\"auto, (max-width: 780px) 100vw, 780px\" \/><\/figure><\/li><\/ul><\/figure>\n\n\n\n<figure class=\"wp-block-image size-large\"><img loading=\"lazy\" decoding=\"async\" width=\"960\" height=\"611\" src=\"http:\/\/fedai.az\/wp-content\/uploads\/2020\/08\/118307720_3327736710599144_7105167070191846619_n.jpg\" alt=\"\" class=\"wp-image-13891\" srcset=\"https:\/\/fedai.az\/wp-content\/uploads\/2020\/08\/118307720_3327736710599144_7105167070191846619_n.jpg 960w, https:\/\/fedai.az\/wp-content\/uploads\/2020\/08\/118307720_3327736710599144_7105167070191846619_n-300x191.jpg 300w, https:\/\/fedai.az\/wp-content\/uploads\/2020\/08\/118307720_3327736710599144_7105167070191846619_n-150x95.jpg 150w, https:\/\/fedai.az\/wp-content\/uploads\/2020\/08\/118307720_3327736710599144_7105167070191846619_n-768x489.jpg 768w, https:\/\/fedai.az\/wp-content\/uploads\/2020\/08\/118307720_3327736710599144_7105167070191846619_n-115x73.jpg 115w\" sizes=\"auto, (max-width: 960px) 100vw, 960px\" \/><\/figure>\n","protected":false},"excerpt":{"rendered":"<p>Az\u0259rbaycan V\u0259t\u0259n M\u00fcharib\u0259si Veteranlar\u0131 \u0130ctimai Birliyinin t\u0259msil\u00e7il\u0259ri bu g\u00fcn \u015eamax\u0131 rayonu \u0130cra Hakimiyy\u0259ti Ba\u015f\u00e7\u0131s\u0131n\u0131n I m\u00fcavini Hikm\u0259t \u015eikarovla g\u00f6r\u00fc\u015f\u0259r\u0259k Birliyin t\u0259sis etdiyi Xatir\u0259 medallar\u0131<\/p>\n","protected":false},"author":2,"featured_media":13890,"comment_status":"closed","ping_status":"closed","sticky":false,"template":"","format":"standard","meta":{"footnotes":""},"categories":[5],"tags":[],"class_list":["post-13888","post","type-post","status-publish","format-standard","has-post-thumbnail","hentry","category-veteran"],"aioseo_notices":[],"_links":{"self":[{"href":"https:\/\/fedai.az\/index.php?rest_route=\/wp\/v2\/posts\/13888","targetHints":{"allow":["GET"]}}],"collection":[{"href":"https:\/\/fedai.az\/index.php?rest_route=\/wp\/v2\/posts"}],"about":[{"href":"https:\/\/fedai.az\/index.php?rest_route=\/wp\/v2\/types\/post"}],"author":[{"embeddable":true,"href":"https:\/\/fedai.az\/index.php?rest_route=\/wp\/v2\/users\/2"}],"replies":[{"embeddable":true,"href":"https:\/\/fedai.az\/index.php?rest_route=%2Fwp%2Fv2%2Fcomments&post=13888"}],"version-history":[{"count":1,"href":"https:\/\/fedai.az\/index.php?rest_route=\/wp\/v2\/posts\/13888\/revisions"}],"predecessor-version":[{"id":13892,"href":"https:\/\/fedai.az\/index.php?rest_route=\/wp\/v2\/posts\/13888\/revisions\/13892"}],"wp:featuredmedia":[{"embeddable":true,"href":"https:\/\/fedai.az\/index.php?rest_route=\/wp\/v2\/media\/13890"}],"wp:attachment":[{"href":"https:\/\/fedai.az\/index.php?rest_route=%2Fwp%2Fv2%2Fmedia&parent=13888"}],"wp:term":[{"taxonomy":"category","embeddable":true,"href":"https:\/\/fedai.az\/index.php?rest_route=%2Fwp%2Fv2%2Fcategories&post=13888"},{"taxonomy":"post_tag","embeddable":true,"href":"https:\/\/fedai.az\/index.php?rest_route=%2Fwp%2Fv2%2Ftags&post=13888"}],"curies":[{"name":"wp","href":"https:\/\/api.w.org\/{rel}","templated":true}]}}