{"id":13905,"date":"2020-08-26T19:28:37","date_gmt":"2020-08-26T15:28:37","guid":{"rendered":"http:\/\/fedai.az\/?p=13905"},"modified":"2020-08-26T19:29:24","modified_gmt":"2020-08-26T15:29:24","slug":"tutulan-erm%c9%99ni-komandir-danisdi-isgal-altindaki-az%c9%99rbaycan-torpaqlarinda-xidm%c9%99t-etm%c9%99k-ist%c9%99m%c9%99mis%c9%99m-video","status":"publish","type":"post","link":"https:\/\/fedai.az\/?p=13905","title":{"rendered":"Tutulan erm\u0259ni komandir dan\u0131\u015fd\u0131: \u201c\u0130\u015f\u011fal alt\u0131ndak\u0131 Az\u0259rbaycan torpaqlar\u0131nda xidm\u0259t etm\u0259k ist\u0259m\u0259mi\u015f\u0259m\u201d &#8212; V\u0130DEO"},"content":{"rendered":"\n<p><strong>X\u0259b\u0259r verdiyimiz kimi, avqustun 23-d\u0259 saat 05:45 rad\u0259l\u0259rind\u0259 c\u0259bh\u0259nin Goranboy rayonu istiqam\u0259tind\u0259 Erm\u0259nistan silahl\u0131 q\u00fcvv\u0259l\u0259rinin diversiya-k\u0259\u015ffiyyat qrupu t\u0259xribat t\u00f6r\u0259tm\u0259y\u0259 c\u0259hd g\u00f6st\u0259rib.<\/strong><\/p>\n\n\n\n<p>C\u0259bh\u0259nin bu istiqam\u0259td\u0259 yerl\u0259\u015f\u0259n Az\u0259rbaycan Ordusunun b\u00f6lm\u0259l\u0259ri t\u0259r\u0259find\u0259n g\u00f6r\u00fcl\u0259n q\u0259ti t\u0259dbirl\u0259r n\u0259tic\u0259sind\u0259 d\u00fc\u015fm\u0259n itki ver\u0259r\u0259k geri \u00e7\u0259kilm\u0259y\u0259 m\u0259cbur edilib.<\/p>\n\n\n\n<p>D\u00f6y\u00fc\u015f zaman\u0131 erm\u0259ni diversiya qrupunun komandiri, ba\u015f leytenant Qurgen Alaverdyan yaxalan\u0131b.(Oxu.az)<\/p>\n\n\n\n<figure class=\"wp-block-embed-youtube wp-block-embed is-type-video is-provider-youtube wp-embed-aspect-16-9 wp-has-aspect-ratio\"><div class=\"wp-block-embed__wrapper\">\n<iframe loading=\"lazy\" title=\"\u018fsir g\u00f6t\u00fcr\u00fcl\u0259n erm\u0259ni komandir h\u0259r \u015feyi etiraf etdi\" width=\"715\" height=\"402\" src=\"https:\/\/www.youtube.com\/embed\/w9ei3avoZqY?feature=oembed\" frameborder=\"0\" allow=\"accelerometer; autoplay; encrypted-media; gyroscope; picture-in-picture\" allowfullscreen><\/iframe>\n<\/div><\/figure>\n","protected":false},"excerpt":{"rendered":"<p>X\u0259b\u0259r verdiyimiz kimi, avqustun 23-d\u0259 saat 05:45 rad\u0259l\u0259rind\u0259 c\u0259bh\u0259nin Goranboy rayonu istiqam\u0259tind\u0259 Erm\u0259nistan silahl\u0131 q\u00fcvv\u0259l\u0259rinin diversiya-k\u0259\u015ffiyyat qrupu t\u0259xribat t\u00f6r\u0259tm\u0259y\u0259 c\u0259hd g\u00f6st\u0259rib. C\u0259bh\u0259nin bu istiqam\u0259td\u0259<\/p>\n","protected":false},"author":2,"featured_media":0,"comment_status":"closed","ping_status":"closed","sticky":false,"template":"","format":"standard","meta":{"footnotes":""},"categories":[4],"tags":[],"class_list":["post-13905","post","type-post","status-publish","format-standard","hentry","category-qarabag"],"aioseo_notices":[],"_links":{"self":[{"href":"https:\/\/fedai.az\/index.php?rest_route=\/wp\/v2\/posts\/13905","targetHints":{"allow":["GET"]}}],"collection":[{"href":"https:\/\/fedai.az\/index.php?rest_route=\/wp\/v2\/posts"}],"about":[{"href":"https:\/\/fedai.az\/index.php?rest_route=\/wp\/v2\/types\/post"}],"author":[{"embeddable":true,"href":"https:\/\/fedai.az\/index.php?rest_route=\/wp\/v2\/users\/2"}],"replies":[{"embeddable":true,"href":"https:\/\/fedai.az\/index.php?rest_route=%2Fwp%2Fv2%2Fcomments&post=13905"}],"version-history":[{"count":2,"href":"https:\/\/fedai.az\/index.php?rest_route=\/wp\/v2\/posts\/13905\/revisions"}],"predecessor-version":[{"id":13908,"href":"https:\/\/fedai.az\/index.php?rest_route=\/wp\/v2\/posts\/13905\/revisions\/13908"}],"wp:attachment":[{"href":"https:\/\/fedai.az\/index.php?rest_route=%2Fwp%2Fv2%2Fmedia&parent=13905"}],"wp:term":[{"taxonomy":"category","embeddable":true,"href":"https:\/\/fedai.az\/index.php?rest_route=%2Fwp%2Fv2%2Fcategories&post=13905"},{"taxonomy":"post_tag","embeddable":true,"href":"https:\/\/fedai.az\/index.php?rest_route=%2Fwp%2Fv2%2Ftags&post=13905"}],"curies":[{"name":"wp","href":"https:\/\/api.w.org\/{rel}","templated":true}]}}