{"id":13909,"date":"2020-08-26T19:35:51","date_gmt":"2020-08-26T15:35:51","guid":{"rendered":"http:\/\/fedai.az\/?p=13909"},"modified":"2020-08-26T19:35:53","modified_gmt":"2020-08-26T15:35:53","slug":"prezident-v%c9%99-xanimi-yataqxana-binasinin-acilisinda-foto","status":"publish","type":"post","link":"https:\/\/fedai.az\/?p=13909","title":{"rendered":"Prezident v\u0259 xan\u0131m\u0131 yataqxana binas\u0131n\u0131n a\u00e7\u0131l\u0131\u015f\u0131nda &#8212; FOTO"},"content":{"rendered":"\n<p><em><strong>Prezident&nbsp;\u0130lham \u018fliyev v\u0259 Birinci vitse-prezident&nbsp;Mehriban \u018fliyeva avqustun 26-da Bak\u0131n\u0131n X\u0259z\u0259r rayonunun Buzovna q\u0259s\u0259b\u0259sind\u0259 yenid\u0259n qurulan 99 m\u0259nzild\u0259n ibar\u0259t yeddim\u0259rt\u0259b\u0259li yataqxana binas\u0131n\u0131n a\u00e7\u0131l\u0131\u015f\u0131nda i\u015ftirak edibl\u0259r.<\/strong><\/em><\/p>\n\n\n\n<p><em>\u00a0<\/em>Fedai.az x\u0259b\u0259r verir ki, Prezident \u0130lham \u018fliyev\u0259 v\u0259 Birinci vitse-prezident\u0259 Mehriban \u018fliyevaya yataqxana binas\u0131 bar\u0259d\u0259 m\u0259lumat verilib.<\/p>\n\n\n\n<p>Bildirilib ki, binadak\u0131 m\u0259nzill\u0259r 1, 2 v\u0259 3 otaql\u0131d\u0131r. Yeni yataqxana binas\u0131 \u201cAz\u0259riqaz\u201d QSC-nin \u201cBakqazma\u015f\u201d zavodunun q\u0259zal\u0131 v\u0259ziyy\u0259td\u0259 olan be\u015fm\u0259rt\u0259b\u0259li yataqxanas\u0131n\u0131n yerind\u0259 in\u015fa edilib.<\/p>\n\n\n\n<p>Heyd\u0259r \u018fliyev Fondunun layih\u0259si \u00e7\u0259r\u00e7iv\u0259sind\u0259 tikil\u0259n binada m\u0259nzill\u0259r tam t\u0259mirlidir v\u0259 z\u0259ruri avadanl\u0131qla t\u0259chiz olunub.<\/p>\n\n\n\n<figure class=\"wp-block-gallery columns-2 is-cropped wp-block-gallery-1 is-layout-flex wp-block-gallery-is-layout-flex\"><ul class=\"blocks-gallery-grid\"><li class=\"blocks-gallery-item\"><figure><img decoding=\"async\" src=\"http:\/\/fedai.az\/wp-content\/uploads\/2020\/08\/d1-2.jpg\" alt=\"\" data-id=\"13910\" data-link=\"http:\/\/fedai.az\/?attachment_id=13910\" class=\"wp-image-13910\"\/><\/figure><\/li><li class=\"blocks-gallery-item\"><figure><img loading=\"lazy\" decoding=\"async\" width=\"850\" height=\"600\" src=\"http:\/\/fedai.az\/wp-content\/uploads\/2020\/08\/1-16.jpg\" alt=\"\" data-id=\"13911\" data-full-url=\"http:\/\/fedai.az\/wp-content\/uploads\/2020\/08\/1-16.jpg\" data-link=\"http:\/\/fedai.az\/?attachment_id=13911\" class=\"wp-image-13911\" srcset=\"https:\/\/fedai.az\/wp-content\/uploads\/2020\/08\/1-16.jpg 850w, https:\/\/fedai.az\/wp-content\/uploads\/2020\/08\/1-16-300x212.jpg 300w, https:\/\/fedai.az\/wp-content\/uploads\/2020\/08\/1-16-150x106.jpg 150w, https:\/\/fedai.az\/wp-content\/uploads\/2020\/08\/1-16-768x542.jpg 768w\" sizes=\"auto, (max-width: 850px) 100vw, 850px\" \/><\/figure><\/li><\/ul><\/figure>\n","protected":false},"excerpt":{"rendered":"<p>Prezident&nbsp;\u0130lham \u018fliyev v\u0259 Birinci vitse-prezident&nbsp;Mehriban \u018fliyeva avqustun 26-da Bak\u0131n\u0131n X\u0259z\u0259r rayonunun Buzovna q\u0259s\u0259b\u0259sind\u0259 yenid\u0259n qurulan 99 m\u0259nzild\u0259n ibar\u0259t yeddim\u0259rt\u0259b\u0259li yataqxana binas\u0131n\u0131n a\u00e7\u0131l\u0131\u015f\u0131nda i\u015ftirak edibl\u0259r.<\/p>\n","protected":false},"author":2,"featured_media":0,"comment_status":"closed","ping_status":"closed","sticky":false,"template":"","format":"standard","meta":{"footnotes":""},"categories":[12],"tags":[],"class_list":["post-13909","post","type-post","status-publish","format-standard","hentry","category-sosial"],"aioseo_notices":[],"_links":{"self":[{"href":"https:\/\/fedai.az\/index.php?rest_route=\/wp\/v2\/posts\/13909","targetHints":{"allow":["GET"]}}],"collection":[{"href":"https:\/\/fedai.az\/index.php?rest_route=\/wp\/v2\/posts"}],"about":[{"href":"https:\/\/fedai.az\/index.php?rest_route=\/wp\/v2\/types\/post"}],"author":[{"embeddable":true,"href":"https:\/\/fedai.az\/index.php?rest_route=\/wp\/v2\/users\/2"}],"replies":[{"embeddable":true,"href":"https:\/\/fedai.az\/index.php?rest_route=%2Fwp%2Fv2%2Fcomments&post=13909"}],"version-history":[{"count":1,"href":"https:\/\/fedai.az\/index.php?rest_route=\/wp\/v2\/posts\/13909\/revisions"}],"predecessor-version":[{"id":13913,"href":"https:\/\/fedai.az\/index.php?rest_route=\/wp\/v2\/posts\/13909\/revisions\/13913"}],"wp:attachment":[{"href":"https:\/\/fedai.az\/index.php?rest_route=%2Fwp%2Fv2%2Fmedia&parent=13909"}],"wp:term":[{"taxonomy":"category","embeddable":true,"href":"https:\/\/fedai.az\/index.php?rest_route=%2Fwp%2Fv2%2Fcategories&post=13909"},{"taxonomy":"post_tag","embeddable":true,"href":"https:\/\/fedai.az\/index.php?rest_route=%2Fwp%2Fv2%2Ftags&post=13909"}],"curies":[{"name":"wp","href":"https:\/\/api.w.org\/{rel}","templated":true}]}}