{"id":13919,"date":"2020-08-26T21:57:43","date_gmt":"2020-08-26T17:57:43","guid":{"rendered":"http:\/\/fedai.az\/?p=13919"},"modified":"2020-08-26T21:57:44","modified_gmt":"2020-08-26T17:57:44","slug":"putin-mehriban-%c9%99liyevaya-t%c9%99brik-m%c9%99ktubu-gond%c9%99rib","status":"publish","type":"post","link":"https:\/\/fedai.az\/?p=13919","title":{"rendered":"Putin Mehriban \u018fliyevaya t\u0259brik m\u0259ktubu g\u00f6nd\u0259rib"},"content":{"rendered":"\n<p><strong>Rusiya Federasiyas\u0131n\u0131n Prezidenti Vladimir Putin Az\u0259rbaycan Respublikas\u0131n\u0131n Birinci vitse-prezidenti xan\u0131m Mehriban \u018fliyevaya t\u0259brik m\u0259ktubu g\u00f6nd\u0259rib.<\/strong><\/p>\n\n\n\n<p><strong>M\u0259ktubda deyilir:<\/strong><\/p>\n\n\n\n<p><strong>&#171;H\u00f6rm\u0259tli Mehriban Arif q\u0131z\u0131,<\/strong><\/p>\n\n\n\n<p>Ad g\u00fcn\u00fcn\u00fcz m\u00fcnasib\u0259til\u0259 \u0259n s\u0259mimi t\u0259brikl\u0259rimi q\u0259bul edin.<\/p>\n\n\n\n<p>Siz Rusiyan\u0131n \u0259sl dostu kimi \u00f6lk\u0259l\u0259rimiz aras\u0131nda strateji t\u0259r\u0259fda\u015fl\u0131q m\u00fcnasib\u0259tl\u0259rinin m\u00f6hk\u0259ml\u0259ndirilm\u0259sin\u0259 \u0259h\u0259miyy\u0259tli t\u00f6hf\u0259 verirsiniz. \u018fmin\u0259m ki, bu m\u00fcnasib\u0259tl\u0259r bundan sonra da Rusiya v\u0259 Az\u0259rbaycan xalqlar\u0131n\u0131n rifah\u0131 namin\u0259 b\u00fct\u00fcn sah\u0259l\u0259rd\u0259 s\u0259m\u0259r\u0259li inki\u015faf ed\u0259c\u0259k.<\/p>\n\n\n\n<p>H\u00f6rm\u0259tli Mehriban Arif q\u0131z\u0131, Siz\u0259 s\u0259mimi q\u0259lbd\u0259n m\u00f6hk\u0259m cansa\u011fl\u0131\u011f\u0131, firavanl\u0131q v\u0259 d\u00f6vl\u0259ti f\u0259aliyy\u0259tinizd\u0259 u\u011furlar arzulay\u0131ram. Ail\u0259niz\u0259 m\u0259nim s\u0259mimi salamlar\u0131m\u0131 \u00e7atd\u0131rma\u011f\u0131n\u0131z\u0131 xahi\u015f edir\u0259m&#187;.<\/p>\n","protected":false},"excerpt":{"rendered":"<p>Rusiya Federasiyas\u0131n\u0131n Prezidenti Vladimir Putin Az\u0259rbaycan Respublikas\u0131n\u0131n Birinci vitse-prezidenti xan\u0131m Mehriban \u018fliyevaya t\u0259brik m\u0259ktubu g\u00f6nd\u0259rib. M\u0259ktubda deyilir: &#171;H\u00f6rm\u0259tli Mehriban Arif q\u0131z\u0131, Ad g\u00fcn\u00fcn\u00fcz m\u00fcnasib\u0259til\u0259<\/p>\n","protected":false},"author":2,"featured_media":0,"comment_status":"closed","ping_status":"closed","sticky":false,"template":"","format":"standard","meta":{"footnotes":""},"categories":[3],"tags":[],"class_list":["post-13919","post","type-post","status-publish","format-standard","hentry","category-gundm"],"aioseo_notices":[],"_links":{"self":[{"href":"https:\/\/fedai.az\/index.php?rest_route=\/wp\/v2\/posts\/13919","targetHints":{"allow":["GET"]}}],"collection":[{"href":"https:\/\/fedai.az\/index.php?rest_route=\/wp\/v2\/posts"}],"about":[{"href":"https:\/\/fedai.az\/index.php?rest_route=\/wp\/v2\/types\/post"}],"author":[{"embeddable":true,"href":"https:\/\/fedai.az\/index.php?rest_route=\/wp\/v2\/users\/2"}],"replies":[{"embeddable":true,"href":"https:\/\/fedai.az\/index.php?rest_route=%2Fwp%2Fv2%2Fcomments&post=13919"}],"version-history":[{"count":1,"href":"https:\/\/fedai.az\/index.php?rest_route=\/wp\/v2\/posts\/13919\/revisions"}],"predecessor-version":[{"id":13921,"href":"https:\/\/fedai.az\/index.php?rest_route=\/wp\/v2\/posts\/13919\/revisions\/13921"}],"wp:attachment":[{"href":"https:\/\/fedai.az\/index.php?rest_route=%2Fwp%2Fv2%2Fmedia&parent=13919"}],"wp:term":[{"taxonomy":"category","embeddable":true,"href":"https:\/\/fedai.az\/index.php?rest_route=%2Fwp%2Fv2%2Fcategories&post=13919"},{"taxonomy":"post_tag","embeddable":true,"href":"https:\/\/fedai.az\/index.php?rest_route=%2Fwp%2Fv2%2Ftags&post=13919"}],"curies":[{"name":"wp","href":"https:\/\/api.w.org\/{rel}","templated":true}]}}