{"id":13927,"date":"2020-08-27T00:17:24","date_gmt":"2020-08-26T20:17:24","guid":{"rendered":"http:\/\/fedai.az\/?p=13927"},"modified":"2020-08-27T00:24:52","modified_gmt":"2020-08-26T20:24:52","slug":"lavrov-qarabagla-bagli-ciddi-baza-hazirlanib","status":"publish","type":"post","link":"https:\/\/fedai.az\/?p=13927","title":{"rendered":"LAVROV: &#171;QARABA\u011eLA BA\u011eLI C\u0130DD\u0130 BAZA HAZIRLANIB&#187;"},"content":{"rendered":"\n<p><strong>\u201cDa\u011fl\u0131q Qaraba\u011f m\u00fcnaqi\u015f\u0259sinin nizamlanmas\u0131 \u00fc\u00e7\u00fcn bundan sonrak\u0131 s\u0259yl\u0259r \u00fc\u00e7\u00fcn baza qal\u0131rm\u0131, bu s\u0259yl\u0259rin s\u0259m\u0259r\u0259liliyini nec\u0259 art\u0131rmaq olar? Bildirm\u0259k ist\u0259yir\u0259m ki, m\u00fcnaqi\u015f\u0259nin nizamlanmas\u0131na dair baza kifay\u0259t q\u0259d\u0259r ciddi \u015f\u0259kild\u0259 haz\u0131rlan\u0131b v\u0259 bu bazan\u0131 itirm\u0259k \u00e7ox ac\u0131nacaql\u0131 olard\u0131\u201d.<\/strong><\/p>\n\n\n\n<p>Bunu Rusiya xarici i\u015fl\u0259r naziri Sergey Lavrov az\u0259rbaycanl\u0131 h\u0259mkar\u0131 Ceyhun Bayramovla dan\u0131\u015f\u0131qlar\u0131n yekunlar\u0131na dair m\u0259tbuat konfrans\u0131nda deyib.<\/p>\n\n\n\n<p>Rusiyal\u0131 naziri bu bazan\u0131 itirm\u0259k c\u0259hdl\u0259rinin oldu\u011funu da bildirib:<strong>&nbsp;<\/strong><\/p>\n\n\n\n<p><strong>\u201cT\u0259\u0259ss\u00fcf ki, biz bel\u0259 c\u0259hdl\u0259r g\u00f6rm\u00fc\u015f\u00fck. O c\u00fcml\u0259d\u0259n dan\u0131\u015f\u0131qlar\u0131n t\u0259rkibinin d\u0259yi\u015fdirilm\u0259si c\u0259hdl\u0259ri d\u0259 bura daxildir. Hans\u0131 ki, h\u0259ms\u0259drl\u0259r t\u0259r\u0259find\u0259n q\u0259buledilm\u0259zdir v\u0259 biz bu bar\u0259d\u0259 a\u00e7\u0131q b\u0259yan etmi\u015fik\u201d<\/strong>.<\/p>\n\n\n\n<p>Bundan \u0259lav\u0259, Az\u0259rbaycan Respublikas\u0131 Xarici \u0130\u015fl\u0259r Nazirliyinin r\u0259hb\u0259rinin Rusiya Federasiyas\u0131 Ba\u015f nazirinin m\u00fcavini Aleksey Over\u00e7uk v\u0259 Rusiya Federasiyas\u0131 Federal M\u0259clisi Federasiya \u015euras\u0131 s\u0259drinin m\u00fcavini \u0130lyas Umaxanovla g\u00f6r\u00fc\u015fl\u0259ri planla\u015fd\u0131r\u0131lm\u0131\u015fd\u0131.<\/p>\n\n\n\n<figure class=\"wp-block-embed-youtube wp-block-embed is-type-video is-provider-youtube wp-embed-aspect-16-9 wp-has-aspect-ratio\"><div class=\"wp-block-embed__wrapper\">\n<iframe loading=\"lazy\" title=\"\u0414\u0436\u0435\u0439\u0445\u0443\u043d \u0411\u0430\u0439\u0440\u0430\u043c\u043e\u0432 \u0438 \u0421\u0435\u0440\u0433\u0435\u0439 \u041b\u0430\u0432\u0440\u043e\u0432 \u043f\u0440\u043e\u0432\u0435\u043b\u0438 \u043f\u0435\u0440\u0435\u0433\u043e\u0432\u043e\u0440\u044b\" width=\"715\" height=\"402\" src=\"https:\/\/www.youtube.com\/embed\/P6LOvOCtbcM?feature=oembed\" frameborder=\"0\" allow=\"accelerometer; autoplay; encrypted-media; gyroscope; picture-in-picture\" allowfullscreen><\/iframe>\n<\/div><\/figure>\n","protected":false},"excerpt":{"rendered":"<p>\u201cDa\u011fl\u0131q Qaraba\u011f m\u00fcnaqi\u015f\u0259sinin nizamlanmas\u0131 \u00fc\u00e7\u00fcn bundan sonrak\u0131 s\u0259yl\u0259r \u00fc\u00e7\u00fcn baza qal\u0131rm\u0131, bu s\u0259yl\u0259rin s\u0259m\u0259r\u0259liliyini nec\u0259 art\u0131rmaq olar? Bildirm\u0259k ist\u0259yir\u0259m ki, m\u00fcnaqi\u015f\u0259nin nizamlanmas\u0131na dair baza<\/p>\n","protected":false},"author":2,"featured_media":0,"comment_status":"closed","ping_status":"closed","sticky":false,"template":"","format":"standard","meta":{"footnotes":""},"categories":[1],"tags":[],"class_list":["post-13927","post","type-post","status-publish","format-standard","hentry","category-siyast"],"aioseo_notices":[],"_links":{"self":[{"href":"https:\/\/fedai.az\/index.php?rest_route=\/wp\/v2\/posts\/13927","targetHints":{"allow":["GET"]}}],"collection":[{"href":"https:\/\/fedai.az\/index.php?rest_route=\/wp\/v2\/posts"}],"about":[{"href":"https:\/\/fedai.az\/index.php?rest_route=\/wp\/v2\/types\/post"}],"author":[{"embeddable":true,"href":"https:\/\/fedai.az\/index.php?rest_route=\/wp\/v2\/users\/2"}],"replies":[{"embeddable":true,"href":"https:\/\/fedai.az\/index.php?rest_route=%2Fwp%2Fv2%2Fcomments&post=13927"}],"version-history":[{"count":3,"href":"https:\/\/fedai.az\/index.php?rest_route=\/wp\/v2\/posts\/13927\/revisions"}],"predecessor-version":[{"id":13932,"href":"https:\/\/fedai.az\/index.php?rest_route=\/wp\/v2\/posts\/13927\/revisions\/13932"}],"wp:attachment":[{"href":"https:\/\/fedai.az\/index.php?rest_route=%2Fwp%2Fv2%2Fmedia&parent=13927"}],"wp:term":[{"taxonomy":"category","embeddable":true,"href":"https:\/\/fedai.az\/index.php?rest_route=%2Fwp%2Fv2%2Fcategories&post=13927"},{"taxonomy":"post_tag","embeddable":true,"href":"https:\/\/fedai.az\/index.php?rest_route=%2Fwp%2Fv2%2Ftags&post=13927"}],"curies":[{"name":"wp","href":"https:\/\/api.w.org\/{rel}","templated":true}]}}